{"id":81420,"date":"2025-11-07T21:53:28","date_gmt":"2025-11-07T21:53:28","guid":{"rendered":"https:\/\/www.europesays.com\/no\/81420\/"},"modified":"2025-11-07T21:53:28","modified_gmt":"2025-11-07T21:53:28","slug":"jaerbanen-go-ahead-forsinkelser-pa-jaerbanen-feilen-er-midlertidig-utbedret","status":"publish","type":"post","link":"https:\/\/www.europesays.com\/no\/81420\/","title":{"rendered":"J\u00e6rbanen, Go-Ahead | Forsinkelser p\u00e5 J\u00e6rbanen: \u2013 Feilen er midlertidig utbedret"},"content":{"rendered":"\n<p>Det har v\u00e6rt forsinkelser og innstillinger p\u00e5 J\u00e6rbanen torsdag morgen og formiddag. P\u00e5 skjermene langs banen stod det tidlig torsdag morgen at forsinkelsene skyldes signalfeil mellom Ogna og Brusand. <\/p>\n<p>\u2013 Dette tar tid, st\u00e5r det der.<\/p>\n<p>Klokka 11:30 opplyser pressevakt Anna Langhammer i Bane Nor til J\u00e6rbladet at feilen er midlertidig rettet, og at tog n\u00e5 kan kj\u00f8re p\u00e5 strekningen mellom Ogna og Brusand. <\/p>\n<p>\u2013 Folkene v\u00e5re er fortsatt ute og jobber med en permanent l\u00f8sning. Vi beklager ulempene som feilen har f\u00f8rt til for de reisende, sier pressevakten.<\/p>\n<p>\u2013 Ikke samme feil som i g\u00e5r<\/p>\n<p>Ved 11:30-tiden var det fortsatt flere store forsinkelser flere steder langs linja. Ved 13-tiden s\u00e5 det litt bedre ut, men flere tog var fortsatt mellom fem og ti minutter forsinket da. N\u00e6rmere klokka 14 s\u00e5 det ut som om togene var i rute igjen.<\/p>\n<p>Pressevakt Langhammer har ikke et konkret svar p\u00e5 hva dagens feil har best\u00e5tt i, men lover at hun skal sjekke dette med fagfolkene. J\u00e6rbladet har f\u00e5tt innspill om at det ogs\u00e5 i g\u00e5r var ein feil i samme omr\u00e5de som f\u00f8rte til forsinkelser for de reisende, og spurte tidligere torsdag morgen Bane Nor om det er snakk samme feil i dag.<\/p>\n<p>\u2013 Jeg har f\u00e5tt bekreftet at det ikke er samme feil i dag som i g\u00e5r, men forel\u00f8pig sitter jeg ikke p\u00e5 mer detaljert informasjon. Fagfolkene v\u00e5re jobber n\u00e5 for fullt for \u00e5 f\u00e5 i gang normal trafikk igjen, sier pressekontakt Langhammer.<\/p>\n<p>Innstilte tog<\/p>\n<p>Informasjon fra stasjonsskjermene, som du kan se <a href=\"https:\/\/www.jbl.no\/gar-toget\/f\/5-103-1107878\" rel=\"Follow nofollow noopener\" target=\"_blank\">i denne lenka<\/a>, viser at toget som skulle g\u00e5tt s\u00f8rover fra Brusand mot Egersund klokka 06:10, ble innstilt. Det var ved 08-tiden store forsinkelser i begge retninger lengst s\u00f8r p\u00e5 J\u00e6rbanen.<\/p>\n<p>Toget som skulle g\u00e5 nordover fra Egersund klokka 09:16, med ankomst Vigrestad 09:41, ble innstilt p\u00e5 grunn av &laquo;feil i sporet&raquo;, if\u00f8lge Go-Aheads trafikkmeldingsside. <\/p>\n<p>\u2013 Vi jobber med \u00e5 skaffe alternativ transport, het det der torsdag morgen.<\/p>\n<p>Fra Vigrestad og nordover skal togavgangen g\u00e5 som vanlig.<\/p>\n<p>Problemene s\u00f8r p\u00e5 J\u00e6rbanen skapte ogs\u00e5 problemer med forsinkelser lenger nord, og noen avganger p\u00e5 pendelen mellom Skeiane i Sandnes og Stavanger ble innstilt \u2013 trolig for \u00e5 f\u00e5 tog i trafikk lenger s\u00f8r p\u00e5 banen. <\/p>\n<p>Toget som skulle ha g\u00e5tt nordover mot Stavanger fra Bryne klokka 07:59, sto litt f\u00f8r klokka \u00e5tte oppf\u00f8rt med forventet avgangstid klokka 08:26. En sjekk en dr\u00f8y halvtime senere, viste trafikkappen en ny forventet avgangstid klokka 08:45.<\/p>\n<p>Toget som skulle g\u00e5 nordover fra Bryne litt f\u00f8r klokka 9, l\u00e5 et kvarter f\u00f8r oppsatt avgangstid inne med en halvtimes forsinkelse i trafikkappen N\u00e5, som viser togtrafikken i sanntid.<\/p>\n<p><a href=\"https:\/\/www.jbl.no\/gar-toget\/f\/5-103-1107878\" rel=\"Follow nofollow noopener\" target=\"_blank\">Se status for alle stasjonene langs J\u00e6rbanen her<\/a><\/p>\n<p>Bane Nor har ikke lagt ut noen informasjon om hva som skjer p\u00e5 sine nettsider. Bane Nor hevet tidligere i \u00e5r terskelen for \u00e5 dele slike meldinger p\u00e5 nettsiden sin for \u00e5 \u00abredusere st\u00f8y\u00bb.<\/p>\n","protected":false},"excerpt":{"rendered":"Det har v\u00e6rt forsinkelser og innstillinger p\u00e5 J\u00e6rbanen torsdag morgen og formiddag. P\u00e5 skjermene langs banen stod det&hellip;\n","protected":false},"author":2,"featured_media":7544,"comment_status":"","ping_status":"","sticky":false,"template":"","format":"standard","meta":{"footnotes":""},"categories":[10],"tags":[36,20,21,24,25,10122,15,11027,22,23,13,30,28,29,14,16,1510,26,27,224],"class_list":{"0":"post-81420","1":"post","2":"type-post","3":"status-publish","4":"format-standard","5":"has-post-thumbnail","7":"category-norge","8":"tag-art","9":"tag-breaking-news","10":"tag-breakingnews","11":"tag-featured-news","12":"tag-featurednews","13":"tag-go-ahead","14":"tag-headlines","15":"tag-jaerbanen","16":"tag-latest-news","17":"tag-latestnews","18":"tag-news","19":"tag-no","20":"tag-norge","21":"tag-norway","22":"tag-nyheter","23":"tag-overskrifter","24":"tag-story","25":"tag-top-stories","26":"tag-topstories","27":"tag-trafikk"},"share_on_mastodon":{"url":"https:\/\/pubeurope.com\/@no\/115510641236474693","error":""},"_links":{"self":[{"href":"https:\/\/www.europesays.com\/no\/wp-json\/wp\/v2\/posts\/81420","targetHints":{"allow":["GET"]}}],"collection":[{"href":"https:\/\/www.europesays.com\/no\/wp-json\/wp\/v2\/posts"}],"about":[{"href":"https:\/\/www.europesays.com\/no\/wp-json\/wp\/v2\/types\/post"}],"author":[{"embeddable":true,"href":"https:\/\/www.europesays.com\/no\/wp-json\/wp\/v2\/users\/2"}],"replies":[{"embeddable":true,"href":"https:\/\/www.europesays.com\/no\/wp-json\/wp\/v2\/comments?post=81420"}],"version-history":[{"count":0,"href":"https:\/\/www.europesays.com\/no\/wp-json\/wp\/v2\/posts\/81420\/revisions"}],"wp:featuredmedia":[{"embeddable":true,"href":"https:\/\/www.europesays.com\/no\/wp-json\/wp\/v2\/media\/7544"}],"wp:attachment":[{"href":"https:\/\/www.europesays.com\/no\/wp-json\/wp\/v2\/media?parent=81420"}],"wp:term":[{"taxonomy":"category","embeddable":true,"href":"https:\/\/www.europesays.com\/no\/wp-json\/wp\/v2\/categories?post=81420"},{"taxonomy":"post_tag","embeddable":true,"href":"https:\/\/www.europesays.com\/no\/wp-json\/wp\/v2\/tags?post=81420"}],"curies":[{"name":"wp","href":"https:\/\/api.w.org\/{rel}","templated":true}]}}