{"id":81427,"date":"2025-11-07T22:00:13","date_gmt":"2025-11-07T22:00:13","guid":{"rendered":"https:\/\/www.europesays.com\/no\/81427\/"},"modified":"2025-11-07T22:00:13","modified_gmt":"2025-11-07T22:00:13","slug":"onsker-a-legge-ned-politisk-organ-vol-no","status":"publish","type":"post","link":"https:\/\/www.europesays.com\/no\/81427\/","title":{"rendered":"(+) \u00d8nsker \u00e5 legge ned politisk organ &#8211; vol.no"},"content":{"rendered":"<ol>\n<li><a href=\"https:\/\/news.google.com\/rss\/articles\/CBMie0FVX3lxTE56UU5tQ0ZBcmNmZ0ZKRnF1WTZ1dkQxTHpQY21NQ29kbUJDcDZQVC1LU1hTY091MDBXVmVDaFhaV3VmbExWdFI4QVY2OGRXLXlFUWtNcFZZVWtVU2hnZ1M0aXVabDUxc3RxX29qN3FRTm1kN2ZRenp1ZkRndw?oc=5\" target=\"_blank\" rel=\"nofollow noopener\">(+) \u00d8nsker \u00e5 legge ned politisk organ<\/a>&nbsp;&nbsp;vol.no<\/li>\n<li><a href=\"https:\/\/news.google.com\/rss\/articles\/CBMi0AFBVV95cUxOa2Rob2FVd201b0RPODBjbENjRG5aUDQ5cVRqdTJZRXQyRGpIZ2J3X25LOVpzZjg0U1pWWmRtdjNBZnEyTXdneWROclU2emdjRm9oV2dSOTJnVEhJV1kwSUZxOUxUR0dPVkNYdi16U2I2ZGdlTDdhWmQyckRwaHlNbmFYU2Z2X0dpaW5ITFMtdms3ZHd1MEZfTUk3U3pDWTBuWWJjSGxzTUFJSEdPYk96S0dCUlNvcUdQeElObmE3LTJZQm1YRTVmS1RsbWd3WUlK?oc=5\" target=\"_blank\" rel=\"nofollow noopener\">Kommunedirekt\u00f8rens budsjettforslag: \u2013 Vi m\u00e5 gj\u00f8re noen tiltak for \u00e5 pr\u00f8ve og komme i balanse<\/a>&nbsp;&nbsp;lister24.no<\/li>\n<li><a href=\"https:\/\/news.google.com\/rss\/articles\/CBMigwFBVV95cUxOcjJtbmdvNG5JWnQxb3ppMXdnZzJjaEpPTG11aUVwV1Z1dUJmY1pOMXlhTG54dWFjNFlPU2ZFd1BOUVNEd2lfc1lXRjNtZ3RpZEp5aTZudmhXdF8tVWtYcnplUEFpbjM1ZkFlb3h3TGRfQnpTMHpCMGhZRTVaMkxlQXh5TQ?oc=5\" target=\"_blank\" rel=\"nofollow noopener\">M\u00e5let er ut av Robek til v\u00e5ren<\/a>&nbsp;&nbsp;fjordabladet.no<\/li>\n<li><a href=\"https:\/\/news.google.com\/rss\/articles\/CBMijgFBVV95cUxQeExfRHFMSVNLWnRQQ19LR1VZZjlZY080YkNjS296eDVfemFfblF2ZmlIWGdaS05laUItWmJ2cVRvc1BBX3NJc09CUkU3bW1nUFhlTXVyMDNIUG5aanNCYTIyYm1qZWFIYzQzb1RWdE81UlFwSFV6M0dLNFFhUm9YZnRlQmJrQ2M3a0ZvWm5B?oc=5\" target=\"_blank\" rel=\"nofollow noopener\">Politikerne om budsjettet: \u2013 Ikke til \u00e5 misforst\u00e5<\/a>&nbsp;&nbsp;driva.no<\/li>\n<li><a href=\"https:\/\/news.google.com\/rss\/articles\/CBMinwFBVV95cUxPZzg3d1Etc29KSmEyZVJtWmlFOTJ1UlFqd0RQSzA3aHc4QlhNT09DSnhycUhLZGxLeEN6blFISnlYNjVRRWlGMml4Sm1KTWJISjBaS3AxU2ZaeHlGNXlZaHpZRWtxTHdqaFRZQS1HdzBCWV8yU2QtVUxtR1dVc2VidTd2Q2dDVUhRUzlPVUJlRmcxNEJCY0c2QnUtMUwyOFk?oc=5\" target=\"_blank\" rel=\"nofollow noopener\">Saltdal, Budsjettforslag | Har lagt frem budsjettet: \u2013 Vi st\u00e5r i en krevende \u00f8konomisk situasjon<\/a>&nbsp;&nbsp;Avisa Nordland<\/li>\n<\/ol>\n","protected":false},"excerpt":{"rendered":"(+) \u00d8nsker \u00e5 legge ned politisk organ&nbsp;&nbsp;vol.no Kommunedirekt\u00f8rens budsjettforslag: \u2013 Vi m\u00e5 gj\u00f8re noen tiltak for \u00e5 pr\u00f8ve&hellip;\n","protected":false},"author":2,"featured_media":81428,"comment_status":"","ping_status":"","sticky":false,"template":"","format":"standard","meta":{"footnotes":""},"categories":[10],"tags":[20,21,2812,2334,24,25,15,3213,22,23,13,30,28,29,14,2519,16,3482,7144,26,27],"class_list":{"0":"post-81427","1":"post","2":"type-post","3":"status-publish","4":"format-standard","5":"has-post-thumbnail","7":"category-norge","8":"tag-breaking-news","9":"tag-breakingnews","10":"tag-budsjett","11":"tag-eiendomsskatt","12":"tag-featured-news","13":"tag-featurednews","14":"tag-headlines","15":"tag-kommunedirektor","16":"tag-latest-news","17":"tag-latestnews","18":"tag-news","19":"tag-no","20":"tag-norge","21":"tag-norway","22":"tag-nyheter","23":"tag-organisering","24":"tag-overskrifter","25":"tag-oksnes","26":"tag-politikergodtgjorelse","27":"tag-top-stories","28":"tag-topstories"},"share_on_mastodon":{"url":"https:\/\/pubeurope.com\/@no\/115510668341733056","error":""},"_links":{"self":[{"href":"https:\/\/www.europesays.com\/no\/wp-json\/wp\/v2\/posts\/81427","targetHints":{"allow":["GET"]}}],"collection":[{"href":"https:\/\/www.europesays.com\/no\/wp-json\/wp\/v2\/posts"}],"about":[{"href":"https:\/\/www.europesays.com\/no\/wp-json\/wp\/v2\/types\/post"}],"author":[{"embeddable":true,"href":"https:\/\/www.europesays.com\/no\/wp-json\/wp\/v2\/users\/2"}],"replies":[{"embeddable":true,"href":"https:\/\/www.europesays.com\/no\/wp-json\/wp\/v2\/comments?post=81427"}],"version-history":[{"count":0,"href":"https:\/\/www.europesays.com\/no\/wp-json\/wp\/v2\/posts\/81427\/revisions"}],"wp:featuredmedia":[{"embeddable":true,"href":"https:\/\/www.europesays.com\/no\/wp-json\/wp\/v2\/media\/81428"}],"wp:attachment":[{"href":"https:\/\/www.europesays.com\/no\/wp-json\/wp\/v2\/media?parent=81427"}],"wp:term":[{"taxonomy":"category","embeddable":true,"href":"https:\/\/www.europesays.com\/no\/wp-json\/wp\/v2\/categories?post=81427"},{"taxonomy":"post_tag","embeddable":true,"href":"https:\/\/www.europesays.com\/no\/wp-json\/wp\/v2\/tags?post=81427"}],"curies":[{"name":"wp","href":"https:\/\/api.w.org\/{rel}","templated":true}]}}