{"id":81431,"date":"2025-11-07T22:04:12","date_gmt":"2025-11-07T22:04:12","guid":{"rendered":"https:\/\/www.europesays.com\/no\/81431\/"},"modified":"2025-11-07T22:04:12","modified_gmt":"2025-11-07T22:04:12","slug":"jeg-har-mater-a-vekke-johnny-silverhand-fra-de-dode","status":"publish","type":"post","link":"https:\/\/www.europesays.com\/no\/81431\/","title":{"rendered":"\u2013 Jeg har m\u00e5ter \u00e5 vekke Johnny Silverhand fra de d\u00f8de"},"content":{"rendered":"<p>Det fortsetter \u00e5 komme drypp av informasjon og rykter om <a href=\"https:\/\/www.gamer.no\/artikler\/neste-cyberpunk-introduserer-en-helt-ny-by\/518763\" rel=\"nofollow noopener\" target=\"_blank\">Project Orion<\/a>, oppf\u00f8lgeren til Cyberpunk 2077.<\/p>\n<p>Det er ikke s\u00e5 lenge siden vi h\u00f8rte <b>Keanu Reeves<\/b> si at han er klar for \u00e5 videref\u00f8re rollen han hadde i det f\u00f8rste spillet.<\/p>\n<p><strong>\u2013 Absolutt. Jeg vil veldig gjerne spille Johnny Silverhand igjen, <a href=\"https:\/\/www.gamer.no\/artikler\/keanu-reeves-blir-gjerne-med-i-cyberpunk-oppfolgeren\/519243\" rel=\"nofollow noopener\" target=\"_blank\">sa Reeves i et intervju i september<\/a>.<\/strong><\/p>\n<p>N\u00e5 har vi f\u00e5tt h\u00f8re fra skaperen av Cyberpunk-universet, <b>Mike Pondsmith<\/b>, at dette kan absolutt la seg gj\u00f8re.<\/p>\n<p>Dette ble kjent under et intervju med CD Projekt RED <a href=\"https:\/\/www.youtube.com\/live\/1_HsIlaqMkc?si=07ai4guwLhOQuEPL&amp;t=3619\" rel=\"nofollow noopener\" target=\"_blank\">p\u00e5 deres egen mediekanal<\/a>.<\/p>\n<p>\u2013 For ikke s\u00e5 lenge siden s\u00e5 jeg Keanu si han gjerne ville finne en m\u00e5te \u00e5 komme tilbake fra de d\u00f8de og spille Johnny igjen.<\/p>\n<p><strong>\u2013 Jeg har m\u00e5ter \u00e5 gj\u00f8re det p\u00e5, Keanu, kontakt meg, svarte Pondsmith.<\/strong><\/p>\n<p>Han uttrykte ogs\u00e5 stor beundring for skuespillerne som har bidratt til Cyberpunk-universet, og deres iver og innsats gitt til rollefigurene deres.<\/p>\n<p>Pondsmith er riktignok ikke en utvikler, men er en soleklar autoritet p\u00e5 hva som er mulig i spilluniverset. Det er alts\u00e5 langt fra en umulighet at vi kan f\u00e5 et gjensyn med Johnny Silverhand.<\/p>\n<p>CD Projekt RED har bekreftet at arbeidet er i gang med oppf\u00f8lgeren til Cyberpunk 2077, men det er fremdeles i tidlige stadier mens utvikleren jobber med neste spill i The Witcher-serien.<\/p>\n<p>Vi vet ellers lite om neste kapittel i serien, annet enn at vi vil f\u00e5 se en ny by, utenfor Night City-metropolen \u2013 \u00abet Chicago der ting har g\u00e5tt veldig galt\u00bb.<\/p>\n<p>Det neste vi f\u00e5r se i Cyberpunk-verdenen blir derimot trolig <a href=\"https:\/\/www.gamer.no\/artikler\/mer-cyberpunk-edgerunners-pa-vei\/518990\" rel=\"nofollow noopener\" target=\"_blank\">Edgerunners 2<\/a>, oppf\u00f8lgeren til <a href=\"https:\/\/www.gamer.no\/artikler\/voldelig-og-vulgaert-pa-en-mate-vi-sjelden-har-sett-maken-til\/515509\" rel=\"nofollow noopener\" target=\"_blank\">den fantastiske animeserien<\/a> satt i Cyberpunk\u2019s Night City.<\/p>\n","protected":false},"excerpt":{"rendered":"Det fortsetter \u00e5 komme drypp av informasjon og rykter om Project Orion, oppf\u00f8lgeren til Cyberpunk 2077. Det er&hellip;\n","protected":false},"author":2,"featured_media":81432,"comment_status":"","ping_status":"","sticky":false,"template":"","format":"standard","meta":{"footnotes":""},"categories":[58],"tags":[71,30,28,29,72],"class_list":{"0":"post-81431","1":"post","2":"type-post","3":"status-publish","4":"format-standard","5":"has-post-thumbnail","7":"category-underholdning","8":"tag-entertainment","9":"tag-no","10":"tag-norge","11":"tag-norway","12":"tag-underholdning"},"share_on_mastodon":{"url":"https:\/\/pubeurope.com\/@no\/115510684131349429","error":""},"_links":{"self":[{"href":"https:\/\/www.europesays.com\/no\/wp-json\/wp\/v2\/posts\/81431","targetHints":{"allow":["GET"]}}],"collection":[{"href":"https:\/\/www.europesays.com\/no\/wp-json\/wp\/v2\/posts"}],"about":[{"href":"https:\/\/www.europesays.com\/no\/wp-json\/wp\/v2\/types\/post"}],"author":[{"embeddable":true,"href":"https:\/\/www.europesays.com\/no\/wp-json\/wp\/v2\/users\/2"}],"replies":[{"embeddable":true,"href":"https:\/\/www.europesays.com\/no\/wp-json\/wp\/v2\/comments?post=81431"}],"version-history":[{"count":0,"href":"https:\/\/www.europesays.com\/no\/wp-json\/wp\/v2\/posts\/81431\/revisions"}],"wp:featuredmedia":[{"embeddable":true,"href":"https:\/\/www.europesays.com\/no\/wp-json\/wp\/v2\/media\/81432"}],"wp:attachment":[{"href":"https:\/\/www.europesays.com\/no\/wp-json\/wp\/v2\/media?parent=81431"}],"wp:term":[{"taxonomy":"category","embeddable":true,"href":"https:\/\/www.europesays.com\/no\/wp-json\/wp\/v2\/categories?post=81431"},{"taxonomy":"post_tag","embeddable":true,"href":"https:\/\/www.europesays.com\/no\/wp-json\/wp\/v2\/tags?post=81431"}],"curies":[{"name":"wp","href":"https:\/\/api.w.org\/{rel}","templated":true}]}}