{"id":81465,"date":"2025-11-07T22:58:08","date_gmt":"2025-11-07T22:58:08","guid":{"rendered":"https:\/\/www.europesays.com\/no\/81465\/"},"modified":"2025-11-07T22:58:08","modified_gmt":"2025-11-07T22:58:08","slug":"fikk-prove-seg-i-europa-kunne-ikke-ga-alene-ut-av-hotellet","status":"publish","type":"post","link":"https:\/\/www.europesays.com\/no\/81465\/","title":{"rendered":"Fikk pr\u00f8ve seg i Europa \u2013 kunne ikke g\u00e5 alene ut av hotellet"},"content":{"rendered":"<p>Julieb\u00f8 og B\u00f8 reiste til Slovakia med volleyballaget TIF Viking for \u00e5 spille europacup denne uka, men oppholdet ble preget av bj\u00f8rnefare. Spillerne kunne nemlig ikke forlate hotellet de bodde p\u00e5, grunnet fare for \u00e5 m\u00f8te p\u00e5 det ville rovdyret.<\/p>\n<p><strong>\u2013 Det f\u00f8rste vi h\u00f8rte om stedet var at det var mye bj\u00f8rner i omr\u00e5det. Da vi kom dit viste det seg at vi bodde p\u00e5 et hotell langt opp i fjellene, et par kilometer fra alt annet, og da fikk vi beskjed om ikke \u00e5 g\u00e5 ut alene, sier Julieb\u00f8 til Sunnm\u00f8rsposten.<\/strong><\/p>\n<p>Bj\u00f8rn<\/p>\n<p>Byen de bodde i n\u00e6rheten av heter Brusno. De holder laget VK Pirane Brusno. Stedet skal ha en befolkning p\u00e5 rundt 2.000 personer.<\/p>\n<p><strong>\u2013 Jeg forventet ikke at vi ikke kunne g\u00e5 utenfor hotellet, men det var veldig interessant. Vi fikk noen turer i sentrum, og n\u00e5r vi reiste til og fra hotellet var vi alltid p\u00e5 utkikk etter bj\u00f8rn, men vi s\u00e5 ingen, sier Julieb\u00f8.<\/strong><\/p>\n<p>Opplevelsen ga mersmak, til tross for at begge kampene som av \u00f8konomiske grunner ble spilt i Slovakia, endte med tap: 1\u20133 i begge.<\/p>\n<p>\u2013 Det var utrolig g\u00f8y. Vi fikk god matching, som vi ikke f\u00e5r like godt her hjemme. Vi vant jo trippelt gull her hjemme forrige sesong. Vi fikk vist at vi holdt niv\u00e5et, sier Julieb\u00f8, og forklarer hvorfor det var dyrere \u00e5 spille b\u00e5de en kamp borte og en hjemme:<\/p>\n<p><strong>\u2013 Klubbene deler p\u00e5 utgiftene, s\u00e5 det var et \u00f8konomisk valg p\u00e5 vegne av oss, men ledelsen har sagt at de ikke skal g\u00e5 med p\u00e5 det neste gang. Jeg tror vi kunne hamlet opp med dem om vi hadde hatt hjemmekamp.<\/strong><\/p>\n<p>\u2013 Dumt<\/p>\n<p>S\u00e5 sant man ikke er utenlandsproff, er europacup det gjeveste en norsk spiller kan oppleve n\u00e5. Seniorlandslaget til kvinnene er nemlig lagt ned. N\u00e5 satses det p\u00e5 herrelandslaget og juniorlandslag.<\/p>\n<p>\u2013 Det er jo dumt for sportens del at man ikke har et lag der man kan samles, men jeg har jo forst\u00e5else for at de satser p\u00e5 \u00e5 f\u00e5 opp litt yngre spillere, sier Julieb\u00f8, som tidligere har v\u00e6rt p\u00e5 seniorlandslaget.<\/p>\n<p>N\u00e5 f\u00e5r Julieb\u00f8 og TIF Viking p\u00e5 for fullt for \u00e5 sikre seg spill i Europa ogs\u00e5 neste sesong.<\/p>\n<p><a href=\"https:\/\/www.smp.no\/sport\/i\/XjnR4g\/kopierte-morens-bragd-30-aar-etter\" rel=\"nofollow noopener\" target=\"_blank\"> <img decoding=\"async\" src=\"data:image\/gif;base64,R0lGODlhEAAJAIAAAP\/\/\/wAAACH5BAEAAAAALAAAAAAQAAkAAAIKhI+py+0Po5yUFQA7\" alt=\"\"\/>   Kopierte morens bragd 30 \u00e5r etter  <\/a> <\/p>\n","protected":false},"excerpt":{"rendered":"Julieb\u00f8 og B\u00f8 reiste til Slovakia med volleyballaget TIF Viking for \u00e5 spille europacup denne uka, men oppholdet&hellip;\n","protected":false},"author":2,"featured_media":81466,"comment_status":"","ping_status":"","sticky":false,"template":"","format":"standard","meta":{"footnotes":""},"categories":[12],"tags":[20,21,24,25,15,11031,11032,22,23,13,30,28,29,14,16,11033,26,27,42,43,44,45],"class_list":{"0":"post-81465","1":"post","2":"type-post","3":"status-publish","4":"format-standard","5":"has-post-thumbnail","7":"category-verden","8":"tag-breaking-news","9":"tag-breakingnews","10":"tag-featured-news","11":"tag-featurednews","12":"tag-headlines","13":"tag-jenny-floystad-juliebo","14":"tag-johanna-vikan-bo","15":"tag-latest-news","16":"tag-latestnews","17":"tag-news","18":"tag-no","19":"tag-norge","20":"tag-norway","21":"tag-nyheter","22":"tag-overskrifter","23":"tag-tif-viking","24":"tag-top-stories","25":"tag-topstories","26":"tag-verden","27":"tag-world","28":"tag-world-news","29":"tag-worldnews"},"share_on_mastodon":{"url":"https:\/\/pubeurope.com\/@no\/115510896476667160","error":""},"_links":{"self":[{"href":"https:\/\/www.europesays.com\/no\/wp-json\/wp\/v2\/posts\/81465","targetHints":{"allow":["GET"]}}],"collection":[{"href":"https:\/\/www.europesays.com\/no\/wp-json\/wp\/v2\/posts"}],"about":[{"href":"https:\/\/www.europesays.com\/no\/wp-json\/wp\/v2\/types\/post"}],"author":[{"embeddable":true,"href":"https:\/\/www.europesays.com\/no\/wp-json\/wp\/v2\/users\/2"}],"replies":[{"embeddable":true,"href":"https:\/\/www.europesays.com\/no\/wp-json\/wp\/v2\/comments?post=81465"}],"version-history":[{"count":0,"href":"https:\/\/www.europesays.com\/no\/wp-json\/wp\/v2\/posts\/81465\/revisions"}],"wp:featuredmedia":[{"embeddable":true,"href":"https:\/\/www.europesays.com\/no\/wp-json\/wp\/v2\/media\/81466"}],"wp:attachment":[{"href":"https:\/\/www.europesays.com\/no\/wp-json\/wp\/v2\/media?parent=81465"}],"wp:term":[{"taxonomy":"category","embeddable":true,"href":"https:\/\/www.europesays.com\/no\/wp-json\/wp\/v2\/categories?post=81465"},{"taxonomy":"post_tag","embeddable":true,"href":"https:\/\/www.europesays.com\/no\/wp-json\/wp\/v2\/tags?post=81465"}],"curies":[{"name":"wp","href":"https:\/\/api.w.org\/{rel}","templated":true}]}}