{"id":81474,"date":"2025-11-07T23:36:15","date_gmt":"2025-11-07T23:36:15","guid":{"rendered":"https:\/\/www.europesays.com\/no\/81474\/"},"modified":"2025-11-07T23:36:15","modified_gmt":"2025-11-07T23:36:15","slug":"det-er-blitt-et-tabu","status":"publish","type":"post","link":"https:\/\/www.europesays.com\/no\/81474\/","title":{"rendered":"\u2013 Det er blitt et tabu"},"content":{"rendered":"<p>\n        P\u00c5 KONFERANSE: Solveig \u00d8kland (29) og Maria Salte (28) er p\u00e5 Israelsmisjonens h\u00f8stkonferanse i Fredheim arena.<br \/>\n        Alice tegle\n    <\/p>\n<p>    \u2013 Mange t\u00f8r ikke lenger snakke om Israel, mener generalsekret\u00e6r i Den norske Israelsmisjon Jarle R\u00e5munddal. Det vil han gj\u00f8re noe med.<\/p>\n<p>Denne helgen arrangerer Israelsmisjonen historiens f\u00f8rste h\u00f8stkonferanse i Fredheim arena, med tema \u00abFra tabu til innsikt\u00bb.\u00a0<\/p>\n<p>\u2013 Vi merker det n\u00e5r vi snakker med medlemmer og har arrangementer rundt om i menigheter: Det oppleves tabu \u00e5 snakke om Israel, b\u00e5de p\u00e5 jobben, i familie og andre sammenhenger der noen har veldig sterke meninger, sier Jarle R\u00e5munddal.<\/p>\n<p>Denne frykten vil han til livs.<\/p>\n","protected":false},"excerpt":{"rendered":"P\u00c5 KONFERANSE: Solveig \u00d8kland (29) og Maria Salte (28) er p\u00e5 Israelsmisjonens h\u00f8stkonferanse i Fredheim arena. Alice tegle&hellip;\n","protected":false},"author":2,"featured_media":81475,"comment_status":"","ping_status":"","sticky":false,"template":"","format":"standard","meta":{"footnotes":""},"categories":[12],"tags":[20,21,24,25,15,22,23,13,30,28,29,14,16,26,27,42,43,44,45],"class_list":{"0":"post-81474","1":"post","2":"type-post","3":"status-publish","4":"format-standard","5":"has-post-thumbnail","7":"category-verden","8":"tag-breaking-news","9":"tag-breakingnews","10":"tag-featured-news","11":"tag-featurednews","12":"tag-headlines","13":"tag-latest-news","14":"tag-latestnews","15":"tag-news","16":"tag-no","17":"tag-norge","18":"tag-norway","19":"tag-nyheter","20":"tag-overskrifter","21":"tag-top-stories","22":"tag-topstories","23":"tag-verden","24":"tag-world","25":"tag-world-news","26":"tag-worldnews"},"share_on_mastodon":{"url":"https:\/\/pubeurope.com\/@no\/115511045861299874","error":""},"_links":{"self":[{"href":"https:\/\/www.europesays.com\/no\/wp-json\/wp\/v2\/posts\/81474","targetHints":{"allow":["GET"]}}],"collection":[{"href":"https:\/\/www.europesays.com\/no\/wp-json\/wp\/v2\/posts"}],"about":[{"href":"https:\/\/www.europesays.com\/no\/wp-json\/wp\/v2\/types\/post"}],"author":[{"embeddable":true,"href":"https:\/\/www.europesays.com\/no\/wp-json\/wp\/v2\/users\/2"}],"replies":[{"embeddable":true,"href":"https:\/\/www.europesays.com\/no\/wp-json\/wp\/v2\/comments?post=81474"}],"version-history":[{"count":0,"href":"https:\/\/www.europesays.com\/no\/wp-json\/wp\/v2\/posts\/81474\/revisions"}],"wp:featuredmedia":[{"embeddable":true,"href":"https:\/\/www.europesays.com\/no\/wp-json\/wp\/v2\/media\/81475"}],"wp:attachment":[{"href":"https:\/\/www.europesays.com\/no\/wp-json\/wp\/v2\/media?parent=81474"}],"wp:term":[{"taxonomy":"category","embeddable":true,"href":"https:\/\/www.europesays.com\/no\/wp-json\/wp\/v2\/categories?post=81474"},{"taxonomy":"post_tag","embeddable":true,"href":"https:\/\/www.europesays.com\/no\/wp-json\/wp\/v2\/tags?post=81474"}],"curies":[{"name":"wp","href":"https:\/\/api.w.org\/{rel}","templated":true}]}}