{"id":81478,"date":"2025-11-07T23:49:09","date_gmt":"2025-11-07T23:49:09","guid":{"rendered":"https:\/\/www.europesays.com\/no\/81478\/"},"modified":"2025-11-07T23:49:09","modified_gmt":"2025-11-07T23:49:09","slug":"norges-ishockeyherrer-rok-for-frankrike-i-nasjonscupen","status":"publish","type":"post","link":"https:\/\/www.europesays.com\/no\/81478\/","title":{"rendered":"Norges ishockeyherrer r\u00f8k for Frankrike i nasjonscupen"},"content":{"rendered":"\n<p class=\"_lead_o9xde_2 _lead_xtcu6_50 layout-component text-serif-m layout-normal text-serif-l layout-component layout-wide layout-padded _wide_17hqh_1 layout-padded\">Etter en jevnspilt kamp m\u00e5tte Norge gi tapt med 0-2 i kampen mot Frankrike i den europeiske nasjonscupen i ishockey fredag.<\/p>\n<p><img alt=\"Sjur Robert Nilsen og Norge m\u00f8tte Frankrike i nasjonscupen i ishockey fredag. Her fra en tidligere anledning.  Foto: Fredrik Varfjell \/ NTB\" class=\"_image_qp4xg_65 layout-component layout-wide\" data-fullscreen- data-track-element-type=\"Article image fullscreen\" data-track-name=\"ImageFullscreen\" fetchpriority=\"high\" decoding=\"sync\" loading=\"eager\" height=\"5074\" itemprop=\"image\"  src=\"https:\/\/www.europesays.com\/no\/wp-content\/uploads\/2025\/11\/e3ec0d22-d180-42a7-9a6f-0afe3058d960\"  style=\"object-position:0% 0%\" width=\"7611\"\/>Sjur Robert Nilsen og Norge m\u00f8tte Frankrike i nasjonscupen i ishockey fredag. Her fra en tidligere anledning.  Foto: Fredrik Varfjell \/ NTB<\/p>\n<ul aria-hidden=\"true\" class=\"_images_18f0k_111\">\n<li><a class=\"_link_18f0k_116\" href=\"https:\/\/www.vg.no\/forfatter\/ntb\" style=\"z-index:1\" title=\"NTB\" rel=\"nofollow noopener\" target=\"_blank\"><img alt=\"Bilde av NTB\" class=\"_image_18f0k_93\" fetchpriority=\"low\" loading=\"lazy\" decoding=\"async\" itemprop=\"image\"  src=\"https:\/\/www.europesays.com\/no\/wp-content\/uploads\/2025\/11\/1762559349_780_c33980b0-5d07-4027-84a1-813f90a7c8d6\"  width=\"480\"\/><\/a><\/li>\n<\/ul>\n<p> Oppdatert fredag 7. november kl. 22:59     <\/p>\n<p class=\"_paragraph_o9xde_4 _paragraph_xtcu6_10 layout-component text-serif-m layout-normal text-serif-m layout-padded\">Vertene sikret ledelsen da det gjensto dr\u00f8ye elleve minutter av kampen. Pierre-Edouard Bellemare sto for scoringen. F\u00f8r det hadde Norge v\u00e6rt helt p\u00e5 h\u00f8yde med sine franske motstandere.<\/p>\n<p class=\"_paragraph_o9xde_4 _paragraph_xtcu6_10 layout-component text-serif-m layout-normal text-serif-m layout-padded\">I sluttsekundene kastet Norge det de hadde fremover i banen. Aurelien Dair benyttet muligheten til \u00e5 sette pucken i det \u00e5pne m\u00e5let til 2-0.<\/p>\n<p class=\"_paragraph_o9xde_4 _paragraph_xtcu6_10 layout-component text-serif-m layout-normal text-serif-m layout-padded\">Torsdag spilte Norge sin f\u00f8rste kamp i den nye turneringen. Det endte med norsk 4-2-seier over Ungarn, hvor den 18-\u00e5rige landslagsdebutanten Tinus Luc Koblar sto for to av scoringene. Kampen var ogs\u00e5 Sjur Robert Nilsens debut som norsk landslagssjef.<\/p>\n<p class=\"_paragraph_o9xde_4 _paragraph_xtcu6_10 layout-component text-serif-m layout-normal text-serif-m layout-padded\">L\u00f8rdag skal Norge spille mot Danmark. Samtlige tre kamper g\u00e5r i Epinal \u00f8st i Frankrike.<\/p>\n<p class=\"_paragraph_o9xde_4 _paragraph_xtcu6_10 layout-component text-serif-m layout-normal text-serif-m layout-padded\">Nasjonscupen er en innf\u00f8rt for \u00e5 heve statusen p\u00e5 treningslandskamper. Planen er at turneringen skal g\u00e5 i november, desember og februar hver sesong. 18 nasjoner er forel\u00f8pig med i konseptet, som starter som en hybridversjon denne sesongen.<\/p>\n<p class=\"_paragraph_o9xde_4 _paragraph_xtcu6_10 layout-component text-serif-m layout-normal text-serif-m layout-padded\">NHL-spillere f\u00e5r ikke fri til de internasjonale periodene i Europa og er dermed ikke med i nasjonscupen.<\/p>\n","protected":false},"excerpt":{"rendered":"Etter en jevnspilt kamp m\u00e5tte Norge gi tapt med 0-2 i kampen mot Frankrike i den europeiske nasjonscupen&hellip;\n","protected":false},"author":2,"featured_media":81479,"comment_status":"","ping_status":"","sticky":false,"template":"","format":"standard","meta":{"footnotes":""},"categories":[59],"tags":[977,30,28,29,83,82],"class_list":{"0":"post-81478","1":"post","2":"type-post","3":"status-publish","4":"format-standard","5":"has-post-thumbnail","7":"category-sport","8":"tag-ishockey","9":"tag-no","10":"tag-norge","11":"tag-norway","12":"tag-sport","13":"tag-sports"},"share_on_mastodon":{"url":"https:\/\/pubeurope.com\/@no\/115511097172418197","error":""},"_links":{"self":[{"href":"https:\/\/www.europesays.com\/no\/wp-json\/wp\/v2\/posts\/81478","targetHints":{"allow":["GET"]}}],"collection":[{"href":"https:\/\/www.europesays.com\/no\/wp-json\/wp\/v2\/posts"}],"about":[{"href":"https:\/\/www.europesays.com\/no\/wp-json\/wp\/v2\/types\/post"}],"author":[{"embeddable":true,"href":"https:\/\/www.europesays.com\/no\/wp-json\/wp\/v2\/users\/2"}],"replies":[{"embeddable":true,"href":"https:\/\/www.europesays.com\/no\/wp-json\/wp\/v2\/comments?post=81478"}],"version-history":[{"count":0,"href":"https:\/\/www.europesays.com\/no\/wp-json\/wp\/v2\/posts\/81478\/revisions"}],"wp:featuredmedia":[{"embeddable":true,"href":"https:\/\/www.europesays.com\/no\/wp-json\/wp\/v2\/media\/81479"}],"wp:attachment":[{"href":"https:\/\/www.europesays.com\/no\/wp-json\/wp\/v2\/media?parent=81478"}],"wp:term":[{"taxonomy":"category","embeddable":true,"href":"https:\/\/www.europesays.com\/no\/wp-json\/wp\/v2\/categories?post=81478"},{"taxonomy":"post_tag","embeddable":true,"href":"https:\/\/www.europesays.com\/no\/wp-json\/wp\/v2\/tags?post=81478"}],"curies":[{"name":"wp","href":"https:\/\/api.w.org\/{rel}","templated":true}]}}