{"id":81484,"date":"2025-11-08T00:05:49","date_gmt":"2025-11-08T00:05:49","guid":{"rendered":"https:\/\/www.europesays.com\/no\/81484\/"},"modified":"2025-11-08T00:05:49","modified_gmt":"2025-11-08T00:05:49","slug":"det-kjenner-jeg-pa","status":"publish","type":"post","link":"https:\/\/www.europesays.com\/no\/81484\/","title":{"rendered":"\u2013 Det kjenner jeg p\u00e5"},"content":{"rendered":"<p>    Etter et tungt \u00e5r, har Tone Damli f\u00e5tt ny giv som detektiv i \u00abMaskorama\u00bb, samtidig som hun markerer 20-\u00e5rsjubileum som artist.\u00a0<\/p>\n<p>\n        <b>KLAR FOR \u00abMASKORAMA\u00bb:<\/b> Tone Damli debuterer som detektiv i NRK-programmet.<br \/>\n        Morten Bendiksen\n    <\/p>\n<p>N\u00e5r NRK ruller ut h\u00f8stmenyen sin, er det en takknemlig og spent Tone Damli (37) som st\u00e5r i sentrum. Hun er klar for \u00e5 debutere som detektiv i \u00abMaskorama\u00bb, en rolle hun har dr\u00f8mt om lenge.<\/p>\n<p>\u2013 Da jeg fikk sp\u00f8rsm\u00e5let, tenkte jeg bare: \u00abHurra!\u00bb Jeg elsket \u00e5 v\u00e6re dommer i \u00abIdol\u00bb, og siden den gang har jeg hatt lyst til \u00e5 gj\u00f8re en s\u00e5nn type jobb igjen. Det \u00e5 sitte i panel, gjette og spekulere sammen med publikum, elsker jeg, forteller hun.\u00a0<\/p>\n<p>                <img decoding=\"async\" src=\"https:\/\/www.europesays.com\/no\/wp-content\/uploads\/2025\/11\/7570937.webp\" width=\"480\" height=\"274\" title=\"SANG SELV: I 2024 skjulte Tone seg bak masken som \u00abGladfisken\u00bb.\" alt=\"\" loading=\"lazy\" style=\"\"\/><\/p>\n<p>\n            <b>SANG SELV: <\/b>I 2024 skjulte Tone seg bak masken som \u00abGladfisken\u00bb.<br \/>\n            Espen Solli, Monster\/NRK\n        <\/p>\n<p>Tone vet godt hvordan det f\u00f8les \u00e5 v\u00e6re deltager i \u00abMaskorama\u00bb. I 2024 skjulte hun seg bak masken som \u00abGladfisken\u00bb, en opplevelse hun beskriver som b\u00e5de krevende og spesiell.<\/p>\n<p>\u2013 \u00c5 v\u00e6re inni masken, er fryktelig ensomt og ganske slitsomt. Samtidig var det en interessant deltager-opplevelse, forteller hun.<\/p>\n<p>Les ogs\u00e5: <a href=\"https:\/\/www.klikk.no\/underholdning\/maskorama-hint-2025-her-er-maskene-spekulasjonene-7572730\" rel=\"nofollow noopener\" target=\"_blank\">Maskorama-hint: Her er maskene og de f\u00f8rste spekulasjonene<\/a><\/p>\n<p>Tar over etter Marion<\/p>\n<p>N\u00e5 gleder hun seg til \u00e5 ta plass p\u00e5 motsatt side av scenen:<\/p>\n<p>\u2013 Denne gangen f\u00e5r jeg v\u00e6re med i gjengen. Det blir utrolig kjekt \u00e5 bli en del av \u00abMaskorama\u00bb- familien.<\/p>\n<p>                <img decoding=\"async\" src=\"https:\/\/www.europesays.com\/no\/wp-content\/uploads\/2025\/11\/7570939.webp\" width=\"480\" height=\"183\" title=\"\u00abMELODI GRAND PRIX\u00bb: Med balladen \u00abLast Song\u00bb kom Tone topp fem i den norske finalen tidligere i \u00e5r.\" alt=\"\" loading=\"lazy\" style=\"\"\/><\/p>\n<p>\n            <b>\u00abMELODI GRAND PRIX\u00bb:<\/b> Med balladen \u00abLast Song\u00bb kom Tone topp fem i den norske finalen tidligere i \u00e5r.<br \/>\n            Jonas Been Henriksen\n        <\/p>\n<p>At hun n\u00e5 overtar som detektiv etter Marion Ravn, er ikke noe Tone tar lett p\u00e5.<\/p>\n<p>\u2013 Det er alltid litt skummelt \u00e5 overta etter noen som har gjort det s\u00e5 bra. Og jeg tipper det er mange i publikum som sitter med blikket litt s\u00e5nn: \u00abF\u00e5r hun det til, da?\u00bb Men jeg tror det viktigste er at jeg gj\u00f8r det p\u00e5 min m\u00e5te. Og det skal jeg pr\u00f8ve \u00e5 gj\u00f8re s\u00e5 bra som mulig, sier hun bestemt.<\/p>\n<p>\u00c9n fikk vite hemmeligheten<\/p>\n<p>Selv om rollen skulle holdes hemmelig, var det \u00e9n person hun ikke kunne dy seg for \u00e5 fortelle det til, nemlig datteren Billie (11).<\/p>\n<p>\u2013 Hun er blitt s\u00e5 god til \u00e5 holde p\u00e5 hemmeligheter, derfor kunne jeg dele det med henne. Hun synes det er kjempekjekt, for dette er jo et program barna elsker. Hun fikk ikke lov til \u00e5 v\u00e6re med p\u00e5 opptak i fjor, for da hadde det blitt for avsl\u00f8rende, men i \u00e5r kommer hun nok til \u00e5 sitte benket hver l\u00f8rdag, smiler Tone.<\/p>\n<p>                <img decoding=\"async\" src=\"https:\/\/www.europesays.com\/no\/wp-content\/uploads\/2025\/11\/7570941.webp\" width=\"480\" height=\"321\" title=\"ET T\u00d8FT \u00c5R: Etter s\u00f8sterens bortgang, setter Tone ekstra pris p\u00e5 \u00e5 kunne gj\u00f8re noe som er lystbetont.\" alt=\"\" loading=\"lazy\" style=\"\"\/><\/p>\n<p>\n            <b>ET T\u00d8FT \u00c5R:<\/b> Etter s\u00f8sterens bortgang, setter Tone ekstra pris p\u00e5 \u00e5 kunne gj\u00f8re noe som er lystbetont.<br \/>\n            Kjetil Solh\u00f8i, NRK\n        <\/p>\n<p>For artisten er det nettopp denne delen, \u00e5 f\u00e5 dele opplevelsen med barna, som gir en ekstra dimensjon.<\/p>\n<p>Les ogs\u00e5: (+) <a href=\"https:\/\/www.klikk.no\/historier\/en-kveld-pa-hytta-kom-ordene-jeg-aldri-glemmer-7568485\" rel=\"nofollow noopener\" target=\"_blank\">Leserne forteller: Jeg ante ingenting om det hun hadde b\u00e5ret p\u00e5. En kveld p\u00e5 hytta kom ordene jeg aldri glemmer<\/a><\/p>\n<p>Fin h\u00f8st i vente<\/p>\n<p>Det har v\u00e6rt en veldig tung tid for Tone etter at s\u00f8steren Tale gikk bort i april i \u00e5r.\u00a0<\/p>\n<p class=\"italic m-italic\" data-lab-italic=\"italic\">\u2013 Blir det fint \u00e5 gj\u00f8re noe som bare er lystbetont n\u00e5?<\/p>\n<p>\u2013 Ja, det kjenner jeg p\u00e5. \u00abMaskorama\u00bb kunne ikke ha kommet p\u00e5 et bedre tidspunkt. Seks l\u00f8rdager med \u00e5 ha det kjekt, det gj\u00f8r s\u00e5 godt.<\/p>\n<p>Samtidig med NRK-jobben er hun travelt opptatt med jubileumsshowet som markerer at det er 20 \u00e5r siden hun slo gjennom med \u00abIdol\u00bb.<\/p>\n<p>\u2013 Det er kjempemerkelig \u00e5 tenke p\u00e5 at det har g\u00e5tt s\u00e5 lang tid. Noen skrev til meg i sted: \u00abJeg syns du holder deg godt.\u00bb Da tenkte jeg: Nei, si heller at jeg ser fin ut! For \u00abholder seg godt\u00bb f\u00e5r meg bare til \u00e5 f\u00f8le meg gammel, ler hun.<\/p>\n<p>                <img decoding=\"async\" src=\"https:\/\/www.europesays.com\/no\/wp-content\/uploads\/2025\/11\/7570944.webp\" width=\"480\" height=\"367\" title=\"\u00abIDOL\u00bb:\u00a0Som 16-\u00e5ring sang Tone seg inn i hele Norges hjerter i 2005. Hun endte p\u00e5 en imponerende 2. plass, noe som la grunnlaget for en lang artistkarriere.\" alt=\"\" loading=\"lazy\" style=\"\"\/><\/p>\n<p>\n            <b>\u00abIDOL\u00bb:<\/b>\u00a0Som 16-\u00e5ring sang Tone seg inn i hele Norges hjerter i 2005. Hun endte p\u00e5 en imponerende 2. plass, noe som la grunnlaget for en lang artistkarriere.<br \/>\n            TV 2\n        <\/p>\n<p>Likevel er det mest stolthet hun kjenner p\u00e5 n\u00e5r hun ser tilbake alt som har skjedd. Og n\u00e5r hun blar i alt hun har gjort, blir hun b\u00e5de r\u00f8rt og glad.<\/p>\n<p>\u2013 Jeg tror alle kunne hatt godt av \u00e5 se tilbake p\u00e5 sitt eget liv; det minner deg p\u00e5 alt du faktisk har f\u00e5tt til.<\/p>\n<p>Tone innr\u00f8mmer likevel at det ikke alltid har v\u00e6rt enkelt.<\/p>\n<p>\u2013 Det koster \u00e5 v\u00e6re sirkushest. Jeg har v\u00e6rt \u00abhappy-go-lucky\u00bb og sagt ja til mye, og det har tatt meg hit. Men det har ogs\u00e5 v\u00e6rt \u00abbumps in the road\u00bb.<\/p>\n<p>Les ogs\u00e5: <a href=\"https:\/\/www.klikk.no\/underholdning\/julie-fra-a-laget-de-er-som-barna-mine-7572249\" rel=\"nofollow noopener\" target=\"_blank\">Julie fra \u00abA-laget\u00bb: \u2013 De er som barna mine<\/a><\/p>\n<p>Adrenalins\u00f8kende reddhare<\/p>\n<p>P\u00e5 scenen fremst\u00e5r Tone trygg, men hun beskriver seg selv p\u00e5 en helt annen m\u00e5te:<\/p>\n<p>                <img decoding=\"async\" src=\"https:\/\/www.europesays.com\/no\/wp-content\/uploads\/2025\/11\/7490644.webp\" width=\"480\" height=\"332\" title=\"FLOTT PAR: Her er Tone p\u00e5 Elle-galla sammen med forloveden, Markus Foss. Sammen har de barna Billie og Marlon.\" alt=\"\" loading=\"lazy\" style=\"\"\/><\/p>\n<p>\n            <b>FLOTT PAR:<\/b> Her er Tone p\u00e5 Elle-galla sammen med forloveden, Markus Foss. Sammen har de barna Billie og Marlon.\u00a0<br \/>\n            Svein Brimi\n        <\/p>\n<p>\u2013 Jeg er ganske engstelig, egentlig. S\u00e5 jeg pleier \u00e5 kalle meg en adrenalins\u00f8kende reddhare, sier hun og ler.<\/p>\n<p>Til tross for nerver og harde arbeidsdager, er det ett sted hun alltid finner ny energi \u2013 p\u00e5 scenen.<\/p>\n<p>\u2013 \u00c5 st\u00e5 der, gir meg s\u00e5 mye. Etter sommeren har jeg hatt noen opptredener, og det har v\u00e6rt utrolig godt \u00e5 kjenne p\u00e5 det som faktisk gir, i stedet for det som tar.\u00a0<\/p>\n","protected":false},"excerpt":{"rendered":"Etter et tungt \u00e5r, har Tone Damli f\u00e5tt ny giv som detektiv i \u00abMaskorama\u00bb, samtidig som hun markerer&hellip;\n","protected":false},"author":2,"featured_media":81485,"comment_status":"","ping_status":"","sticky":false,"template":"","format":"standard","meta":{"footnotes":""},"categories":[58],"tags":[71,30,28,29,72],"class_list":{"0":"post-81484","1":"post","2":"type-post","3":"status-publish","4":"format-standard","5":"has-post-thumbnail","7":"category-underholdning","8":"tag-entertainment","9":"tag-no","10":"tag-norge","11":"tag-norway","12":"tag-underholdning"},"share_on_mastodon":{"url":"https:\/\/pubeurope.com\/@no\/115511163984859330","error":""},"_links":{"self":[{"href":"https:\/\/www.europesays.com\/no\/wp-json\/wp\/v2\/posts\/81484","targetHints":{"allow":["GET"]}}],"collection":[{"href":"https:\/\/www.europesays.com\/no\/wp-json\/wp\/v2\/posts"}],"about":[{"href":"https:\/\/www.europesays.com\/no\/wp-json\/wp\/v2\/types\/post"}],"author":[{"embeddable":true,"href":"https:\/\/www.europesays.com\/no\/wp-json\/wp\/v2\/users\/2"}],"replies":[{"embeddable":true,"href":"https:\/\/www.europesays.com\/no\/wp-json\/wp\/v2\/comments?post=81484"}],"version-history":[{"count":0,"href":"https:\/\/www.europesays.com\/no\/wp-json\/wp\/v2\/posts\/81484\/revisions"}],"wp:featuredmedia":[{"embeddable":true,"href":"https:\/\/www.europesays.com\/no\/wp-json\/wp\/v2\/media\/81485"}],"wp:attachment":[{"href":"https:\/\/www.europesays.com\/no\/wp-json\/wp\/v2\/media?parent=81484"}],"wp:term":[{"taxonomy":"category","embeddable":true,"href":"https:\/\/www.europesays.com\/no\/wp-json\/wp\/v2\/categories?post=81484"},{"taxonomy":"post_tag","embeddable":true,"href":"https:\/\/www.europesays.com\/no\/wp-json\/wp\/v2\/tags?post=81484"}],"curies":[{"name":"wp","href":"https:\/\/api.w.org\/{rel}","templated":true}]}}