{"id":81488,"date":"2025-11-08T00:08:09","date_gmt":"2025-11-08T00:08:09","guid":{"rendered":"https:\/\/www.europesays.com\/no\/81488\/"},"modified":"2025-11-08T00:08:09","modified_gmt":"2025-11-08T00:08:09","slug":"usa-deltar-ikke-pa-g20-motet-i-sor-afrika","status":"publish","type":"post","link":"https:\/\/www.europesays.com\/no\/81488\/","title":{"rendered":"USA deltar ikke p\u00e5 G20-m\u00f8tet i S\u00f8r-Afrika"},"content":{"rendered":"\n<p class=\"_lead_o9xde_2 _lead_xtcu6_50 layout-component text-serif-m layout-normal text-serif-l layout-component layout-wide layout-padded _wide_17hqh_1 layout-padded\">USA sender ingen offisielle representanter til G20-toppm\u00f8tet i S\u00f8r-Afrika, sier Donald Trump og gjentar udokumenterte anklager om folkemord p\u00e5 hvite i landet. <\/p>\n<p><img alt=\"Donald Trump sier USA ikke kommer til \u00e5 sende noen offisielle representanter til det kommende G20-toppm\u00f8tet i S\u00f8r-Afrika. Neste \u00e5r tar USA over formannskapet i gruppen, og Trump planlegger toppm\u00f8te p\u00e5 hans egen golfklubb i Florida.  Foto: Evan Vucci \/ AP \/ NTB\" class=\"_image_qp4xg_65 layout-component layout-wide\" data-fullscreen- data-track-element-type=\"Article image fullscreen\" data-track-name=\"ImageFullscreen\" fetchpriority=\"high\" decoding=\"sync\" loading=\"eager\" height=\"3887\" itemprop=\"image\"  src=\"https:\/\/www.europesays.com\/no\/wp-content\/uploads\/2025\/11\/a8bbd952-bb6c-4470-95d0-56090444f0f7\"  style=\"object-position:0% 0%\" width=\"5830\"\/>Donald Trump sier USA ikke kommer til \u00e5 sende noen offisielle representanter til det kommende G20-toppm\u00f8tet i S\u00f8r-Afrika. Neste \u00e5r tar USA over formannskapet i gruppen, og Trump planlegger toppm\u00f8te p\u00e5 hans egen golfklubb i Florida.  Foto: Evan Vucci \/ AP \/ NTB<\/p>\n<ul aria-hidden=\"true\" class=\"_images_18f0k_111\">\n<li><a class=\"_link_18f0k_116\" href=\"https:\/\/www.vg.no\/forfatter\/ntb\" style=\"z-index:1\" title=\"NTB\" rel=\"nofollow noopener\" target=\"_blank\"><img alt=\"Bilde av NTB\" class=\"_image_18f0k_93\" fetchpriority=\"low\" loading=\"lazy\" decoding=\"async\" itemprop=\"image\"  src=\"https:\/\/www.europesays.com\/no\/wp-content\/uploads\/2025\/11\/1762560489_871_c33980b0-5d07-4027-84a1-813f90a7c8d6\"  width=\"480\"\/><\/a><\/li>\n<\/ul>\n<p> Oppdatert l\u00f8rdag 8. november kl. 00:45     <\/p>\n<p class=\"_paragraph_o9xde_4 _paragraph_xtcu6_10 layout-component text-serif-m layout-normal text-serif-m layout-padded\">I september sa Trump at visepresident J.D. Vance ville ta hans plass p\u00e5 m\u00f8tet som holdes senere denne m\u00e5neden. N\u00e5 sier den amerikanske presidenten at USA ikke skal delta.<\/p>\n<p class=\"_paragraph_o9xde_4 _paragraph_xtcu6_10 layout-component text-serif-m layout-normal text-serif-m layout-padded\">\u2013 Det er fullstendig skammelig at G20-m\u00f8tet holdes i S\u00f8r-Afrika. Ingen offisielle representanter fra USA vil delta s\u00e5 lenge disse menneskerettsbruddene foreg\u00e5r, skriver Trump p\u00e5 Truth Social.<\/p>\n<p class=\"_paragraph_o9xde_4 _paragraph_xtcu6_10 layout-component text-serif-m layout-normal text-serif-m layout-padded\">Trump sier at afrikandere, hvite etterkommere etter de f\u00f8rste europeerne som bosatte seg i S\u00f8r-Afrika, \u00abblir drept og slaktet, og jorden og g\u00e5rdene deres blir konfiskert ulovlig\u00bb. Etter at han kom tilbake til makten i januar har Trump gjentatte ganger langet ut mot S\u00f8r-Afrika i flere sammenhenger, inkludert udokumenterte p\u00e5stander om at det p\u00e5g\u00e5r et \u00abhvitt folkemord\u00bb i landet. <\/p>\n<p class=\"_paragraph_o9xde_4 _paragraph_xtcu6_10 layout-component text-serif-m layout-normal text-serif-m layout-padded\">Den amerikanske presidenten har anklaget S\u00f8r-Afrikas regjering for \u00e5 drive en kampanje mot hvite b\u00f8nder. Landets myndigheter avviser dette.<\/p>\n<p class=\"_paragraph_o9xde_4 _paragraph_xtcu6_10 layout-component text-serif-m layout-normal text-serif-m layout-padded\">Nylig kunngjorde Trump et kraftig kutt i USAs mottak av flyktninger til rekordlave 7500 i \u00e5ret. og han sa samtidig at hvite s\u00f8rafrikanere skal prioriteters.<\/p>\n<p class=\"_paragraph_o9xde_4 _paragraph_xtcu6_10 layout-component text-serif-m layout-normal text-serif-m layout-padded\">Til neste \u00e5r tar USA over formannskapet i G20 fra S\u00f8r-Afrika. Trump sier han gleder seg til neste \u00e5rs toppm\u00f8te, som skal holdes p\u00e5 golfklubben han eier i Miami.<\/p>\n","protected":false},"excerpt":{"rendered":"USA sender ingen offisielle representanter til G20-toppm\u00f8tet i S\u00f8r-Afrika, sier Donald Trump og gjentar udokumenterte anklager om folkemord&hellip;\n","protected":false},"author":2,"featured_media":81489,"comment_status":"","ping_status":"","sticky":false,"template":"","format":"standard","meta":{"footnotes":""},"categories":[12],"tags":[20,21,55,24,25,4566,15,22,23,13,30,28,29,14,16,7700,26,27,50,42,43,44,45],"class_list":{"0":"post-81488","1":"post","2":"type-post","3":"status-publish","4":"format-standard","5":"has-post-thumbnail","7":"category-verden","8":"tag-breaking-news","9":"tag-breakingnews","10":"tag-donald-trump","11":"tag-featured-news","12":"tag-featurednews","13":"tag-g20","14":"tag-headlines","15":"tag-latest-news","16":"tag-latestnews","17":"tag-news","18":"tag-no","19":"tag-norge","20":"tag-norway","21":"tag-nyheter","22":"tag-overskrifter","23":"tag-sor-afrika","24":"tag-top-stories","25":"tag-topstories","26":"tag-usa","27":"tag-verden","28":"tag-world","29":"tag-world-news","30":"tag-worldnews"},"share_on_mastodon":{"url":"https:\/\/pubeurope.com\/@no\/115511171768044550","error":""},"_links":{"self":[{"href":"https:\/\/www.europesays.com\/no\/wp-json\/wp\/v2\/posts\/81488","targetHints":{"allow":["GET"]}}],"collection":[{"href":"https:\/\/www.europesays.com\/no\/wp-json\/wp\/v2\/posts"}],"about":[{"href":"https:\/\/www.europesays.com\/no\/wp-json\/wp\/v2\/types\/post"}],"author":[{"embeddable":true,"href":"https:\/\/www.europesays.com\/no\/wp-json\/wp\/v2\/users\/2"}],"replies":[{"embeddable":true,"href":"https:\/\/www.europesays.com\/no\/wp-json\/wp\/v2\/comments?post=81488"}],"version-history":[{"count":0,"href":"https:\/\/www.europesays.com\/no\/wp-json\/wp\/v2\/posts\/81488\/revisions"}],"wp:featuredmedia":[{"embeddable":true,"href":"https:\/\/www.europesays.com\/no\/wp-json\/wp\/v2\/media\/81489"}],"wp:attachment":[{"href":"https:\/\/www.europesays.com\/no\/wp-json\/wp\/v2\/media?parent=81488"}],"wp:term":[{"taxonomy":"category","embeddable":true,"href":"https:\/\/www.europesays.com\/no\/wp-json\/wp\/v2\/categories?post=81488"},{"taxonomy":"post_tag","embeddable":true,"href":"https:\/\/www.europesays.com\/no\/wp-json\/wp\/v2\/tags?post=81488"}],"curies":[{"name":"wp","href":"https:\/\/api.w.org\/{rel}","templated":true}]}}