{"id":81500,"date":"2025-11-08T01:25:09","date_gmt":"2025-11-08T01:25:09","guid":{"rendered":"https:\/\/www.europesays.com\/no\/81500\/"},"modified":"2025-11-08T01:25:09","modified_gmt":"2025-11-08T01:25:09","slug":"mann-truet-med-oks-og-fremsatte-drapstrusler","status":"publish","type":"post","link":"https:\/\/www.europesays.com\/no\/81500\/","title":{"rendered":"Mann truet med \u00f8ks og fremsatte drapstrusler"},"content":{"rendered":"\n<p class=\"_lead_o9xde_2 _lead_xtcu6_50 layout-component text-serif-m layout-normal text-serif-l layout-component layout-wide layout-padded _wide_17hqh_1 layout-padded\">Mann i 40-\u00e5rene p\u00e5grepet i Vestby. <\/p>\n<ul aria-hidden=\"true\" class=\"_images_18f0k_111\">\n<li><a class=\"_link_18f0k_116\" href=\"https:\/\/www.vg.no\/forfatter\/hege-varsi\" style=\"z-index:1\" title=\"Hege Varsi\" rel=\"nofollow noopener\" target=\"_blank\"><img alt=\"Bilde av Hege Varsi\" class=\"_image_18f0k_93\" fetchpriority=\"low\" loading=\"lazy\" decoding=\"async\" itemprop=\"image\"  src=\"https:\/\/www.europesays.com\/no\/wp-content\/uploads\/2025\/11\/1762565109_892_d48c09ee-ae08-4a71-8e5b-8db7c6b4f37d\"  width=\"480\"\/><\/a><\/li>\n<\/ul>\n<p> Oppdatert l\u00f8rdag 8. november kl. 01:57     <\/p>\n<p class=\"_paragraph_o9xde_4 _paragraph_xtcu6_10 layout-component text-serif-m layout-normal text-serif-m layout-padded\">En mann i 40-\u00e5rene er p\u00e5grepet etter \u00e5 ha truet en annen person med \u00f8ks natt til l\u00f8rdag, melder \u00d8st politidistrikt 01.45 natt til l\u00f8rdag.<\/p>\n<p class=\"_paragraph_o9xde_4 _paragraph_xtcu6_10 layout-component text-serif-m layout-normal text-serif-m layout-padded\">Hendelsen skjedde ved 00.30-tiden da gjerningsmannen opps\u00f8kte en mann i 60-\u00e5rene med \u00f8ks. Mannen skal if\u00f8lge politiet ha sl\u00e5tt hull i en d\u00f8r med \u00f8ksen og fremsatt drapstrusler mot den andre personen.<\/p>\n<p class=\"_paragraph_o9xde_4 _paragraph_xtcu6_10 layout-component text-serif-m layout-normal text-serif-m layout-padded\">Forn\u00e6rmede klarte \u00e5 l\u00e5se seg inne p\u00e5 sitt rom f\u00f8r politiet kom til stedet og fikk kontroll p\u00e5 situasjonen. Ingen ble fysisk skadet i hendelsen.<\/p>\n<p class=\"_paragraph_o9xde_4 _paragraph_xtcu6_10 layout-component text-serif-m layout-normal text-serif-m layout-padded\">Begge mennene bor p\u00e5 samme adresse, men det er ikke noen famili\u00e6r relasjon mellom dem, opplyser politiet.<\/p>\n<p class=\"_paragraph_o9xde_4 _paragraph_xtcu6_10 layout-component text-serif-m layout-normal text-serif-m layout-padded\">Den p\u00e5grepne er en mann i 40-\u00e5rene som ikke er norsk statsborger. Han vil etter hvert bli avh\u00f8rt av politiet.<\/p>\n<p class=\"_paragraph_o9xde_4 _paragraph_xtcu6_10 layout-component text-serif-m layout-normal text-serif-m layout-padded\">Motivet for handlingen er ikke avklart per n\u00e5.<\/p>\n","protected":false},"excerpt":{"rendered":"Mann i 40-\u00e5rene p\u00e5grepet i Vestby. Oppdatert l\u00f8rdag 8. november kl. 01:57 En mann i 40-\u00e5rene er p\u00e5grepet&hellip;\n","protected":false},"author":2,"featured_media":81501,"comment_status":"","ping_status":"","sticky":false,"template":"","format":"standard","meta":{"footnotes":""},"categories":[12],"tags":[20,21,24,25,15,22,23,13,30,28,29,14,16,415,26,27,42,1922,46,43,44,45],"class_list":{"0":"post-81500","1":"post","2":"type-post","3":"status-publish","4":"format-standard","5":"has-post-thumbnail","7":"category-verden","8":"tag-breaking-news","9":"tag-breakingnews","10":"tag-featured-news","11":"tag-featurednews","12":"tag-headlines","13":"tag-latest-news","14":"tag-latestnews","15":"tag-news","16":"tag-no","17":"tag-norge","18":"tag-norway","19":"tag-nyheter","20":"tag-overskrifter","21":"tag-ost-politidistrikt","22":"tag-top-stories","23":"tag-topstories","24":"tag-verden","25":"tag-vestby","26":"tag-vgai","27":"tag-world","28":"tag-world-news","29":"tag-worldnews"},"share_on_mastodon":{"url":"https:\/\/pubeurope.com\/@no\/115511474557355125","error":""},"_links":{"self":[{"href":"https:\/\/www.europesays.com\/no\/wp-json\/wp\/v2\/posts\/81500","targetHints":{"allow":["GET"]}}],"collection":[{"href":"https:\/\/www.europesays.com\/no\/wp-json\/wp\/v2\/posts"}],"about":[{"href":"https:\/\/www.europesays.com\/no\/wp-json\/wp\/v2\/types\/post"}],"author":[{"embeddable":true,"href":"https:\/\/www.europesays.com\/no\/wp-json\/wp\/v2\/users\/2"}],"replies":[{"embeddable":true,"href":"https:\/\/www.europesays.com\/no\/wp-json\/wp\/v2\/comments?post=81500"}],"version-history":[{"count":0,"href":"https:\/\/www.europesays.com\/no\/wp-json\/wp\/v2\/posts\/81500\/revisions"}],"wp:featuredmedia":[{"embeddable":true,"href":"https:\/\/www.europesays.com\/no\/wp-json\/wp\/v2\/media\/81501"}],"wp:attachment":[{"href":"https:\/\/www.europesays.com\/no\/wp-json\/wp\/v2\/media?parent=81500"}],"wp:term":[{"taxonomy":"category","embeddable":true,"href":"https:\/\/www.europesays.com\/no\/wp-json\/wp\/v2\/categories?post=81500"},{"taxonomy":"post_tag","embeddable":true,"href":"https:\/\/www.europesays.com\/no\/wp-json\/wp\/v2\/tags?post=81500"}],"curies":[{"name":"wp","href":"https:\/\/api.w.org\/{rel}","templated":true}]}}