{"id":81521,"date":"2025-11-08T02:34:23","date_gmt":"2025-11-08T02:34:23","guid":{"rendered":"https:\/\/www.europesays.com\/no\/81521\/"},"modified":"2025-11-08T02:34:23","modified_gmt":"2025-11-08T02:34:23","slug":"vaer-sno-sendt-ut-farevarsel-slik-blir-helgevaeret","status":"publish","type":"post","link":"https:\/\/www.europesays.com\/no\/81521\/","title":{"rendered":"V\u00e6r, Sn\u00f8 | Sendt ut farevarsel \u2013 slik blir helgev\u00e6ret"},"content":{"rendered":"\n<p>Et lavtrykk vil by p\u00e5 varierende v\u00e6r i helga. Fredag vil det v\u00e6re enkelte regnbyger, men noe avtakende mot kveldstid. Fra l\u00f8rdag ettermiddag kan det komme sluddbyger og etter hvert sn\u00f8byger. Det skriver <a href=\"https:\/\/www.met.no\/vaer-og-klima\/tekstvarsel\" rel=\"Follow nofollow noopener\" target=\"_blank\">Meteorologisk institutt p\u00e5 sine sider<\/a>.<\/p>\n<p>Det g\u00e5r ogs\u00e5 mot kaldere temperaturer, og sn\u00f8grensen vil senke seg. P\u00e5 dagtid ligger sn\u00f8en over 700\u2013900 meter, mens den fredag kveld kan falle ned til 300\u2013500 meter, melder de.<\/p>\n<p>Kan komme sn\u00f8<\/p>\n<p>S\u00f8ndag ventes det mye vind og sn\u00f8byger i Nord-Norge. Det skriver <a href=\"https:\/\/x.com\/Meteorologene\/status\/1986784027840323664\" rel=\"nofollow\">Meteorologene p\u00e5 X<\/a>.<\/p>\n<p>Johanne Ordahl i MET forteller at nedb\u00f8ren p\u00e5 s\u00f8ndag kan b\u00e5de komme som regn og sludd.<\/p>\n<p>Utover neste uke faller temperaturene til minusgrader. Til tross for kulden er det imidlertid ikke meldt mye nedb\u00f8r.<\/p>\n<p>\u2013 Hvis det skulle komme, s\u00e5 kommer den som sn\u00f8, selv i lavlandet, forteller Ordahl.<\/p>\n<p>Hvor lenge kulden varer, kunne meteorologen ikke gi et klart svar p\u00e5 enda.<\/p>\n<p>\u2013 Kulden skyldes et lavtrykk som kommer fra nord for Gr\u00f8nland, som beveger seg s\u00f8r\u00f8st og gir nordvestlige vinder. N\u00e5r den har passert, s\u00e5 f\u00e5r vi se hva som dukker opp.<\/p>\n<p>Farevarsel: \u2013 Kj\u00f8r etter forholdene<\/p>\n<p>Det er ogs\u00e5 sendt ut gult farevarsel om sn\u00f8fokk i deler av Troms og Finnmark.<\/p>\n<p>   <img decoding=\"async\" width=\"1200\" height=\"675\" fetchpriority=\"low\"  loading=\"lazy\"  src=\"https:\/\/www.europesays.com\/no\/wp-content\/uploads\/2025\/11\/G5J5ZNjXAAAUd1q.png\" alt=\"\" class=\"brick-c-cFOWSL\" style=\"--brick-image-ratio: 1200 \/ 675;\"\/><\/p>\n<p>      FARE: Det kan bli sn\u00f8fokk i deler av Troms og Finnmark.<br \/>\n      Foto: Meteorologene\n    <\/p>\n<p>\u2013 Kj\u00f8r etter forholdene. Vi forventer redusert framkommelighet i h\u00f8yden, skriver de.<\/p>\n<p>Meteorologen h\u00e5per alle bilistene har f\u00e5tt byttet til vinterdekk.<\/p>\n<p>\u2013 Iallfall n\u00e5 i overgangsfasen der det kan v\u00e6re plussgrader p\u00e5 lavlandet og minusgrader i h\u00f8yden. Da kan det dannes is p\u00e5 veiene hvis det har v\u00e6rt nedb\u00f8r.<\/p>\n<p>N\u00e5r det gjelder skif\u00f8ret, sier Ordahl at det er bare \u00e5 vente i spenning.<\/p>\n<p>\u2013 Det er ikke store mengder enda, og hvis man drar lenger inn i fjellet s\u00e5 kan det v\u00e6re litt sn\u00f8.<\/p>\n<p>Hvis man skal st\u00e5 p\u00e5 ski, er det kanskje f\u00f8re for \u00e5 bruke , siden det fortsatt kan v\u00e6re litt grus under sn\u00f8en, avslutter hun.<\/p>\n","protected":false},"excerpt":{"rendered":"Et lavtrykk vil by p\u00e5 varierende v\u00e6r i helga. Fredag vil det v\u00e6re enkelte regnbyger, men noe avtakende&hellip;\n","protected":false},"author":2,"featured_media":81522,"comment_status":"","ping_status":"","sticky":false,"template":"","format":"standard","meta":{"footnotes":""},"categories":[10],"tags":[36,20,21,24,25,15,8981,22,23,3589,13,30,28,29,14,16,6527,1510,26,27,224,553],"class_list":{"0":"post-81521","1":"post","2":"type-post","3":"status-publish","4":"format-standard","5":"has-post-thumbnail","7":"category-norge","8":"tag-art","9":"tag-breaking-news","10":"tag-breakingnews","11":"tag-featured-news","12":"tag-featurednews","13":"tag-headlines","14":"tag-kulde","15":"tag-latest-news","16":"tag-latestnews","17":"tag-meteorologene","18":"tag-news","19":"tag-no","20":"tag-norge","21":"tag-norway","22":"tag-nyheter","23":"tag-overskrifter","24":"tag-sno","25":"tag-story","26":"tag-top-stories","27":"tag-topstories","28":"tag-trafikk","29":"tag-vaer"},"share_on_mastodon":{"url":"https:\/\/pubeurope.com\/@no\/115511745876123558","error":""},"_links":{"self":[{"href":"https:\/\/www.europesays.com\/no\/wp-json\/wp\/v2\/posts\/81521","targetHints":{"allow":["GET"]}}],"collection":[{"href":"https:\/\/www.europesays.com\/no\/wp-json\/wp\/v2\/posts"}],"about":[{"href":"https:\/\/www.europesays.com\/no\/wp-json\/wp\/v2\/types\/post"}],"author":[{"embeddable":true,"href":"https:\/\/www.europesays.com\/no\/wp-json\/wp\/v2\/users\/2"}],"replies":[{"embeddable":true,"href":"https:\/\/www.europesays.com\/no\/wp-json\/wp\/v2\/comments?post=81521"}],"version-history":[{"count":0,"href":"https:\/\/www.europesays.com\/no\/wp-json\/wp\/v2\/posts\/81521\/revisions"}],"wp:featuredmedia":[{"embeddable":true,"href":"https:\/\/www.europesays.com\/no\/wp-json\/wp\/v2\/media\/81522"}],"wp:attachment":[{"href":"https:\/\/www.europesays.com\/no\/wp-json\/wp\/v2\/media?parent=81521"}],"wp:term":[{"taxonomy":"category","embeddable":true,"href":"https:\/\/www.europesays.com\/no\/wp-json\/wp\/v2\/categories?post=81521"},{"taxonomy":"post_tag","embeddable":true,"href":"https:\/\/www.europesays.com\/no\/wp-json\/wp\/v2\/tags?post=81521"}],"curies":[{"name":"wp","href":"https:\/\/api.w.org\/{rel}","templated":true}]}}