{"id":81525,"date":"2025-11-08T02:41:12","date_gmt":"2025-11-08T02:41:12","guid":{"rendered":"https:\/\/www.europesays.com\/no\/81525\/"},"modified":"2025-11-08T02:41:12","modified_gmt":"2025-11-08T02:41:12","slug":"lever-i-konstant-frykt","status":"publish","type":"post","link":"https:\/\/www.europesays.com\/no\/81525\/","title":{"rendered":"&#8211; Lever i konstant frykt"},"content":{"rendered":"<p>    Kort fortalt<\/p>\n<ul lang=\"nb-NO\">\n<li>Marti Evju, en influenser med over 110 000 f\u00f8lgere, hun opplever konstant frykt p\u00e5 grunn av sin kj\u00f8nnsidentitet.<\/li>\n<li>Under et butikkbes\u00f8k ble hun utsatt for trakassering av to menn som ropte nedsettende kommentarer, forteller hun til Dagbladet.<\/li>\n<li>Evju f\u00f8lte seg truet da mennene filmet henne og fors\u00f8kte \u00e5 \u00e5pne bild\u00f8ren hennes, noe som f\u00f8rte til at hun ringte politiet.<\/li>\n<li>Hun oppfordrer folk til \u00e5 si ifra n\u00e5r de ser hets, og kritiserer dobbeltmoralen i samfunnet.<\/li>\n<\/ul>\n<p class=\"italic ai-disclaimer\" data-lab-italic=\"italic\">Sammendraget er laget av ChatGPT og godkjent av Dagbladet.<\/p>\n<p>      Vis mer<br \/>\n      Vis mindre<\/p>\n<p> &#8211; Jeg er redd hver gang jeg g\u00e5r ut d\u00f8ra, forteller Evju. <\/p>\n<p>Marti\u00a0Evju (22) skulle bare kj\u00f8pe seg en drikke p\u00e5 butikken, men butikkbes\u00f8ket endte i en telefon til politiet.\u00a0<\/p>\n<p>Hun beskriver hendelsen som langt ifra unik.<\/p>\n<p>Evju er influenser og har lenge v\u00e6rt \u00e5pen om sin kj\u00f8nnsidentitet. Hun deler fra livet sitt p\u00e5 sosiale medier, der hun g\u00e5r under navnet \u00abMcmartii\u00bb.<\/p>\n<p>P\u00e5 TikTok har hun over 110 000 f\u00f8lgere.<\/p>\n<p>Influenseren ble f\u00f8dt som biologisk mann, men forteller at hun alltid har visst at hun er kvinne. I dag er hun registrert som kvinne i Folkeregisteret.<\/p>\n<p>          <img loading=\"lazy\" decoding=\"async\" src=\"https:\/\/www.europesays.com\/no\/wp-content\/uploads\/2025\/11\/83816125.webp\" width=\"980\" height=\"559\" title=\"OPPR\u00d8RT: - Jeg opplever hets hver dag enten p\u00e5 internett eller i virkeligheten, sier Marti Evju. Foto: Privat\" alt=\"\" class=\"\" style=\"--aspect-ratio-image: 1.75; \"\/><\/p>\n<p>\n          OPPR\u00d8RT: &#8211; Jeg opplever hets hver dag enten p\u00e5 internett eller i virkeligheten, sier Marti Evju. Foto: Privat\n      <\/p>\n<p class=\"font-weight-normal m-font-weight-normal\" data-lab-font_weight=\"font-weight-normal\"> Hun hadde v\u00e6rt ute og g\u00e5tt tur med hunden sin i Fredrikstad, og bestemte seg for \u00e5 stikke innom butikken da to menn skal ha begynt \u00e5 stirre og rope til henne, forteller Evju.<\/p>\n<p class=\"font-weight-normal m-font-weight-normal\" data-lab-font_weight=\"font-weight-normal\">&#8211; De ropte \u00abladyboy\u00bb og \u00abtranse\u00bb, hevder hun.<\/p>\n<p class=\"font-weight-normal m-font-weight-normal\" data-lab-font_weight=\"font-weight-normal\"> Hun sier at hun fors\u00f8kte \u00e5 ignorere dem, i h\u00e5p om at de skulle gi seg. Det gjorde de ikke, sier hun. <\/p>\n<p>    <a itemprop=\"url\" href=\"https:\/\/www.dagbladet.no\/nyheter\/frykter-at-buksene-buler-ut\/83814926\" rel=\"nofollow noopener\" target=\"_blank\"><\/p>\n<p>      <img loading=\"lazy\" decoding=\"async\" src=\"https:\/\/www.europesays.com\/no\/wp-content\/uploads\/2025\/11\/83815600.webp\" width=\"980\" height=\"441\" title=\"\u00abFrykter at buksene buler ut\u00bb\" alt=\"\" class=\"lazyload\" style=\"--aspect-ratio-image: 2.22; \"\/><\/p>\n<p>        \u00abFrykter at buksene buler ut\u00bb<\/p>\n<p>    <\/a><\/p>\n<p class=\"font-weight-bold m-font-weight-bold\" data-lab-font_weight=\"font-weight-bold\">&#8211;\u00a0 Jeg aner ikke hva de hadde tenkt \u00e5 gj\u00f8re.<\/p>\n<p class=\"font-weight-normal m-font-weight-normal\" data-lab-font_weight=\"font-weight-normal\"> Da Evju kom ut til bilen, s\u00e5 hun at mennene hadde parkert ved siden av henne.\u00a0<\/p>\n<p class=\"font-weight-normal m-font-weight-normal\" data-lab-font_weight=\"font-weight-normal\">Deretter begynte de \u00e5 filme henne p\u00e5 en h\u00e5nlig m\u00e5te, forteller Evju. <\/p>\n<p class=\"font-weight-normal m-font-weight-normal\" data-lab-font_weight=\"font-weight-normal\">&#8211;\u00a0 Jeg f\u00f8lte at jeg m\u00e5tte komme meg vekk. Jeg visste at jeg ikke hadde en sjanse mot dem om noe skulle skje, sier hun. <\/p>\n<p>          <img loading=\"lazy\" decoding=\"async\" src=\"https:\/\/www.europesays.com\/no\/wp-content\/uploads\/2025\/11\/83811738.webp\" width=\"686\" height=\"789\" title=\"FILMET: Evju tok bilde av mennene, bak sladden ser man at de holder opp mobilen og peker den mot Evju mens de ler. Foto: Privat\" alt=\"\" class=\"\" style=\"--aspect-ratio-image: 0.87; \"\/><\/p>\n<p>\n          FILMET: Evju tok bilde av mennene, bak sladden ser man at de holder opp mobilen og peker den mot Evju mens de ler. Foto: Privat\n      <\/p>\n<p class=\"font-weight-normal m-font-weight-normal\" data-lab-font_weight=\"font-weight-normal\"> Evju forteller at den ene mannen stilte seg bak bilen hennes, mens den andre sto foran. Hun f\u00f8lte seg innestengt. <\/p>\n<p class=\"font-weight-bold m-font-weight-bold\" data-lab-font_weight=\"font-weight-bold\">&#8211; De pr\u00f8vde \u00e5 \u00e5pne d\u00f8ra mi. Jeg aner ikke hva de hadde tenkt \u00e5 gj\u00f8re, sier hun. <\/p>\n<p data-lab-font_weight=\"\">22- \u00e5ringen l\u00e5ste bilen og ringte politiet. Det tok rundt 25 minutter f\u00f8r patruljen kom og viste mennene bort.\u00a0<\/p>\n<p data-lab-font_weight=\"\">Politiet ba henne m\u00f8te opp p\u00e5 stasjonen for \u00e5 anmelde forholdet, forteller Evju. <\/p>\n<p>          <img loading=\"lazy\" decoding=\"async\" src=\"https:\/\/www.europesays.com\/no\/wp-content\/uploads\/2025\/11\/83816123.webp\" width=\"980\" height=\"559\" title=\"IKKE UVANT: Evju forteller at hun under flere anledninger har v\u00e6rt n\u00f8dt til \u00e5 kontakte politiet. - Politiet har tatt meg seri\u00f8st, og gitt meg god hjelp f\u00f8r, forteller hun. Foto: Privat\" alt=\"\" class=\"\" style=\"--aspect-ratio-image: 1.75; \"\/><\/p>\n<p>\n          IKKE UVANT: Evju forteller at hun under flere anledninger har v\u00e6rt n\u00f8dt til \u00e5 kontakte politiet. &#8211; Politiet har tatt meg seri\u00f8st, og gitt meg god hjelp f\u00f8r, forteller hun. Foto: Privat\n      <\/p>\n<p data-lab-font_weight=\"\"> Evju var i avh\u00f8r tirsdag, og forholdet anmeldt.<\/p>\n<p data-lab-font_weight=\"\">Dette bekrefter seksjonsleder Yvonne Schilling i \u00d8st politidistrikt overfor Dagbladet. <\/p>\n<p class=\"font-weight-normal m-font-weight-normal\" data-lab-font_weight=\"font-weight-normal\">&#8211; Det gikk mye fortere enn forventet, sier influenseren.<\/p>\n<p>          <img loading=\"lazy\" decoding=\"async\" src=\"https:\/\/www.europesays.com\/no\/wp-content\/uploads\/2025\/11\/83809787.webp\" width=\"686\" height=\"817\" title=\"\u00c5PEN: Her er Marti Evju p\u00e5 VG-lista, hun er ikledd en t-skjorte med et slagord for beskyttelse av transpersoners rettigheter. Foto: Tor Erik Schr\u00f8der \/ NTB\" alt=\"\" class=\"\" style=\"--aspect-ratio-image: 0.84; \"\/><\/p>\n<p>\n          \u00c5PEN: Her er Marti Evju p\u00e5 VG-lista, hun er ikledd en t-skjorte med et slagord for beskyttelse av transpersoners rettigheter. Foto: Tor Erik Schr\u00f8der \/ NTB\n      <\/p>\n<p class=\"font-weight-black m-font-weight-black\" data-lab-font_weight=\"font-weight-black\"> &#8211; Jeg er blitt paranoid <\/p>\n<p class=\"font-weight-normal m-font-weight-normal\" data-lab-font_weight=\"font-weight-normal\"> Det er ikke f\u00f8rste gang hun opplever hets. I 2021 ble Evju ogs\u00e5 angrepet p\u00e5 \u00e5pen gate i Oslo, en hendelse som fikk stor oppmerksomhet og ble omtalt av <a href=\"https:\/\/www.nrk.no\/ostfold\/marti-_mcmartii_-evju-angrepet-pa-apen-gate-1.15658803\" target=\"_new\" rel=\"nofollow noopener\">NRK.<\/a><\/p>\n<p class=\"font-weight-normal m-font-weight-normal\" data-lab-font_weight=\"font-weight-normal\">Hun forteller at hun i dag lever i konstant frykt.<\/p>\n<p class=\"font-weight-normal m-font-weight-normal\" data-lab-font_weight=\"font-weight-normal\">&#8211; Jeg har blitt paranoid. Jeg har alltid med meg en svart hettegenser som jeg kan ta p\u00e5 meg for \u00e5 skjule hvem jeg er, sier hun. <\/p>\n<p class=\"font-weight-normal m-font-weight-normal\" data-lab-font_weight=\"font-weight-normal\">Evju kommer med en klar oppfordring til folk rundt:<\/p>\n<p class=\"font-weight-bold m-font-weight-bold\" data-lab-font_weight=\"font-weight-bold\">&#8211; Om du ser noen bli utsatt for hets, si ifra. Ikke la det passere.<\/p>\n<p class=\"font-weight-normal m-font-weight-normal\" data-lab-font_weight=\"font-weight-normal\">Hun mener det finnes en dobbeltmoral i samfunnet.<\/p>\n<p class=\"font-weight-normal m-font-weight-normal\" data-lab-font_weight=\"font-weight-normal\">&#8211;\u00a0 Mennene som angrep meg hadde ogs\u00e5 minoritetsbakgrunn. Man kan ikke klage over \u00e5 bli utsatt for hets for den man er, hvis man selv gj\u00f8r det mot andre. I Norge skal man kunne v\u00e6re seg selv, sier Evju. <\/p>\n","protected":false},"excerpt":{"rendered":"Kort fortalt Marti Evju, en influenser med over 110 000 f\u00f8lgere, hun opplever konstant frykt p\u00e5 grunn av&hellip;\n","protected":false},"author":2,"featured_media":81526,"comment_status":"","ping_status":"","sticky":false,"template":"","format":"standard","meta":{"footnotes":""},"categories":[10],"tags":[20,21,24,25,15,2229,2539,22,23,13,30,28,29,14,16,11040,26,27],"class_list":{"0":"post-81525","1":"post","2":"type-post","3":"status-publish","4":"format-standard","5":"has-post-thumbnail","7":"category-norge","8":"tag-breaking-news","9":"tag-breakingnews","10":"tag-featured-news","11":"tag-featurednews","12":"tag-headlines","13":"tag-influenser","14":"tag-innenriks","15":"tag-latest-news","16":"tag-latestnews","17":"tag-news","18":"tag-no","19":"tag-norge","20":"tag-norway","21":"tag-nyheter","22":"tag-overskrifter","23":"tag-skeive-rettigheter","24":"tag-top-stories","25":"tag-topstories"},"share_on_mastodon":{"url":"https:\/\/pubeurope.com\/@no\/115511773446570027","error":""},"_links":{"self":[{"href":"https:\/\/www.europesays.com\/no\/wp-json\/wp\/v2\/posts\/81525","targetHints":{"allow":["GET"]}}],"collection":[{"href":"https:\/\/www.europesays.com\/no\/wp-json\/wp\/v2\/posts"}],"about":[{"href":"https:\/\/www.europesays.com\/no\/wp-json\/wp\/v2\/types\/post"}],"author":[{"embeddable":true,"href":"https:\/\/www.europesays.com\/no\/wp-json\/wp\/v2\/users\/2"}],"replies":[{"embeddable":true,"href":"https:\/\/www.europesays.com\/no\/wp-json\/wp\/v2\/comments?post=81525"}],"version-history":[{"count":0,"href":"https:\/\/www.europesays.com\/no\/wp-json\/wp\/v2\/posts\/81525\/revisions"}],"wp:featuredmedia":[{"embeddable":true,"href":"https:\/\/www.europesays.com\/no\/wp-json\/wp\/v2\/media\/81526"}],"wp:attachment":[{"href":"https:\/\/www.europesays.com\/no\/wp-json\/wp\/v2\/media?parent=81525"}],"wp:term":[{"taxonomy":"category","embeddable":true,"href":"https:\/\/www.europesays.com\/no\/wp-json\/wp\/v2\/categories?post=81525"},{"taxonomy":"post_tag","embeddable":true,"href":"https:\/\/www.europesays.com\/no\/wp-json\/wp\/v2\/tags?post=81525"}],"curies":[{"name":"wp","href":"https:\/\/api.w.org\/{rel}","templated":true}]}}