{"id":81527,"date":"2025-11-08T02:48:12","date_gmt":"2025-11-08T02:48:12","guid":{"rendered":"https:\/\/www.europesays.com\/no\/81527\/"},"modified":"2025-11-08T02:48:12","modified_gmt":"2025-11-08T02:48:12","slug":"sosiale-medier-forbud-haster","status":"publish","type":"post","link":"https:\/\/www.europesays.com\/no\/81527\/","title":{"rendered":"Sosiale medier-forbud: &#8211; Haster"},"content":{"rendered":"<p>  Danmark forbyr sosiale medier for barn under 15 \u00e5r, men \u00e5pner for at de kan bruke det fra de er 13. Ap-regjeringen vil sette en absolutt grense.<\/p>\n<p>\n    STRENGERE ENN DANMARK: Barne- og familieminister Lene V\u00e5gslid (Ap) vil sette en strengere grense for bruken av sosiale medier enn det danskene gj\u00f8r. Foto: Ole Berg-Rusten \/ NTB\n  <\/p>\n<p>If\u00f8lge det danske vedtaket, som statsminister Mette Frederiksen la fram fredag, vil sosiale medier n\u00e5 forbys for barn under 15 \u00e5r.<\/p>\n<p>Men.<\/p>\n<p class=\"font-weight-bold m-font-weight-bold\" data-lab-font_weight=\"font-weight-bold\">Foreldre kan likevel gi barna sine tillatelse til \u00e5 bruke mediene fra de er 13 \u00e5r.<\/p>\n<p>&#8211; Det blir n\u00e5 en de facto aldersgrense p\u00e5 13 \u00e5r, og det er for uambisi\u00f8st n\u00e5r det gjelder de skadelige og avhengighetsskapene algoritmene p\u00e5 Tiktok, Snapchat og Instagram, skriver tre danske opposisjonspartier p\u00e5 venstresiden i en felles pressemelding.<\/p>\n<p>Det er regjeringspartiene Socialdemokratiet, Venstre og Moderaterne, og opposisjonspartiene Radikale Venstre og Konservative folkeparti, som er enige om avtalen.<\/p>\n<p>Flere andre partier forlot forhandlingene underveis.<\/p>\n<p>    <a itemprop=\"url\" href=\"https:\/\/www.dagbladet.no\/nyheter\/jobber-med-aldersgrense\/81212638\" rel=\"nofollow noopener\" target=\"_blank\"><\/p>\n<p>      <img loading=\"lazy\" decoding=\"async\" src=\"https:\/\/www.europesays.com\/no\/wp-content\/uploads\/2025\/11\/74118371.webp\" width=\"980\" height=\"441\" title=\"Jobber med aldersgrense\" alt=\"\" class=\"lazyload\" style=\"--aspect-ratio-image: 2.22; \"\/><\/p>\n<p>        Jobber med aldersgrense<\/p>\n<p>    <\/a><\/p>\n<p>\u00d8nsker absolutt grense\t<\/p>\n<p>Debatten raser ogs\u00e5 i Norge, og et forslag om aldersgrense p\u00e5 15 \u00e5r ble sendt ut p\u00e5 h\u00f8ring i sommer.<\/p>\n<p>P\u00e5 sp\u00f8rsm\u00e5l om hvordan regjeringen \u00f8nsker en slik ordning, i sammenlikning med den danske som ble klar i dag, svarer barne- og familieminister Lene V\u00e5gslid (Ap):<\/p>\n<p class=\"font-weight-bold m-font-weight-bold\" data-lab-font_weight=\"font-weight-bold\">&#8211; Til forskjell fra Danmark, \u00f8nsker regjeringen i Norge \u00e5 innf\u00f8re en absolutt aldersgrense p\u00e5 15 \u00e5r.<\/p>\n<p>V\u00e5gslid mener det \u00abhaster \u00e5 f\u00e5 p\u00e5 plass et regelverk som beskytter barna v\u00e5re bedre\u00bb.<\/p>\n<p>&#8211; Derfor er dette arbeidet h\u00f8yt prioritert.<\/p>\n<p>    <a itemprop=\"url\" href=\"https:\/\/www.dagbladet.no\/nyheter\/sliten-av-a-vaere-pappa\/82512996\" rel=\"nofollow noopener\" target=\"_blank\"><\/p>\n<p>      <img loading=\"lazy\" decoding=\"async\" src=\"https:\/\/www.europesays.com\/no\/wp-content\/uploads\/2025\/11\/82560722.webp\" width=\"980\" height=\"441\" title=\"- Sliten av \u00e5 v\u00e6re pappa\" alt=\"\" class=\"lazyload\" style=\"--aspect-ratio-image: 2.22; \"\/><\/p>\n<p>        &#8211; Sliten av \u00e5 v\u00e6re pappa<\/p>\n<p>    <\/a><\/p>\n<p>8000 innspill\t<\/p>\n<p>Det vil likevel ta noe tid, erkjenner ministeren. For dette er b\u00e5de juridisk og teknologisk nybrottsarbeid.<\/p>\n<p>Hun viser til at forslaget de har sendt p\u00e5 h\u00f8ring, har f\u00e5tt over 8000 innspill.<\/p>\n<p>&#8211; Vi vil g\u00e5 grundig gjennom h\u00f8ringsinnspillene som har kommet inn. Vi kan derfor ikke forskuttere n\u00e5r arbeidet er ferdigstilt, men jeg kan love at vi er ut\u00e5lmodige og gj\u00f8r dette s\u00e5 fort som mulig, sier V\u00e5gslid.<\/p>\n<p>        Regjeringen foresl\u00e5r \u00e5 gj\u00f8re endringer i personopplysningsloven. I dag st\u00e5r det at man m\u00e5 v\u00e6re 13 \u00e5r for \u00e5 kunne samtykke til dette, og n\u00e5 vil regjeringen endre dette til 15 \u00e5r. Video: Storyblocks \/ NTB \/ Reuters. Reporter: Silja Furset \/ Dagbladet TV<\/p>\n<p>Flere europeiske land vil sette grenser\t<\/p>\n<p>I juli gjorde nye retningslinjer fra EU-kommisjonen det mulig for Danmark og andre land \u00e5 fastsette en nasjonal aldersgrense for bruk av sosiale medier. I likhet med Norge, ser flere andre land p\u00e5 muligheten for \u00e5 innf\u00f8re en grense.<\/p>\n<p>&#8211; Det er veldig positivt at flere land utvikler politikk for \u00e5 beskytte barna v\u00e5re bedre p\u00e5 nett. Bevegelse i flere europeiske land er veldig positivt og er viktig ogs\u00e5 for diskusjonene i EU, sier V\u00e5gslid til Dagbladet.<\/p>\n<p>Av de rundt 8000 h\u00f8ringssvarene som har kommet inn, er rundt 3000 fra ulike foreldrenettverk som reagerte p\u00e5 at tjenester som i hovedsak tilbyr meldingstjenester, som de mente kunne inkludere Snapchat, opprinnelig ble foresl\u00e5tt unntatt fra grensesettingen.<\/p>\n<p>Men for f\u00e5 dager siden presiserte V\u00e5gslid at forbudet ogs\u00e5 vil gjelde Snapchat.<\/p>\n","protected":false},"excerpt":{"rendered":"Danmark forbyr sosiale medier for barn under 15 \u00e5r, men \u00e5pner for at de kan bruke det fra&hellip;\n","protected":false},"author":2,"featured_media":81528,"comment_status":"","ping_status":"","sticky":false,"template":"","format":"standard","meta":{"footnotes":""},"categories":[10],"tags":[2304,20,21,24,25,15,2539,22,23,13,30,28,29,14,16,3222,26,27],"class_list":{"0":"post-81527","1":"post","2":"type-post","3":"status-publish","4":"format-standard","5":"has-post-thumbnail","7":"category-norge","8":"tag-aldersgrense","9":"tag-breaking-news","10":"tag-breakingnews","11":"tag-featured-news","12":"tag-featurednews","13":"tag-headlines","14":"tag-innenriks","15":"tag-latest-news","16":"tag-latestnews","17":"tag-news","18":"tag-no","19":"tag-norge","20":"tag-norway","21":"tag-nyheter","22":"tag-overskrifter","23":"tag-sosiale-medier","24":"tag-top-stories","25":"tag-topstories"},"share_on_mastodon":{"url":"https:\/\/pubeurope.com\/@no\/115511801025923687","error":""},"_links":{"self":[{"href":"https:\/\/www.europesays.com\/no\/wp-json\/wp\/v2\/posts\/81527","targetHints":{"allow":["GET"]}}],"collection":[{"href":"https:\/\/www.europesays.com\/no\/wp-json\/wp\/v2\/posts"}],"about":[{"href":"https:\/\/www.europesays.com\/no\/wp-json\/wp\/v2\/types\/post"}],"author":[{"embeddable":true,"href":"https:\/\/www.europesays.com\/no\/wp-json\/wp\/v2\/users\/2"}],"replies":[{"embeddable":true,"href":"https:\/\/www.europesays.com\/no\/wp-json\/wp\/v2\/comments?post=81527"}],"version-history":[{"count":0,"href":"https:\/\/www.europesays.com\/no\/wp-json\/wp\/v2\/posts\/81527\/revisions"}],"wp:featuredmedia":[{"embeddable":true,"href":"https:\/\/www.europesays.com\/no\/wp-json\/wp\/v2\/media\/81528"}],"wp:attachment":[{"href":"https:\/\/www.europesays.com\/no\/wp-json\/wp\/v2\/media?parent=81527"}],"wp:term":[{"taxonomy":"category","embeddable":true,"href":"https:\/\/www.europesays.com\/no\/wp-json\/wp\/v2\/categories?post=81527"},{"taxonomy":"post_tag","embeddable":true,"href":"https:\/\/www.europesays.com\/no\/wp-json\/wp\/v2\/tags?post=81527"}],"curies":[{"name":"wp","href":"https:\/\/api.w.org\/{rel}","templated":true}]}}