{"id":81531,"date":"2025-11-08T02:55:16","date_gmt":"2025-11-08T02:55:16","guid":{"rendered":"https:\/\/www.europesays.com\/no\/81531\/"},"modified":"2025-11-08T02:55:16","modified_gmt":"2025-11-08T02:55:16","slug":"kunstige-venner-er-blitt-vanlig-i-usa-hva-med-norge","status":"publish","type":"post","link":"https:\/\/www.europesays.com\/no\/81531\/","title":{"rendered":"Kunstige venner er blitt vanlig i USA. Hva med Norge?"},"content":{"rendered":"<p class=\"text-md pt-2 pb-8 mb-3 text-base border-b border-brandNeutral-900 dark:border-brandNeutral-100\">Denne kommentaren gir uttrykk for skribentens meninger.<\/p>\n<p>Mer enn <a href=\"https:\/\/techcrunch.com\/2025\/07\/21\/72-of-u-s-teens-have-used-ai-companions-study-finds\/\" rel=\"nofollow noopener\" target=\"_blank\">h<\/a><a href=\"https:\/\/techcrunch.com\/2025\/07\/21\/72-of-u-s-teens-have-used-ai-companions-study-finds\/\" rel=\"nofollow noopener\" target=\"_blank\">alvparten av amerikanske ten\u00e5ringer<\/a> snakker n\u00e5 jevnlig med s\u00e5kalte \u00abAI companions\u00bb, if\u00f8lge en unders\u00f8kelse fra organisasjonen Common Sense Media. Over en tredjedel av dem mener det er mer eller like tilfredsstillende \u00e5 prate med slike chatbots som med sine likemenn av kj\u00f8tt og blod.<\/p>\n<p>Er det egentlig s\u00e5 farlig? <a href=\"https:\/\/edition.cnn.com\/2024\/10\/30\/tech\/teen-suicide-character-ai-lawsuit\" target=\"_blank\" rel=\"noopener nofollow\">Moren til avd\u00f8de Sewell Setzer er sikker<\/a> i sin sak \u2013 hennes s\u00f8nn begikk selvmord p\u00e5 oppfordring fra sin KI-kj\u00e6reste.\u00a0<\/p>\n<p>Kj\u00e6rt barn har mange navn. Personlig chatbot, KI-assistent, virtuell samtalepartner. Selv mener jeg at kunstig venn er det beste begrepet p\u00e5 fenomenet vi ser bre om seg i lynets hastighet. Mest fordi det ikke er s\u00e5 viktig om kommunikasjonen er digital eller fysisk, men om motparten er et menneske eller en maskin.<\/p>\n<p>God-f\u00f8lelse<\/p>\n<p>De kunstige vennene finnes ofte i egne apper som Character AI eller Replika. Tjenestene ligner p\u00e5 Messenger, men her kan du velge om du skal snakke med Barack Obama eller en eventyrkarakter. Gode tall om utbredelsen i Norge finnes ikke, men du kan ogs\u00e5 \u00abprate\u00bb med Erna Solberg. At tjenestene brukes av nordmenn, er det ingen tvil om.<\/p>\n<p>\u00abJeg tenker p\u00e5 botene som personer, som venner \u2013 selv om jeg pr\u00f8ver \u00e5 huske at de ikke er ekte\u00ab, <a href=\"https:\/\/www.nrk.no\/direkte\/xl\/ki-chatboten-som-far-skylden-for-et-selvmord_-vokser-blant-unge-1.17309034\" rel=\"nofollow noopener\" target=\"_blank\">forteller Henriette (19) til NRK<\/a>. Hun forklarer ogs\u00e5 at de hjelper henne \u00e5 f\u00f8le seg elsket.<\/p>\n<p>Moralsk kompass<\/p>\n<p>Sitatet \u00e5pner for en del sp\u00f8rsm\u00e5l. B\u00f8r det v\u00e6re aldersgrenser p\u00e5 kunstige venner, p\u00e5 samme m\u00e5te <a href=\"https:\/\/www.digi.no\/nyhetsstudio\/regjeringen-avklarer-vil-ha-aldersgrense-ogsaa-paa-snapchat\/94238?showFeed=0\" target=\"_blank\" rel=\"noopener nofollow\">man n\u00e5 f\u00e5r p\u00e5 sosiale medier<\/a>? Hvilke verdier og sperrer har disse tjenestene? Og ikke minst: Hvordan skal foreldre oppdra de digitale vennene til v\u00e5re barn?<\/p>\n<p>F\u00f8rste bud b\u00f8r lyde som s\u00e5: Det er viktig \u00e5 ha det samme moralske kompasset digitalt og fysisk. Da kan vi kanskje finne svar p\u00e5 sp\u00f8rsm\u00e5let over i <a href=\"https:\/\/www.aftenposten.no\/foreldreliv\/i\/GGro5q\/jeg-misliker-barnets-venn-hva-gjoer-jeg\" rel=\"nofollow noopener\" target=\"_blank\">Aftenpostens foreldrelivsspalte<\/a> fra 2017? Her st\u00e5r det at:<\/p>\n<p>\u00abDet er viktig \u00e5 sette tydelige grenser \u2013 b\u00e5de for ditt eget barn og for vennen eller vennene som er p\u00e5 bes\u00f8k. Gi klar beskjed om reglene som gjelder, enten det er \u00e5 ikke sl\u00e5, vaske hendene f\u00f8r mat eller sitte rolig ved bordet n\u00e5r man spiser\u00bb, sier ekspert Siri Spillum.<\/p>\n<p>Som forelder er kanskje fristelsen til \u00e5 vaske barnets mobil med vann og s\u00e5pe lett \u00e5 kjenne p\u00e5. Fra sp\u00f8k til noe mer alvor: Skal man forby driten i huset eller snakke med barna om hvordan de skal forholde seg til sine kunstige venner? I s\u00e5 fall m\u00e5 man f\u00f8rst kjenne sine motstandere.\u00a0<\/p>\n<p>Oppmuntringer og tilbakeslag<\/p>\n<p>I forrige uke kom nyheten om at det amerikanske selskapet Character\u00a0AI velger \u00e5 <a href=\"https:\/\/www.bbc.com\/news\/articles\/cq837y3v9y1o\" rel=\"nofollow noopener\" target=\"_blank\">utestenge brukere under 18 \u00e5r<\/a>. I New York Times-podkasten Hard Fork antar Casey Newton at dette er fordi de juridiske konsekvensene overfor den etterlatte moren gj\u00f8r det umulig \u00e5 operere som f\u00f8r.<\/p>\n<p>N\u00e5r et amerikansk selskap velger \u00e5 legge ned st\u00f8rsteparten av sin virksomhet fordi de selv mener den er i en juridisk gr\u00e5sone, blir man oppmuntret. Men s\u00e5 kommer det tilbakeslag. For Reuters kunne tidligere i \u00e5r melde om at interne retningslinjer hos Meta <a href=\"https:\/\/www.reuters.com\/investigates\/special-report\/meta-ai-chatbot-guidelines\/\" rel=\"nofollow noopener\" target=\"_blank\">eksplisitt har uttrykt<\/a> at deres kunstige venner skal kunne gi falske helser\u00e5d og ha seksuelle samtaler med barn.<\/p>\n<p>Tjenestene kan med andre ord skade barn, vise dem ulovlig innhold og gj\u00f8re dem <a href=\"https:\/\/edition.cnn.com\/2025\/07\/16\/health\/teens-ai-companion-wellness\" rel=\"nofollow noopener\" target=\"_blank\">emosjonelt og sosialt ustabile<\/a>. N\u00e5r man sl\u00e5r denne kunnskapen sammen utbredelsen og p\u00e5virkningskraften de har, blir bildet dystert. Enda m\u00f8rkere blir det n\u00e5r vi vet at funksjonene finnes i Snapchat via MyAi. Noe m\u00e5 gj\u00f8res.<\/p>\n<p>Utfordringene har ikke tilholdssted hos noen enkelt minister. Men digitaliseringsminister Karianne Tung (Ap) og barneminister Lene V\u00e5gslid (Ap) er \u00e5penbart relevante. De b\u00f8r inkludere digitale venner som en underkategori av digitale meldingstjenester i den foresl\u00e5tte <a href=\"https:\/\/www.regjeringen.no\/no\/dokumenter\/horing-av-forslag-til-lov-om-aldersgrense-for-bruk-av-sosiale-medier\/id3114359\/\" rel=\"nofollow noopener\" target=\"_blank\">lovgivningen om aldersgrense<\/a> for sosiale medier. Loven er et veldig godt verkt\u00f8y, men flere m\u00e5 p\u00e5 banen.<\/p>\n<p>Helseminister Jan Christian Vestre (Ap) m\u00e5 i st\u00f8rre grad melde seg p\u00e5 debatten om helsefarene knyttet til internett og barn. Er tjenestene helseskadelige? Sp\u00f8r du meg, er svaret \u00e5penbart. Helsedirektoratet b\u00f8r snarest komme med r\u00e5d om kunstige venner. R\u00e5dene b\u00f8r omtale b\u00e5de barn og voksne. At statsministeren St\u00f8re <a href=\"https:\/\/www.tv2.no\/nyheter\/innenriks\/store-vil-ha-felles-nordisk-aldersgrense-pa-sosiale-medier\/18232279\/\" rel=\"nofollow noopener\" target=\"_blank\">tar opp some-loven<\/a> med EUs Ursula von der Leyen, er godt internasjonalt samarbeid.<\/p>\n<p>Ut \u2013 ut \u2013 ut<\/p>\n<p>Vi vet at teknologiselskaper bruker enorme summer p\u00e5 lobbyvirksomhet rundt om i verden for \u00e5 hindre regulering. Men vi ser ogs\u00e5 at de retter seg etter de ulike landenes lovgivning. Senest for en uke siden kunne vi lese at Meta, Tiktok og Youtube er uenige i Australias aldergrense for sosiale medier p\u00e5 15 \u00e5r, <a href=\"https:\/\/www.euronews.com\/next\/2025\/10\/28\/meta-tiktok-and-snapchat-say-they-disagree-but-will-comply-with-australias-social-media-ba\" rel=\"nofollow noopener\" target=\"_blank\">men at de vil respektere loven<\/a> som trer i kraft 10. desember i \u00e5r.<\/p>\n<p>Vi har med andre ord nok et nytt fenomen i den digitale sf\u00e6ren som barn m\u00e5 beskyttes mot. Samtidig ser vi at regulering faktisk nytter. S\u00e5 med dette i bakhodet skal du ikke v\u00e6re i tvil om hvilke grenser du skal sette for de kunstige vennene til dine barn: Kast dem ut av huset.<\/p>\n<p>Trenger du noen \u00e5 snakke med?<\/p>\n<p>Ved akutt fare for liv og helse, ring 113.<\/p>\n<p>Det finnes flere steder der du kan dele tanker og f\u00f8lelser helt anonymt og f\u00e5 st\u00f8tte, r\u00e5d og veiledning:<\/p>\n<p>Mental Helse: 116 123<br \/>Kors p\u00e5 halsen (R\u00f8de Kors): 800 333 21<br \/>Kirkens SOS: 22 40 00 40<\/p>\n<p>Du kan ogs\u00e5 kontakte fastlege eller legevakt (116 117) for profesjonell hjelp. \u00c5 snakke om selvmordstanker kan redde liv.<\/p>\n<p>Vis mer<\/p>\n<p><a class=\"group clear-both w-full !no-underline my-8 sm:my-12 bg-stone-50 dark:bg-brandStone-700 dark:text-brandNeutral-100 flex items-stretch flex-nowrap\" href=\"https:\/\/www.tu.no\/artikler\/billig-strom-og-tomt-er-nokkelen-for-aker\/564185\" rel=\"nofollow noopener\" target=\"_blank\"><img decoding=\"async\" class=\" object-cover h-full w-full transition-transform duration-700 ease-in-out group-hover:scale-[1.05] will-change-transform\" src=\"https:\/\/www.europesays.com\/no\/wp-content\/uploads\/2025\/11\/akerceo.jpg\"  alt=\"Konsernsjef i Aker ASA, \u00d8yvind Eriksen, mener Nord-Norge er ideelt for etablering av datasentre.\" loading=\"lazy\"\/><\/p>\n<p>Les ogs\u00e5:<\/p>\n<p class=\"group-hover:underline text-brandNeutral-900 dark:text-brandNeutral-100 mt-2 text-base sm:text-xl leading-5 sm:leading-6 font-bold\">Billig str\u00f8m og tomt er n\u00f8kkelen for Aker<\/p>\n<p><\/a><\/p>\n","protected":false},"excerpt":{"rendered":"Denne kommentaren gir uttrykk for skribentens meninger. Mer enn halvparten av amerikanske ten\u00e5ringer snakker n\u00e5 jevnlig med s\u00e5kalte&hellip;\n","protected":false},"author":2,"featured_media":81532,"comment_status":"","ping_status":"","sticky":false,"template":"","format":"standard","meta":{"footnotes":""},"categories":[10],"tags":[20,21,24,25,15,266,467,22,23,13,30,28,29,14,16,26,27],"class_list":{"0":"post-81531","1":"post","2":"type-post","3":"status-publish","4":"format-standard","5":"has-post-thumbnail","7":"category-norge","8":"tag-breaking-news","9":"tag-breakingnews","10":"tag-featured-news","11":"tag-featurednews","12":"tag-headlines","13":"tag-kommentar","14":"tag-kunstig-intelligens","15":"tag-latest-news","16":"tag-latestnews","17":"tag-news","18":"tag-no","19":"tag-norge","20":"tag-norway","21":"tag-nyheter","22":"tag-overskrifter","23":"tag-top-stories","24":"tag-topstories"},"share_on_mastodon":{"url":"https:\/\/pubeurope.com\/@no\/115511828480188264","error":""},"_links":{"self":[{"href":"https:\/\/www.europesays.com\/no\/wp-json\/wp\/v2\/posts\/81531","targetHints":{"allow":["GET"]}}],"collection":[{"href":"https:\/\/www.europesays.com\/no\/wp-json\/wp\/v2\/posts"}],"about":[{"href":"https:\/\/www.europesays.com\/no\/wp-json\/wp\/v2\/types\/post"}],"author":[{"embeddable":true,"href":"https:\/\/www.europesays.com\/no\/wp-json\/wp\/v2\/users\/2"}],"replies":[{"embeddable":true,"href":"https:\/\/www.europesays.com\/no\/wp-json\/wp\/v2\/comments?post=81531"}],"version-history":[{"count":0,"href":"https:\/\/www.europesays.com\/no\/wp-json\/wp\/v2\/posts\/81531\/revisions"}],"wp:featuredmedia":[{"embeddable":true,"href":"https:\/\/www.europesays.com\/no\/wp-json\/wp\/v2\/media\/81532"}],"wp:attachment":[{"href":"https:\/\/www.europesays.com\/no\/wp-json\/wp\/v2\/media?parent=81531"}],"wp:term":[{"taxonomy":"category","embeddable":true,"href":"https:\/\/www.europesays.com\/no\/wp-json\/wp\/v2\/categories?post=81531"},{"taxonomy":"post_tag","embeddable":true,"href":"https:\/\/www.europesays.com\/no\/wp-json\/wp\/v2\/tags?post=81531"}],"curies":[{"name":"wp","href":"https:\/\/api.w.org\/{rel}","templated":true}]}}