{"id":81562,"date":"2025-11-08T06:30:08","date_gmt":"2025-11-08T06:30:08","guid":{"rendered":"https:\/\/www.europesays.com\/no\/81562\/"},"modified":"2025-11-08T06:30:08","modified_gmt":"2025-11-08T06:30:08","slug":"unge-meninger-unge-meninger-sex-er-ikke-farlig","status":"publish","type":"post","link":"https:\/\/www.europesays.com\/no\/81562\/","title":{"rendered":"Unge meninger: Unge meninger: Sex er ikke farlig!"},"content":{"rendered":"<p>   <strong class=\"_name_ygndg_51 title-serif-xs\">Av: Aleksandra Gonaseelan og Lisa Brekke M\u00f8ller<\/strong><\/p>\n<p class=\"_paragraph_o9xde_4 text-sans-m _description_ygndg_56\">Elever<\/p>\n<p class=\"_paragraph_o9xde_4 _paragraph_xtcu6_10 layout-component text-serif-m layout-normal text-serif-m layout-padded\">N\u00e5r jomfrudom igjen blir et ideal, og ten\u00e5ringer gruer seg til \u00e5 v\u00e6re nysgjerrige, er det p\u00e5 tide \u00e5 si ifra.<\/p>\n<p class=\"_paragraph_o9xde_4 _paragraph_xtcu6_10 layout-component text-serif-m layout-normal text-serif-m layout-padded\">Til dere som fortsatt ikke svarer n\u00e5r barnet sp\u00f8r hvordan de ble skapt.<\/p>\n<p class=\"_paragraph_o9xde_4 _paragraph_xtcu6_10 layout-component text-serif-m layout-normal text-serif-m layout-padded\">Til dere som blir oppr\u00f8rte n\u00e5r ten\u00e5ringen t\u00f8r \u00e5 sp\u00f8rre om prevensjon.<\/p>\n<p class=\"_paragraph_o9xde_4 _paragraph_xtcu6_10 layout-component text-serif-m layout-normal text-serif-m layout-padded\">Til jentene som d\u00f8mmer venninnen for \u00e5 ha debutert, og guttene som krever at kj\u00e6resten skal v\u00e6re jomfru.<\/p>\n<p class=\"_paragraph_o9xde_4 _paragraph_xtcu6_10 layout-component text-serif-m layout-normal text-serif-m layout-padded\"><strong class=\"_strong_o9xde_25\">Vi har \u00e9n ting \u00e5 si: Skjerp dere.<\/strong><\/p>\n<p class=\"_paragraph_o9xde_4 _paragraph_xtcu6_10 layout-component text-serif-m layout-normal text-serif-m layout-padded\">Blir du ukomfortabel av at ten\u00e5ringsjenter snakker \u00e5pent om sex?<\/p>\n<p class=\"_paragraph_o9xde_4 _paragraph_xtcu6_10 layout-component text-serif-m layout-normal text-serif-m layout-padded\"><strong class=\"_strong_o9xde_25\">Sex, sex, sex.<\/strong><\/p>\n<p class=\"_paragraph_o9xde_4 _paragraph_xtcu6_10 layout-component text-serif-m layout-normal text-serif-m layout-padded\">Der sa vi det. Ordet som fortsatt f\u00e5r mange til \u00e5 bli ukomfortable, til \u00e5 ville se bort.<\/p>\n<p class=\"_paragraph_o9xde_4 _paragraph_xtcu6_10 layout-component text-serif-m layout-normal text-serif-m layout-padded\">\u00c5 v\u00e6re ungdom handler om \u00e5 finne ut av seg selv \u2013 med nye f\u00f8lelser, usikkerhet og nysgjerrighet.<\/p>\n<p class=\"_paragraph_o9xde_4 _paragraph_xtcu6_10 layout-component text-serif-m layout-normal text-serif-m layout-padded\">Men en rigid og snever sexkultur gj\u00f8r at mange f\u00f8ler skam i stedet for trygghet.<\/p>\n<p class=\"_paragraph_o9xde_4 _paragraph_xtcu6_10 layout-component text-serif-m layout-normal text-serif-m layout-padded\">Sexkulturen g\u00e5r i b\u00f8lger. I noen perioder hylles frihet og utforskning, i andre blir sex igjen et tema fylt av moral og tabu. <\/p>\n<p class=\"_paragraph_o9xde_4 _paragraph_xtcu6_10 layout-component text-serif-m layout-normal text-serif-m layout-padded\">N\u00e5 ser det ut til at vi er inne i en fase der skam og skyldf\u00f8lelse har f\u00e5tt ny plass i samtalen om sex.<\/p>\n<p class=\"_paragraph_o9xde_4 _paragraph_xtcu6_10 layout-component text-serif-m layout-normal text-serif-m layout-padded\">En rapport fra Sex og samfunn viser at mange unge opplever press og forvirring rundt sex, og at skam fortsatt preger samtalen.<\/p>\n<p class=\"_paragraph_o9xde_4 _paragraph_xtcu6_10 layout-component text-serif-m layout-normal text-serif-m layout-padded\">Mange unge trekker seg unna seksuelle erfaringer, ikke fordi de ikke vil, men fordi de f\u00f8ler skyld for egne tanker og behov.<\/p>\n<p class=\"_paragraph_o9xde_4 _paragraph_xtcu6_10 layout-component text-serif-m layout-normal text-serif-m layout-padded\"><strong class=\"_strong_o9xde_25\">Vi tror denne utviklingen henger sammen med at ungdom generelt blir mer konservative \u2013 ogs\u00e5 i synet p\u00e5 kropp og moral.<\/strong><\/p>\n<p class=\"_paragraph_o9xde_4 _paragraph_xtcu6_10 layout-component text-serif-m layout-normal text-serif-m layout-padded\">Det er ikke alle konservative idealer som passer i en fase preget av hormoner, usikkerhet og utforskning.<\/p>\n<p class=\"_paragraph_o9xde_4 _paragraph_xtcu6_10 layout-component text-serif-m layout-normal text-serif-m layout-padded\">Spesielt unge jenter rammes n\u00e5r beskjedenhet og jomfrudom igjen blir m\u00e5lt i verdi.<\/p>\n<p class=\"_paragraph_o9xde_4 _paragraph_xtcu6_10 layout-component text-serif-m layout-normal text-serif-m layout-padded\">Tanken om at \u00abden f\u00f8rste gangen\u00bb m\u00e5 gis til den rette, og at sex skaper et evig b\u00e5nd mellom to mennesker, f\u00f8rer til at mange undertrykker sine egne behov.<\/p>\n<p class=\"_paragraph_o9xde_4 _paragraph_xtcu6_10 layout-component text-serif-m layout-normal text-serif-m layout-padded\">Vi kjenner jenter som skammer seg over \u00e5 onanere, og gutter som blir heiet fram for \u00e5 bli sugd.<\/p>\n<p class=\"_paragraph_o9xde_4 _paragraph_xtcu6_10 layout-component text-serif-m layout-normal text-serif-m layout-padded\">Denne forskjellsbehandlingen er alt annet enn ny, men at jomfrudom igjen skal symbolisere verdighet, er urovekkende.<\/p>\n<p class=\"_paragraph_o9xde_4 _paragraph_xtcu6_10 layout-component text-serif-m layout-normal text-serif-m layout-padded\">Selv vi husker da det motsatte var normen \u2013 da man ble sett ned p\u00e5 for \u00e5 v\u00e6re for \u00abprippen\u00bb.<\/p>\n<p class=\"_paragraph_o9xde_4 _paragraph_xtcu6_10 layout-component text-serif-m layout-normal text-serif-m layout-padded\">Da var det \u00abhook-up culture\u00bb som dominerte, med liggelister og sexpress som m\u00e5lestokk p\u00e5 status.<\/p>\n<p class=\"_paragraph_o9xde_4 _paragraph_xtcu6_10 layout-component text-serif-m layout-normal text-serif-m layout-padded\">Begge ytterpunktene \u2013 \u00abrenhetskultur\u00bb og \u00abhook-up-kultur\u00bb \u2013 gj\u00f8r noe med oss.<\/p>\n<p class=\"_paragraph_o9xde_4 _paragraph_xtcu6_10 layout-component text-serif-m layout-normal text-serif-m layout-padded\">Den ene l\u00e6rer oss at sex er skittent, den andre at det ikke betyr noe.<\/p>\n<p class=\"_paragraph_o9xde_4 _paragraph_xtcu6_10 layout-component text-serif-m layout-normal text-serif-m layout-padded\">Ingen av delene stemmer. <\/p>\n<p class=\"_paragraph_o9xde_4 _paragraph_xtcu6_10 layout-component text-serif-m layout-normal text-serif-m layout-padded\">Sex handler om trygghet, lyst og respekt \u2013 ikke om status eller skam.<\/p>\n<p class=\"_paragraph_o9xde_4 _paragraph_xtcu6_10 layout-component text-serif-m layout-normal text-serif-m layout-padded\"><strong class=\"_strong_o9xde_25\">P\u00e5 TikTok florerer det n\u00e5 med videoer om s\u00e5kalte \u00absoul ties\u00bb \u2013 ideen om at du er \u00e5ndelig bundet til alle du har hatt sex med.<\/strong><\/p>\n<p class=\"_paragraph_o9xde_4 _paragraph_xtcu6_10 layout-component text-serif-m layout-normal text-serif-m layout-padded\">Mange unge jenter blir advart mot \u00e5 ha sex f\u00f8r ekteskapet, fordi de \u00abaldri kan bryte b\u00e5ndet\u00bb.<\/p>\n<p class=\"_paragraph_o9xde_4 _paragraph_xtcu6_10 layout-component text-serif-m layout-normal text-serif-m layout-padded\"><strong class=\"_strong_o9xde_25\">Men det finnes s\u00e5 klart ingen vitenskapelig grunn til \u00e5 tro at dette stemmer. <\/strong><\/p>\n<p class=\"_paragraph_o9xde_4 _paragraph_xtcu6_10 layout-component text-serif-m layout-normal text-serif-m layout-padded\">Hormonene som frigj\u00f8res under sex \u2013 som oksytocin og dopamin \u2013 utl\u00f8ses ogs\u00e5 n\u00e5r du f\u00e5r en klem eller ler med en venn.<\/p>\n<p class=\"_paragraph_o9xde_4 _paragraph_xtcu6_10 layout-component text-serif-m layout-normal text-serif-m layout-padded\">N\u00e5r slike myter spres som sannheter, blir resultatet at unge jenter g\u00e5r rundt med un\u00f8dvendig frykt, og at sex igjen blir noe man ikke kan snakke om uten \u00e5 f\u00f8le seg syndig.<\/p>\n<p class=\"_paragraph_o9xde_4 _paragraph_xtcu6_10 layout-component text-serif-m layout-normal text-serif-m layout-padded\">N\u00e5r sex blir tabu, mister ungdom ogs\u00e5 kunnskap.<\/p>\n<p class=\"_paragraph_o9xde_4 _paragraph_xtcu6_10 layout-component text-serif-m layout-normal text-serif-m layout-padded\">Da f\u00e5r de l\u00e6re om kropp og grenser fra TikTok og porno i stedet for skolen. Det er farlig.<\/p>\n<p class=\"_paragraph_o9xde_4 _paragraph_xtcu6_10 layout-component text-serif-m layout-normal text-serif-m layout-padded\">Vi m\u00e5 t\u00f8rre \u00e5 snakke om samtykke, trygghet og lyst uten \u00e5 r\u00f8dme.<\/p>\n<p class=\"_paragraph_o9xde_4 _paragraph_xtcu6_10 layout-component text-serif-m layout-normal text-serif-m layout-padded\"><strong class=\"_strong_o9xde_25\">Ungdom skal ikke skamme seg for \u00e5 v\u00e6re nysgjerrige.<\/strong><\/p>\n<p class=\"_paragraph_o9xde_4 _paragraph_xtcu6_10 layout-component text-serif-m layout-normal text-serif-m layout-padded\">De skal l\u00e6re \u00e5 sette grenser, ikke undertrykke seg selv.<\/p>\n<p class=\"_paragraph_o9xde_4 _paragraph_xtcu6_10 layout-component text-serif-m layout-normal text-serif-m layout-padded\">Sex skal aldri v\u00e6re et krav. Men det skal heller ikke v\u00e6re noe man m\u00e5 skjule.<\/p>\n<p class=\"_paragraph_o9xde_4 _paragraph_xtcu6_10 layout-component text-serif-m layout-normal text-serif-m layout-padded\">Ungdom m\u00e5 f\u00e5 utforske sin seksualitet under trygge rammer.<\/p>\n<p class=\"_paragraph_o9xde_4 _paragraph_xtcu6_10 layout-component text-serif-m layout-normal text-serif-m layout-padded\">Ikke for \u00e5 leve opp til andres forventninger, men for \u00e5 forst\u00e5 seg selv.<\/p>\n<p class=\"_paragraph_o9xde_4 _paragraph_xtcu6_10 layout-component text-serif-m layout-normal text-serif-m layout-padded\">Vi m\u00e5 ta tilbake kontrollen til \u00e5 l\u00e6re v\u00e5re unge om samleie og samtykke p\u00e5 en bedre m\u00e5te enn blomsten og bien.<\/p>\n<p class=\"_paragraph_o9xde_4 _paragraph_xtcu6_10 layout-component text-serif-m layout-normal text-serif-m layout-padded\">Vi m\u00e5 f\u00e5 kritisk og \u00e5pen tenkning rundt sex inn i skolen, og ikke minst inn i ungdomskulturen.<\/p>\n<p class=\"_paragraph_o9xde_4 _paragraph_xtcu6_10 layout-component text-serif-m layout-normal text-serif-m layout-padded\">Det skal v\u00e6re fritt fram for ungdom \u00e5 utforske sin egen seksualitet under trygge omstendigheter.<\/p>\n<p class=\"_paragraph_o9xde_4 _paragraph_xtcu6_10 layout-component text-serif-m layout-normal text-serif-m layout-padded\">Det er p\u00e5 ingen m\u00e5te vulg\u00e6rt \u00e5 v\u00e6re nysgjerrig, eller pr\u00f8ve ting for f\u00f8rste gang.<\/p>\n<p class=\"_paragraph_o9xde_4 _paragraph_xtcu6_10 layout-component text-serif-m layout-normal text-serif-m layout-padded\">Ungdomstiden kan v\u00e6re krevende, men den varer ikke evig. Det er ikke s\u00e5nn at alt du gj\u00f8r n\u00e5 kommer til \u00e5 f\u00f8lge deg for resten av livet.<\/p>\n<p class=\"_paragraph_o9xde_4 _paragraph_xtcu6_10 layout-component text-serif-m layout-normal text-serif-m layout-padded\">Det viktigste er \u00e5 ikke la deg definere av andre, og av deres holdninger og idealer.<\/p>\n<p class=\"_paragraph_o9xde_4 _paragraph_xtcu6_10 layout-component text-serif-m layout-normal text-serif-m layout-padded\">N\u00e5r det gjelder sex, er det ingenting som er viktigere enn \u00e5 handle med samtykke, i en setting du og din partner er trygg p\u00e5. <\/p>\n<p class=\"_paragraph_o9xde_4 _paragraph_xtcu6_10 layout-component text-serif-m layout-normal text-serif-m layout-padded\">Du skal ikke skamme deg over seksualitet.<\/p>\n<p>   Dette er en kronikk. Kronikken gir uttrykk for skribentens holdning. Du kan sende inn kronikker og debattinnlegg til <a class=\"_link_jv5ak_10\" href=\"https:\/\/www.vg.no\/nyheter\/i\/XjxmMg\/mailto:debatt@vg.no\" rel=\"nofollow noopener\" target=\"_blank\">debatt@vg.no<\/a>. Unge meninger-prosjektet er finansiert med st\u00f8tte av Stiftelsen Tinius. <a class=\"_link_jv5ak_10\" href=\"https:\/\/www.vg.no\/informasjon\/redaksjonelle-avgjorelser\/240\" rel=\"nofollow noopener\" target=\"_blank\">Les mer<\/a>. <\/p>\n","protected":false},"excerpt":{"rendered":"Av: Aleksandra Gonaseelan og Lisa Brekke M\u00f8ller Elever N\u00e5r jomfrudom igjen blir et ideal, og ten\u00e5ringer gruer seg&hellip;\n","protected":false},"author":2,"featured_media":81563,"comment_status":"","ping_status":"","sticky":false,"template":"","format":"standard","meta":{"footnotes":""},"categories":[12],"tags":[20,21,24,25,15,2888,22,23,13,30,28,29,14,16,2722,1679,3477,2726,9163,26,27,42,103,43,44,45],"class_list":{"0":"post-81562","1":"post","2":"type-post","3":"status-publish","4":"format-standard","5":"has-post-thumbnail","7":"category-verden","8":"tag-breaking-news","9":"tag-breakingnews","10":"tag-featured-news","11":"tag-featurednews","12":"tag-headlines","13":"tag-kropp","14":"tag-latest-news","15":"tag-latestnews","16":"tag-news","17":"tag-no","18":"tag-norge","19":"tag-norway","20":"tag-nyheter","21":"tag-overskrifter","22":"tag-porno","23":"tag-psykisk-helse","24":"tag-seksualitet","25":"tag-sex","26":"tag-skam","27":"tag-top-stories","28":"tag-topstories","29":"tag-verden","30":"tag-vgmeninger","31":"tag-world","32":"tag-world-news","33":"tag-worldnews"},"share_on_mastodon":{"url":"https:\/\/pubeurope.com\/@no\/115512673770797701","error":""},"_links":{"self":[{"href":"https:\/\/www.europesays.com\/no\/wp-json\/wp\/v2\/posts\/81562","targetHints":{"allow":["GET"]}}],"collection":[{"href":"https:\/\/www.europesays.com\/no\/wp-json\/wp\/v2\/posts"}],"about":[{"href":"https:\/\/www.europesays.com\/no\/wp-json\/wp\/v2\/types\/post"}],"author":[{"embeddable":true,"href":"https:\/\/www.europesays.com\/no\/wp-json\/wp\/v2\/users\/2"}],"replies":[{"embeddable":true,"href":"https:\/\/www.europesays.com\/no\/wp-json\/wp\/v2\/comments?post=81562"}],"version-history":[{"count":0,"href":"https:\/\/www.europesays.com\/no\/wp-json\/wp\/v2\/posts\/81562\/revisions"}],"wp:featuredmedia":[{"embeddable":true,"href":"https:\/\/www.europesays.com\/no\/wp-json\/wp\/v2\/media\/81563"}],"wp:attachment":[{"href":"https:\/\/www.europesays.com\/no\/wp-json\/wp\/v2\/media?parent=81562"}],"wp:term":[{"taxonomy":"category","embeddable":true,"href":"https:\/\/www.europesays.com\/no\/wp-json\/wp\/v2\/categories?post=81562"},{"taxonomy":"post_tag","embeddable":true,"href":"https:\/\/www.europesays.com\/no\/wp-json\/wp\/v2\/tags?post=81562"}],"curies":[{"name":"wp","href":"https:\/\/api.w.org\/{rel}","templated":true}]}}