{"id":81566,"date":"2025-11-08T06:44:57","date_gmt":"2025-11-08T06:44:57","guid":{"rendered":"https:\/\/www.europesays.com\/no\/81566\/"},"modified":"2025-11-08T06:44:57","modified_gmt":"2025-11-08T06:44:57","slug":"naeringsliv-dalane-solid-resultat-for-lokalbank","status":"publish","type":"post","link":"https:\/\/www.europesays.com\/no\/81566\/","title":{"rendered":"N\u00e6ringsliv, Dalane | Solid resultat for lokalbank"},"content":{"rendered":"\n<p> Banken viser til solid underliggende drift, \u00f8kte inntekter fra andre kilder og h\u00f8y vekst i utl\u00e5n og innskudd. Etter at banken etablerte kontor i Egersund, har banken klart \u00e5 ta en god del av bankmarkedet i Dalane.<\/p>\n<p>Resultat etter skatt i tredje kvartal landet p\u00e5 33,1 millioner kroner, en \u00f8kning fra 32,7 millioner kroner i samme periode i fjor. Dette tilsvarer en egenkapitalavkastning p\u00e5 9,1 prosent.<\/p>\n<p>Vekst tross marginpress<\/p>\n<p>Til tross for pressede marginer i bankbransjen, har Flekkefjord Sparebank klart \u00e5 \u00f8ke inntektene fra rentenetto som f\u00f8lge av h\u00f8y aktivitet. Utl\u00e5nsveksten det siste \u00e5ret er p\u00e5 15,7 prosent, og innskuddsveksten ligger p\u00e5 16,0 prosent.<\/p>\n<p>Den st\u00f8rste resultateffekten kommer imidlertid fra de s\u00e5kalte andre inntektene, alts\u00e5 inntekter som ikke er rentesensitive.<\/p>\n<p>Adm. direkt\u00f8r Heidi Nag Flikka er forn\u00f8yd med utviklingen:<\/p>\n<p>\u2013 Vi leverer et sterkt kvartal med god underliggende drift, solid aktivitet og en lavere kostnadsprosent enn foreg\u00e5ende kvartal. Vi ser god utvikling i andre inntekter i en tid med et fallende rentemarked, sier Nag Flikka.<\/p>\n<p>Andre inntekter som motor<\/p>\n<p>Bankens rentenetto per 30.09.2025 utgjorde 177,4 millioner kroner, opp fra 168,8 millioner kroner i fjor. \u00d8kningen skyldes den sterke veksten i utl\u00e5n og innskudd.<\/p>\n<p>Netto provisjonsinntekter har \u00f8kt betydelig, fra 24,1 millioner kroner i fjor til 32,2 millioner kroner i \u00e5r. Banken har sett \u00f8kt inntjening fra betalingsformidling, sparing, plassering og forsikring. Netto finans- og andre inntekter utgj\u00f8r hele 36,1 millioner kroner, mot 22,3 millioner kroner i fjor.<\/p>\n<p>Finansdirekt\u00f8r Nj\u00e5l Gr\u00f8nsund bekrefter at dette er et satsingsomr\u00e5de:<\/p>\n<p>\u2013 Vi kommer til \u00e5 fortsette satsingen v\u00e5r innenfor andre inntekter \u2013 b\u00e5de i form av s\u00e5kalte breddeprodukter innen bank, men ogs\u00e5 videreutviklingen av lokale finanshus som inneholder meglervirksomhet og regnskaps- og r\u00e5dgivningstjenester, sier finansdirekt\u00f8r Nj\u00e5l Gr\u00f8nsund.<\/p>\n<p>Kontroll p\u00e5 kostnader og kredittap<\/p>\n<p>L\u00f8nnskostnadene har \u00f8kt til 64,7 millioner kroner (fra 58,4 millioner i fjor) som f\u00f8lge av \u00f8kning i antall \u00e5rsverk og generell l\u00f8nnsutvikling. Andre driftskostnader og avskrivninger utgjorde 50,3 millioner kroner (mot 43,4 millioner i fjor).<\/p>\n<p>Til tross for \u00f8kte volumer, er kostnadsprosenten for kvartalet redusert til 47,7 prosent.<\/p>\n<p>Kredittap utgjorde 9,9 millioner kroner per 30.09.2025 (mot 8,3 millioner i fjor), men st\u00f8rrelsen p\u00e5 tapene vurderes av banken som moderate til lave.<\/p>\n","protected":false},"excerpt":{"rendered":"Banken viser til solid underliggende drift, \u00f8kte inntekter fra andre kilder og h\u00f8y vekst i utl\u00e5n og innskudd.&hellip;\n","protected":false},"author":2,"featured_media":15627,"comment_status":"","ping_status":"","sticky":false,"template":"","format":"standard","meta":{"footnotes":""},"categories":[56],"tags":[36,60,3723,61,62,30,28,29,572,1510],"class_list":{"0":"post-81566","1":"post","2":"type-post","3":"status-publish","4":"format-standard","5":"has-post-thumbnail","7":"category-naeringsliv","8":"tag-art","9":"tag-business","10":"tag-dalane","11":"tag-economy","12":"tag-naeringsliv","13":"tag-no","14":"tag-norge","15":"tag-norway","16":"tag-okonomi","17":"tag-story"},"share_on_mastodon":{"url":"https:\/\/pubeurope.com\/@no\/115512732701960991","error":""},"_links":{"self":[{"href":"https:\/\/www.europesays.com\/no\/wp-json\/wp\/v2\/posts\/81566","targetHints":{"allow":["GET"]}}],"collection":[{"href":"https:\/\/www.europesays.com\/no\/wp-json\/wp\/v2\/posts"}],"about":[{"href":"https:\/\/www.europesays.com\/no\/wp-json\/wp\/v2\/types\/post"}],"author":[{"embeddable":true,"href":"https:\/\/www.europesays.com\/no\/wp-json\/wp\/v2\/users\/2"}],"replies":[{"embeddable":true,"href":"https:\/\/www.europesays.com\/no\/wp-json\/wp\/v2\/comments?post=81566"}],"version-history":[{"count":0,"href":"https:\/\/www.europesays.com\/no\/wp-json\/wp\/v2\/posts\/81566\/revisions"}],"wp:featuredmedia":[{"embeddable":true,"href":"https:\/\/www.europesays.com\/no\/wp-json\/wp\/v2\/media\/15627"}],"wp:attachment":[{"href":"https:\/\/www.europesays.com\/no\/wp-json\/wp\/v2\/media?parent=81566"}],"wp:term":[{"taxonomy":"category","embeddable":true,"href":"https:\/\/www.europesays.com\/no\/wp-json\/wp\/v2\/categories?post=81566"},{"taxonomy":"post_tag","embeddable":true,"href":"https:\/\/www.europesays.com\/no\/wp-json\/wp\/v2\/tags?post=81566"}],"curies":[{"name":"wp","href":"https:\/\/api.w.org\/{rel}","templated":true}]}}