{"id":81581,"date":"2025-11-08T07:19:13","date_gmt":"2025-11-08T07:19:13","guid":{"rendered":"https:\/\/www.europesays.com\/no\/81581\/"},"modified":"2025-11-08T07:19:13","modified_gmt":"2025-11-08T07:19:13","slug":"noen-ma-begynne-a-planlegge-vm","status":"publish","type":"post","link":"https:\/\/www.europesays.com\/no\/81581\/","title":{"rendered":"\u2013 Noen m\u00e5 begynne \u00e5 planlegge VM"},"content":{"rendered":"\n<p class=\"_paragraph_o9xde_4 _paragraph_xtcu6_10 layout-component text-serif-m layout-normal text-serif-m layout-padded\"><a href=\"https:\/\/www.vg.no\/tag\/staale-solbakken?utm_source=vg-article&amp;utm_medium=auto-tagger&amp;utm_campaign=eM26eR\" class=\"_link_o9xde_39\" rel=\"nofollow noopener\" target=\"_blank\">St\u00e5le Solbakken<\/a> (57) ser ut av vinduet. Ut p\u00e5 de gr\u00f8nne slettene til moderklubben Grue IL. Her hvor magien startet.<\/p>\n<p class=\"_paragraph_o9xde_4 _paragraph_xtcu6_10 layout-component text-serif-m layout-normal text-serif-m layout-padded\">\u2013 Den opplevde jeg tidlig i Grue-garderoben som liten gutt \u2013 og den ser jeg igjen i dag n\u00e5r vi skal ut i avgj\u00f8rende VM-kvaliker.<\/p>\n<p class=\"_paragraph_o9xde_4 _paragraph_xtcu6_10 layout-component text-serif-m layout-normal text-serif-m layout-padded\">Han setter seg ned, trekker inn lukten fra \u00e5rtier med svette leggskinn, seier, tap og kameratskap.<\/p>\n<p class=\"_paragraph_o9xde_4 _paragraph_xtcu6_10 layout-component text-serif-m layout-normal text-serif-m layout-padded\"><strong class=\"_strong_o9xde_25\">Landslagssjefen har kommet hjem. <\/strong><\/p>\n<p><img alt=\"\" class=\"_image_qp4xg_65 layout-component layout-normal\" data-fullscreen- data-track-element-type=\"Article image fullscreen\" data-track-name=\"ImageFullscreen\" decoding=\"async\" loading=\"lazy\" height=\"5409\" itemprop=\"image\"  src=\"https:\/\/www.europesays.com\/no\/wp-content\/uploads\/2025\/11\/b8399bff-ea6c-40e4-8aee-96858b58e9e7\"  style=\"object-position:0% 0%\" width=\"5408\"\/><\/p>\n<p class=\"_paragraph_o9xde_4 _paragraph_xtcu6_10 layout-component text-serif-m layout-normal text-serif-m layout-padded\">Kirken\u00e6r i Innlandet fylke. Tolv mil i luftlinje nord for Ullevaal stadion. Litt over to mil fra svenskegrensen. <\/p>\n<p class=\"_paragraph_o9xde_4 _paragraph_xtcu6_10 layout-component text-serif-m layout-normal text-serif-m layout-padded\">St\u00e5le kjenner p\u00e5 r\u00f8ttene sine der han rusler p\u00e5 Grues stadionanlegg sammen med pappa Svein (85).<\/p>\n<p class=\"_paragraph_o9xde_4 _paragraph_xtcu6_10 layout-component text-serif-m layout-normal text-serif-m layout-padded\">Det har v\u00e6rt krevende tider etter at moren Mona d\u00f8de sist vinter. Det har brakt far og s\u00f8nn tettere sammen. B\u00e5de i fotballen og livet. <\/p>\n<p class=\"_paragraph_o9xde_4 _paragraph_xtcu6_10 layout-component text-serif-m layout-normal text-serif-m layout-padded\">Her i Grue mener St\u00e5le at han ble f\u00f8dt inn i den samme kulturen som har gitt landslaget 29 scoringer og kun tre baklengs i VM-kvaliken.<\/p>\n<p class=\"_paragraph_o9xde_4 _paragraph_xtcu6_10 layout-component text-serif-m layout-normal text-serif-m layout-padded\">N\u00e5 skiller \u2013 i praksis \u2013 bare \u00e9n hjemmeseier mot Estland Norge fra VM-sluttspillet.<\/p>\n<p class=\"_paragraph_o9xde_4 _paragraph_xtcu6_10 layout-component text-serif-m layout-normal text-serif-m layout-padded\">\u2013 Vi tjener stort p\u00e5 den kulturen vi har bygd. Ingen kan stikke hull p\u00e5 oss i motgang, mener Det siste \u00e5ret har han snudd fire vanskelige \u00e5r til en sesong med kjempesuksess.<\/p>\n<p class=\"_paragraph_o9xde_4 _paragraph_xtcu6_10 layout-component text-serif-m layout-normal text-serif-m layout-padded\"><strong class=\"_strong_o9xde_25\">Etter 5\u20130 over Israel tok det fullstendig av i Norges garderobe.<\/strong> <strong class=\"_strong_o9xde_25\">St\u00e5les tale til spillerne l\u00f8ftet stemningen i taket. <\/strong><\/p>\n<p> Videoklipp fra Norges Fotballforbund. Trykk p\u00e5 symbolet nede til h\u00f8yre for lyd.   Videoklipp fra Norges Fotballforbund. Trykk p\u00e5 symbolet nede til h\u00f8yre for lyd.   Videoklipp fra Norges Fotballforbund. Trykk p\u00e5 symbolet nede til h\u00f8yre for lyd.  <\/p>\n<p class=\"_paragraph_o9xde_4 _paragraph_xtcu6_10 layout-component text-serif-m layout-normal text-serif-m layout-padded\">\u2013 Drar du noen linjer tilbake til Grue-garderoben?<\/p>\n<p class=\"_paragraph_o9xde_4 _paragraph_xtcu6_10 layout-component text-serif-m layout-normal text-serif-m layout-padded\">\u2013 Jeg gj\u00f8r det kanskje ikke bevisst, men hvis du ikke har en god garderobe, gode mennesker, gode rollemodeller, s\u00e5 er det umulig \u00e5 ta det siste steget. Og bli veldig gode, svarer landslagssjefen.<\/p>\n<p class=\"_paragraph_o9xde_4 _paragraph_xtcu6_10 layout-component text-serif-m layout-normal text-serif-m layout-padded\">\u2013 Det har vi v\u00e6rt veldig flinke til hele veien, om det har g\u00e5tt bra eller d\u00e5rlig. Det er viktig for oss. Vi har spillere fra norsk eliteserie som kommer hit for f\u00f8rste gang \u2013 og s\u00e5 har vi verdensstjerner. Dette m\u00e5 du ta p\u00e5 alvor og smelte sammen. Det har vi gjort. Heldigvis er v\u00e5re verdensstjerner gode mennesker.<\/p>\n<p><img alt=\"Foto: Bj\u00f8rn S. Delebekk \/ VG\" class=\"_image_qp4xg_65 layout-component layout-normal\" data-fullscreen- data-track-element-type=\"Article image fullscreen\" data-track-name=\"ImageFullscreen\" decoding=\"async\" loading=\"lazy\" height=\"1559\" itemprop=\"image\"  src=\"https:\/\/www.europesays.com\/no\/wp-content\/uploads\/2025\/11\/b633ea2a-01d0-4287-9c91-b886a0b97ee3\"  style=\"object-position:0% 0%\" width=\"1559\"\/>Foto: Bj\u00f8rn S. Delebekk \/ VG<\/p>\n<p class=\"_paragraph_o9xde_4 _paragraph_xtcu6_10 layout-component text-serif-m layout-normal text-serif-m layout-padded\">\u2013 Hvorfor mener du Erling Braut Haaland og Martin \u00d8degaard er blitt slik?<\/p>\n<p class=\"_paragraph_o9xde_4 _paragraph_xtcu6_10 layout-component text-serif-m layout-normal text-serif-m layout-padded\">\u2013 Kanskje fordi de har vokst opp i sine garderober og har akkurat den samme bakgrunnen som meg og mange andre har.<\/p>\n<p class=\"_paragraph_o9xde_4 _paragraph_xtcu6_10 layout-component text-serif-m layout-normal text-serif-m layout-padded\">Han beskriver Norges st\u00f8rste profiler som \u00abveldig jordn\u00e6re\u00bb. Han poengterer at spillerne f\u00f8r hjemmekampene alltid bor p\u00e5 baksiden av Storo Storsenter p\u00e5 Oslos \u00f8stkant.<\/p>\n<p><img alt=\"Foto: Terje Pedersen \/ NTB\" class=\"_image_qp4xg_65 layout-component layout-normal\" data-fullscreen- data-track-element-type=\"Article image fullscreen\" data-track-name=\"ImageFullscreen\" decoding=\"async\" loading=\"lazy\" height=\"3640\" itemprop=\"image\"  src=\"https:\/\/www.europesays.com\/no\/wp-content\/uploads\/2025\/11\/3308266f-b99f-46b6-a9c1-6daf09c0f24e\"  style=\"object-position:0% 0%\" width=\"3640\"\/>Foto: Terje Pedersen \/ NTB<\/p>\n<p class=\"_paragraph_o9xde_4 _paragraph_xtcu6_10 layout-component text-serif-m layout-normal text-serif-m layout-padded\">\u2013 Der er det et fint og koselig hotell. Men 15 av v\u00e5re spillere er vant til helt andre forhold, poengterer Solbakken.<\/p>\n<p class=\"_paragraph_o9xde_4 _paragraph_xtcu6_10 layout-component text-serif-m layout-normal text-serif-m layout-padded\">Han blir fortsatt lykkelig av \u00e5 tenke tilbake p\u00e5 den lille hjemmegarderoben p\u00e5 Grue Stadion. Han kjenner duften av varmesalve og smaken av sportsdrikk fra felles t\u00f8nne.<\/p>\n<p class=\"_paragraph_o9xde_4 _paragraph_xtcu6_10 layout-component text-serif-m layout-normal text-serif-m layout-padded\"><strong class=\"_strong_o9xde_25\">Tryggheten. Milj\u00f8et. Latteren.<\/strong><\/p>\n<p> St\u00e5le var \u00e5tte \u00e5r da pappa Svein trente klubben til suksess i det som i dag heter Obos-ligaen. <img alt=\"\" class=\"_image_qp4xg_65 layout-component layout-fullscreen\" data-fullscreen- data-track-element-type=\"Article image fullscreen\" data-track-name=\"ImageFullscreen\" decoding=\"async\" loading=\"lazy\" height=\"8192\" itemprop=\"image\"  src=\"https:\/\/www.europesays.com\/no\/wp-content\/uploads\/2025\/11\/823e67e6-af97-47c3-9493-09a5bb70a2f9\"  style=\"object-position:51.74780380673499% 18.511962890625%\" width=\"5464\"\/><\/p>\n<p class=\"_paragraph_o9xde_4 _paragraph_xtcu6_10 layout-component text-serif-m layout-normal text-serif-m layout-padded\">Ogs\u00e5 Norges assistenttrener Kent Bergersen var p\u00e5 plass i hjemmegarderoben. Bergersens farBergersens farArne \u00abBror\u00bb Bergersen  (80) scoret for Frigg i cupfinalen for 60 \u00e5r siden. St\u00e5le Solbakken mener han er Grues beste spiller gjennom tidene. var stjerne p\u00e5 laget. Norges trenerduo har kjent hverandre siden tre\u2013fire\u00e5rsalderen. <\/p>\n<p class=\"_paragraph_o9xde_4 _paragraph_xtcu6_10 layout-component text-serif-m layout-normal text-serif-m layout-padded\">\u2013 Det er alfa omega med en god garderobe, sier Solbakken senior, som selv trente St\u00e5le i barne- og ungdoms\u00e5rene. <\/p>\n<p class=\"_paragraph_o9xde_4 _paragraph_xtcu6_10 layout-component text-serif-m layout-normal text-serif-m layout-padded\">Faren har sl\u00e5tt seg ned sammen med s\u00f8nnen p\u00e5 St\u00e5les gamle garderobeplass, nede til venstre for rommets eneste vindu.<\/p>\n<p class=\"_paragraph_o9xde_4 _paragraph_xtcu6_10 layout-component text-serif-m layout-normal text-serif-m layout-padded\">\u2013 Jeg har vokst opp i en fotballgarderobe. Alt dreide seg rundt A-lagets kamper, husker St\u00e5le.<\/p>\n<p class=\"_paragraph_o9xde_4 _paragraph_xtcu6_10 layout-component text-serif-m layout-normal text-serif-m layout-padded\">\u2013 Kameratskapet var stort og spesielt. Jeg kan ikke huske at noen klaget p\u00e5 at det var gjort en tabbe som var avgj\u00f8rende. Kampen var slutt enten vi hadde vunnet eller tapt, og det hadde vi gjort sammen, sier fatter&#8217;n.<\/p>\n<p class=\"_paragraph_o9xde_4 _paragraph_xtcu6_10 layout-component text-serif-m layout-normal text-serif-m layout-padded\">St\u00e5le mener en god fotballgarderobe handler om mye mer enn \u00e5 sn\u00f8re p\u00e5 seg skoene. Den binder spillere, trener og st\u00f8tteapparat sammen. Han siterer landslagets administrator Are Hokstad:<\/p>\n<p class=\"_paragraph_o9xde_4 _paragraph_xtcu6_10 layout-component text-serif-m layout-normal text-serif-m layout-padded\">\u2013 Are sier han ikke har noen utdannelse \u2013 men at han har den beste utdannelsen. Han er \u00abf\u00f8dt\u00bb i en fotballgarderobe. Den er det ingen i n\u00e6rheten av. Det er veldig fint sagt. Det g\u00e5r p\u00e5 solidaritet. Det g\u00e5r p\u00e5 samhold. Perfekt.<\/p>\n<p><img alt=\"\" class=\"_image_qp4xg_65 layout-component layout-normal\" data-fullscreen- data-track-element-type=\"Article image fullscreen\" data-track-name=\"ImageFullscreen\" decoding=\"async\" loading=\"lazy\" height=\"4682\" itemprop=\"image\"  src=\"https:\/\/www.europesays.com\/no\/wp-content\/uploads\/2025\/11\/3cc10bde-0232-480b-87b4-41d04aef1a7b\"  style=\"object-position:0% 0%\" width=\"4684\"\/><\/p>\n<p class=\"_paragraph_o9xde_4 _paragraph_xtcu6_10 layout-component text-serif-m layout-normal text-serif-m layout-padded\">P\u00e5 den andre siden av det lille bygdesentrumet strekker Reiargutua seg fra riksvei 2 ned mot Glomma. Elven renner h\u00f8stdiger og seig nedover i den flate landskapet i Sol\u00f8r. <\/p>\n<p class=\"_paragraph_o9xde_4 _paragraph_xtcu6_10 layout-component text-serif-m layout-normal text-serif-m layout-padded\">Landslagssjefens svarte BMW kj\u00f8rer grusveien \u2013 \u00abgutua\u00bb \u2013 ned til barndomshjemmet.<\/p>\n<p class=\"_paragraph_o9xde_4 _paragraph_xtcu6_10 layout-component text-serif-m layout-normal text-serif-m layout-padded\"><strong class=\"_strong_o9xde_25\">Det er stille i 70-tallshuset. Uvanlig stille.<\/strong><\/p>\n<p class=\"_paragraph_o9xde_4 _paragraph_xtcu6_10 layout-component text-serif-m layout-normal text-serif-m layout-padded\">Moren Mona Helene L\u00f8vstad Solbakken d\u00f8de i februar, 78 \u00e5r gammel.<\/p>\n<p class=\"_paragraph_o9xde_4 _paragraph_xtcu6_10 layout-component text-serif-m layout-normal text-serif-m layout-padded\">\u2013 Det har aldri v\u00e6rt i mine tanker at Mona skulle d\u00f8 f\u00f8r meg. Hun var syv \u00e5r yngre. Jeg har aldri forestilt meg et liv uten henne, sier Svein.<\/p>\n<p class=\"_paragraph_o9xde_4 _paragraph_xtcu6_10 layout-component text-serif-m layout-normal text-serif-m layout-padded\">Det har v\u00e6rt t\u00f8ft \u00e5 miste en kone og mamma som f\u00f8r sykdommen var regnet blant Kirken\u00e6rs sprekeste damer.<\/p>\n<p class=\"_paragraph_o9xde_4 _paragraph_xtcu6_10 layout-component text-serif-m layout-normal text-serif-m layout-padded\">\u2013 Det har g\u00e5tt bra, men de hadde v\u00e6rt sammen i 60 \u00e5r, s\u00e5 det er noe som mangler, sier St\u00e5le.<\/p>\n<p><img alt=\"\" class=\"_image_qp4xg_65 layout-component layout-normal\" data-fullscreen- data-track-element-type=\"Article image fullscreen\" data-track-name=\"ImageFullscreen\" decoding=\"async\" loading=\"lazy\" height=\"5086\" itemprop=\"image\"  src=\"https:\/\/www.europesays.com\/no\/wp-content\/uploads\/2025\/11\/f939e880-5c0d-4c8e-a4a4-3e6a44ff8c11\"  style=\"object-position:0% 0%\" width=\"5086\"\/><\/p>\n<p class=\"_paragraph_o9xde_4 _paragraph_xtcu6_10 layout-component text-serif-m layout-normal text-serif-m layout-padded\">Han f\u00f8ler han har kommet faren n\u00e6rmere etter morens d\u00f8d. De snakkes p\u00e5 telefonen omtrent annenhver dag. Det er langt enklere \u00e5 treffes etter at St\u00e5le og kona Anikken flyttet tilbake til Hamar.<\/p>\n<p class=\"_paragraph_o9xde_4 _paragraph_xtcu6_10 layout-component text-serif-m layout-normal text-serif-m layout-padded\">\u2013 Det har alltid handlet mye om fotball, men etter at mamma d\u00f8de, har det handlet om det hverdagslige ogs\u00e5. Ting pappa snakket med henne om tidligere.<\/p>\n<p class=\"_paragraph_o9xde_4 _paragraph_xtcu6_10 layout-component text-serif-m layout-normal text-serif-m layout-padded\"><strong class=\"_strong_o9xde_25\">Det finnes gylne minner.<\/strong><\/p>\n<p class=\"_paragraph_o9xde_4 _paragraph_xtcu6_10 layout-component text-serif-m layout-normal text-serif-m layout-padded\">Mona Solbakken delte ikke den gl\u00f8dende fotballinteressen til sin mann og to s\u00f8nner. P\u00e5 l\u00e6rerskolen ble Svein Solbakken kompis med Arne Scheie, senere legendarisk fotballkommentator i NRK. <\/p>\n<p class=\"_paragraph_o9xde_4 _paragraph_xtcu6_10 layout-component text-serif-m layout-normal text-serif-m layout-padded\">Arbeidsuken p\u00e5 ungdomsskolen hadde St\u00e5le sammen med kameraten Morten Svesengen hos Scheie og kollega Knut Th. Gleditsch i NRK-sporten.<\/p>\n<p><img alt=\"\" class=\"_image_qp4xg_65 layout-component layout-normal\" data-fullscreen- data-track-element-type=\"Article image fullscreen\" data-track-name=\"ImageFullscreen\" decoding=\"async\" loading=\"lazy\" height=\"5179\" itemprop=\"image\"  src=\"https:\/\/www.europesays.com\/no\/wp-content\/uploads\/2025\/11\/99aa241f-9144-4825-9be5-ce6c57172fa3\"  style=\"object-position:0% 0%\" width=\"5174\"\/><\/p>\n<p class=\"_paragraph_o9xde_4 _paragraph_xtcu6_10 layout-component text-serif-m layout-normal text-serif-m layout-padded\">I St\u00e5le barndom kom Scheie ogs\u00e5 p\u00e5 bes\u00f8k hjem til familien Solbakken \u2013 med sin velkjente r\u00f8st.<\/p>\n<p class=\"_paragraph_o9xde_4 _paragraph_xtcu6_10 layout-component text-serif-m layout-normal text-serif-m layout-padded\">En gang kom mammas stemme inne fra kj\u00f8kkenet:<\/p>\n<p class=\"_paragraph_o9xde_4 _paragraph_xtcu6_10 layout-component text-serif-m layout-normal text-serif-m layout-padded\">\u00abSkru ned lyden p\u00e5 TV!\u00bb<\/p>\n<p class=\"_paragraph_o9xde_4 _paragraph_xtcu6_10 layout-component text-serif-m layout-normal text-serif-m layout-padded\">\u2013 Hun synes det sto litt h\u00f8yt p\u00e5. S\u00e5 Arne dempet seg litt, smiler St\u00e5le.<\/p>\n<p class=\"_paragraph_o9xde_4 _paragraph_xtcu6_10 layout-component text-serif-m layout-normal text-serif-m layout-padded\">\u2013 Det har v\u00e6rt utrolig mye fotballprat i dette huset, sier faren.<\/p>\n<p><img alt=\"\" class=\"_image_qp4xg_65 layout-component layout-normal\" data-fullscreen- data-track-element-type=\"Article image fullscreen\" data-track-name=\"ImageFullscreen\" decoding=\"async\" loading=\"lazy\" height=\"5464\" itemprop=\"image\"  src=\"https:\/\/www.europesays.com\/no\/wp-content\/uploads\/2025\/11\/1470a8de-dc44-41bb-ad99-313ee1aa776b\"  style=\"object-position:0% 0%\" width=\"5461\"\/><\/p>\n<p class=\"_paragraph_o9xde_4 _paragraph_xtcu6_10 layout-component text-serif-m layout-normal text-serif-m layout-padded\">I tillegg til over 500 kamper for Grue fra 1955 til 1979 abonnerte Svein Solbakken p\u00e5 engelske aviser og dyrket sitt forhold til Chelsea. Den gl\u00f8dende interessen smittet over p\u00e5 St\u00e5le og lillebroren Espen SolbakkenEspen SolbakkenNyhetsleder i TV 2-sporten..<\/p>\n<p class=\"_paragraph_o9xde_4 _paragraph_xtcu6_10 layout-component text-serif-m layout-normal text-serif-m layout-padded\">N\u00e5 unng\u00e5r faren \u00e5 gi sportslige r\u00e5d og sp\u00f8r ikke eldstes\u00f8nnen om alt som er i nyhetsbildet.<\/p>\n<p class=\"_paragraph_o9xde_4 _paragraph_xtcu6_10 layout-component text-serif-m layout-normal text-serif-m layout-padded\">\u2013 Men du ringte da \u00d8degaard ble skadet. Da var du raskt p\u00e5 og ville ha en oppdatering, smiler St\u00e5le.<\/p>\n<p> Landslagssjefen har inntatt familiesofaens h\u00f8yre flanke. <img alt=\"\" class=\"_image_qp4xg_65 layout-component layout-fullscreen\" data-fullscreen- data-track-element-type=\"Article image fullscreen\" data-track-name=\"ImageFullscreen\" decoding=\"async\" loading=\"lazy\" height=\"7656\" itemprop=\"image\"  src=\"https:\/\/www.europesays.com\/no\/wp-content\/uploads\/2025\/11\/79ad8e2d-2d42-4300-9497-f19581f14564\"  style=\"object-position:59.99267935578331% 11.193834900731453%\" width=\"5464\"\/><\/p>\n<p class=\"_paragraph_o9xde_4 _paragraph_xtcu6_10 layout-component text-serif-m layout-normal text-serif-m layout-padded\">Han drikker vann tilsatt kullsyre. 57-\u00e5ringen scorer fortsatt ikke voksenpoeng med kaffe. Fatter&#8217;n serverer oss andre i r\u00f8de kopper. Mens VG \u2013 i anledning St\u00e5les hjemkomst \u2013 har medbrakte bakervarer, innkj\u00f8pt p\u00e5 Ullevaal stadion.<\/p>\n<p class=\"_paragraph_o9xde_4 _paragraph_xtcu6_10 layout-component text-serif-m layout-normal text-serif-m layout-padded\">S\u00e5nn for VM-stemningens skyld.<\/p>\n<p class=\"_paragraph_o9xde_4 _paragraph_xtcu6_10 layout-component text-serif-m layout-normal text-serif-m layout-padded\">Men landslagssjefen er langt unna br\u00f8lende tribuner og verbale saksespark.<\/p>\n<p class=\"_paragraph_o9xde_4 _paragraph_xtcu6_10 layout-component text-serif-m layout-normal text-serif-m layout-padded\"><strong class=\"_strong_o9xde_25\">Han snakker isteden om sin splittede personlighet.<\/strong><\/p>\n<p class=\"_paragraph_o9xde_4 _paragraph_xtcu6_10 layout-component text-serif-m layout-normal text-serif-m layout-padded\">\u2013 Det koster mye krefter \u00e5 v\u00e6re i store sosiale sammenhenger. Jeg har veldig behov for \u00e5 v\u00e6re alene eller med bare med de n\u00e6rmeste.<\/p>\n<p><img alt=\"\" class=\"_image_qp4xg_65 layout-component layout-normal\" data-fullscreen- data-track-element-type=\"Article image fullscreen\" data-track-name=\"ImageFullscreen\" decoding=\"async\" loading=\"lazy\" height=\"5051\" itemprop=\"image\"  src=\"https:\/\/www.europesays.com\/no\/wp-content\/uploads\/2025\/11\/b47d8ddd-bf69-4220-95ca-4432564d8d28\"  style=\"object-position:0% 0%\" width=\"5048\"\/><\/p>\n<p class=\"_paragraph_o9xde_4 _paragraph_xtcu6_10 layout-component text-serif-m layout-normal text-serif-m layout-padded\">\u2013 Jeg har \u00e9n rolle som landslagssjef \u2013 og en helt annen privat. De er ganske forskjellige. Jeg har mine venner som jeg er trygg p\u00e5. Der slipper jeg meg l\u00f8s. Men jeg er mye mer reservert i store rom n\u00e5r det ikke handler om jobb. Da blir jeg introvert.<\/p>\n<p class=\"_paragraph_o9xde_4 _paragraph_xtcu6_10 layout-component text-serif-m layout-normal text-serif-m layout-padded\">\u2013 Du virker ekstrovertekstrovertEn ekstrovert er en person som f\u00e5r energi fra sosialt samv\u00e6r, er utadvendt, pratsom og aktiv, og som trives i sosiale situasjoner og st\u00f8rre grupper. Andre kjennetegn inkluderer \u00e5 v\u00e6re handlekraftig, ta raske beslutninger og v\u00e6re komfortabel med nye utfordringer og bekjentskaper. p\u00e5 pressekonferanser?<\/p>\n<p class=\"_paragraph_o9xde_4 _paragraph_xtcu6_10 layout-component text-serif-m layout-normal text-serif-m layout-padded\">\u2013 Ja, men det er jobben min. Da skal jeg beskytte en gruppe og st\u00e5 i front for den. Men hjemme hos er det ikke mange pressekonferanser, for \u00e5 si det s\u00e5nn. Det er langt unna, beskriver St\u00e5le.<\/p>\n<p class=\"_paragraph_o9xde_4 _paragraph_xtcu6_10 layout-component text-serif-m layout-normal text-serif-m layout-padded\">\u2013 Jeg er leder for en gruppe og vil at gruppen skal gjenspeile meg til en viss grad. Samtidig skal jeg beskytte spillerne og v\u00e6re en frontfigur i denne jobben. Som norsk landslagstrener har jeg en plikt til \u00e5 stille opp, mene noe og v\u00e6re tilgjengelig til en viss grad. Dette er ikke et klubblag. Det er hele Norges lag, sier han og fortsetter:<\/p>\n<p class=\"_paragraph_o9xde_4 _paragraph_xtcu6_10 layout-component text-serif-m layout-normal text-serif-m layout-padded\">\u2013 Jeg er ikke glad i store arrangementer og selskaper. Jeg liker ikke \u00e5 v\u00e6re sammen med mange mennesker som jeg ikke har et forhold til. Da trekker jeg meg helt tilbake.<\/p>\n<p><img alt=\"\" class=\"_image_qp4xg_65 layout-component layout-normal\" data-fullscreen- data-track-element-type=\"Article image fullscreen\" data-track-name=\"ImageFullscreen\" decoding=\"async\" loading=\"lazy\" height=\"5250\" itemprop=\"image\"  src=\"https:\/\/www.europesays.com\/no\/wp-content\/uploads\/2025\/11\/8f1b34e8-e3d8-4639-a9bf-6a10a9e30ace\"  style=\"object-position:0% 0%\" width=\"5248\"\/><\/p>\n<p class=\"_paragraph_o9xde_4 _paragraph_xtcu6_10 layout-component text-serif-m layout-normal text-serif-m layout-padded\">Pappa stusser litt fra motsatt flanke av sofaen.<\/p>\n<p class=\"_paragraph_o9xde_4 _paragraph_xtcu6_10 layout-component text-serif-m layout-normal text-serif-m layout-padded\">\u2013 Men du er utrolig god til \u00e5 holde taler for folk. Da vi feiret Grues storhetstid,Grues storhetstid,Klubbens gullalder var i 1976 og 1977 \u2013 blant 30 lag (fordelt p\u00e5 tre avdelinger) i det som het 2. divisjon. holdt du en tale der du involverte alle i salen. St\u00e5le gikk fra bord til bord, presenterte alle, og trollbandt hele forsamlingen, sier han.<\/p>\n<p class=\"_paragraph_o9xde_4 _paragraph_xtcu6_10 layout-component text-serif-m layout-normal text-serif-m layout-padded\">\u2013 Ja, men det var om min barndom, min verden. Det kostet ikke s\u00e5 mye. Men jeg er jo gift med en utrolig utadvendt, ekstrovert kone.<\/p>\n<p> St\u00e5le er landslagssjef, men hjemme er det Anniken (49) som er sosialminister.<img alt=\"Foto: Geir Olsen \/ VG\" class=\"_image_qp4xg_65 layout-component layout-fullscreen\" data-fullscreen- data-track-element-type=\"Article image fullscreen\" data-track-name=\"ImageFullscreen\" decoding=\"async\" loading=\"lazy\" height=\"5162\" itemprop=\"image\"  src=\"https:\/\/www.europesays.com\/no\/wp-content\/uploads\/2025\/11\/a4aa8570-1018-4e60-a8ae-57fd9ab57372\"  style=\"object-position:62.766921185453604% 49.5350639287098%\" width=\"7727\"\/>Foto: Geir Olsen \/ VG<\/p>\n<p class=\"_paragraph_o9xde_4 _paragraph_xtcu6_10 layout-component text-serif-m layout-normal text-serif-m layout-padded\">Hun ble kj\u00e6reste med St\u00e5le allerede da hun var 19. Paret har v\u00e6rt sammen gjennom 30 \u00e5r med opp- og nedturer \u2013 som da han fikk<a href=\"https:\/\/www.vg.no\/sport\/i\/qnmKze\/anniken-solbakken-om-staales-hjertestans-jeg-tenkte-er-det-en-gang-jeg-skal-be-saa-er-det-naa\" data-track-element-type=\"Link\" data-track-id=\"link:qnmKze\" class=\"_link_o9xde_39\" rel=\"nofollow noopener\" target=\"_blank\"> hjertestans<\/a> p\u00e5 treningsfeltet.<\/p>\n<p class=\"_paragraph_o9xde_4 _paragraph_xtcu6_10 layout-component text-serif-m layout-normal text-serif-m layout-padded\">Sammen har de tre voksne barn: Sondre, Markus og Ida. Markus har debutert for landslaget \u2013 med pappa som trener.<\/p>\n<p class=\"_paragraph_o9xde_4 _paragraph_xtcu6_10 layout-component text-serif-m layout-normal text-serif-m layout-padded\">St\u00e5le kommer fra en jordbruksbygd som en gang bugnet av gode gressmatter og fem klubber med A- og B-lag. N\u00e5 er det bare \u00e9n klubb igjen p\u00e5 seniorniv\u00e5 \u2013 Grinder IL. F\u00f8r denne sesongen trakk Grue IL seniorlaget fra 5. divisjon.<\/p>\n<p class=\"_paragraph_o9xde_4 _paragraph_xtcu6_10 layout-component text-serif-m layout-normal text-serif-m layout-padded\">\u2013 Katastrofe, sier landslagssjefen.<\/p>\n<p class=\"_paragraph_o9xde_4 _paragraph_xtcu6_10 layout-component text-serif-m layout-normal text-serif-m layout-padded\">Svein er klubblegende og spilte over 500 kamper for Grue. Da den lille klubben i 1976 peaket med 5. plass p\u00e5 niv\u00e5 to, var han blitt trener.<\/p>\n<p class=\"_paragraph_o9xde_4 _paragraph_xtcu6_10 layout-component text-serif-m layout-normal text-serif-m layout-padded\">Svein trente s\u00f8nnen gjennom flere \u00e5r \u2013 og spilte i 1983 en U-kamp sammen med St\u00e5le.<\/p>\n<p><img alt=\"\" class=\"_image_qp4xg_65 layout-component layout-normal\" data-fullscreen- data-track-element-type=\"Article image fullscreen\" data-track-name=\"ImageFullscreen\" decoding=\"async\" loading=\"lazy\" height=\"4736\" itemprop=\"image\"  src=\"https:\/\/www.europesays.com\/no\/wp-content\/uploads\/2025\/11\/e444c358-7032-4d09-be88-9723936ed0b4\"  style=\"object-position:0% 0%\" width=\"4738\"\/><\/p>\n<p class=\"_paragraph_o9xde_4 _paragraph_xtcu6_10 layout-component text-serif-m layout-normal text-serif-m layout-padded\">\u2013 Jeg er nok den eneste som har spilt sammen med fem landslagssjefer, skratter han og ramser i tillegg til s\u00f8nnen opp Tor R\u00f8ste FossenTor R\u00f8ste FossenLandslagsjef for menn fra 1978  til 1987. og kvinnelandslagets Even PellerudEven PellerudLandslagstrener 1990-96 og 2012-2015., \u00c5ge Steen\u00c5ge SteenLandslagssjef 2000-2005 og Erling HokstadErling HokstadLandslagssjef 1983-89.<\/p>\n<p class=\"_paragraph_o9xde_4 _paragraph_xtcu6_10 layout-component text-serif-m layout-normal text-serif-m layout-padded\">Dagens suksessfulle landslagssjef m\u00e5tte br\u00e5tt endre retning. I 2001 avsluttet hjertestansen spillerkarrieren. St\u00e5le fikk raskt suksess som trener i HamKam og FC K\u00f8benhavn. Han opplevde \u00e5 f\u00e5 sparken b\u00e5de i K\u00f6lnK\u00f6lnRykket ned fra Bundesliga etter at Solbakken ble l\u00f8st fra kontrakten i april 2012. og WolverhamptonWolverhamptonRykket ned fra Championship til League One etter at Solbakken ble l\u00f8st fra kontrakten i januar 2013., f\u00f8r han kom tilbake i FCKFCKBle l\u00f8st fra kontrakten i oktober 2020..<\/p>\n<p class=\"_paragraph_o9xde_4 _paragraph_xtcu6_10 layout-component text-serif-m layout-normal text-serif-m layout-padded\"><strong class=\"_strong_o9xde_25\">Noe slikt hadde Svein Solbakken aldri regnet med under St\u00e5les oppvekst.<\/strong><\/p>\n<p class=\"_paragraph_o9xde_4 _paragraph_xtcu6_10 layout-component text-serif-m layout-normal text-serif-m layout-padded\">\u2013 Jeg trodde han skulle bli en god fotballspiller. Men om noen hadde sagt at han skulle bli trener p\u00e5 h\u00f8yt niv\u00e5? Da ville jeg v\u00e6rt skeptisk. Jeg ville tvilt p\u00e5 om han hadde den myndigheten. Han var ikke noen leder i guttegjengen, sier pappa.<\/p>\n<p class=\"_paragraph_o9xde_4 _paragraph_xtcu6_10 layout-component text-serif-m layout-normal text-serif-m layout-padded\">Som faren er St\u00e5le utdannet l\u00e6rer. I oppveksten gjorde han bra p\u00e5 skolen. Karakterboken best\u00e5r stort sett av bokstaven Mbokstaven MM = Meget godt. Den nest h\u00f8yeste karakteren av fem i det gamle karaktersystemet p\u00e5 ungdomskolen. Ble byttet ut i 1999.. <\/p>\n<p><img alt=\"\" class=\"_image_qp4xg_65 layout-component layout-normal\" data-fullscreen- data-track-element-type=\"Article image fullscreen\" data-track-name=\"ImageFullscreen\" decoding=\"async\" loading=\"lazy\" height=\"4673\" itemprop=\"image\"  src=\"https:\/\/www.europesays.com\/no\/wp-content\/uploads\/2025\/11\/09a657f2-06a7-4ff2-ac6e-b06785f357c3\"  style=\"object-position:0% 0%\" width=\"4673\"\/><\/p>\n<p class=\"_paragraph_o9xde_4 _paragraph_xtcu6_10 layout-component text-serif-m layout-normal text-serif-m layout-padded\">Pappa var barneskolel\u00e6rer og hadde St\u00e5le i gym.<\/p>\n<p class=\"_paragraph_o9xde_4 _paragraph_xtcu6_10 layout-component text-serif-m layout-normal text-serif-m layout-padded\">\u2013 Men \u00e9n ting har jeg aldri gjort: Jeg har aldri presset deg til \u00e5 gj\u00f8re lekser.<\/p>\n<p class=\"_paragraph_o9xde_4 _paragraph_xtcu6_10 layout-component text-serif-m layout-normal text-serif-m layout-padded\">\u2013 Skolen var annenprioritet, konstaterer St\u00e5le.<\/p>\n<p class=\"_paragraph_o9xde_4 _paragraph_xtcu6_10 layout-component text-serif-m layout-normal text-serif-m layout-padded\">\u2013 Det var det, bekrefter pappa.<\/p>\n<p class=\"_paragraph_o9xde_4 _paragraph_xtcu6_10 layout-component text-serif-m layout-normal text-serif-m layout-padded\">\u2013 Hvis St\u00e5le satt med leksene, og noen kom p\u00e5 d\u00f8ren for \u00e5 spille fotball, sa jeg bare: \u00abReis ut\u00bb. Det var kanskje rart. ettersom jeg var l\u00e6rer &#8230;<\/p>\n<p class=\"_paragraph_o9xde_4 _paragraph_xtcu6_10 layout-component text-serif-m layout-normal text-serif-m layout-padded\">\u2013 Det var aldri karakterpress. Jeg ble aldri kontrollert, sier St\u00e5le.<\/p>\n<p class=\"_paragraph_o9xde_4 _paragraph_xtcu6_10 layout-component text-serif-m layout-normal text-serif-m layout-padded\">Han var rastl\u00f8s og klarte ikke alltid \u00e5 holde seg i ro. Som 14-\u00e5ring ble unge Solbakken tema i l\u00e6rerr\u00e5det. Det endte med melding hjem fordi han forstyrret de andre elevene i timene \u2013 og under tentamen. <\/p>\n<p> St\u00e5le blar videre i gamle minner. Han mener de bare er gode. <img alt=\"\" class=\"_image_qp4xg_65 layout-component layout-fullscreen\" data-fullscreen- data-track-element-type=\"Article image fullscreen\" data-track-name=\"ImageFullscreen\" decoding=\"async\" loading=\"lazy\" height=\"5391\" itemprop=\"image\"  src=\"https:\/\/www.europesays.com\/no\/wp-content\/uploads\/2025\/11\/6e7176f7-87a4-4169-8d49-46e081a8913c\"  style=\"object-position:42.0921420023933% 51.66944908180301%\" width=\"5014\"\/><\/p>\n<p class=\"_paragraph_o9xde_4 _paragraph_xtcu6_10 layout-component text-serif-m layout-normal text-serif-m layout-padded\">Hver dag klokken 14.30 var det middag hjemme. Fra kl. 14.40 til leggetid hadde han egentid \u2013 til trening og kamerater.<\/p>\n<p class=\"_paragraph_o9xde_4 _paragraph_xtcu6_10 layout-component text-serif-m layout-normal text-serif-m layout-padded\">\u2013 Jeg dro av sted p\u00e5 sykkelen.<\/p>\n<p class=\"_paragraph_o9xde_4 _paragraph_xtcu6_10 layout-component text-serif-m layout-normal text-serif-m layout-padded\">Den i dag 189 cm h\u00f8ye St\u00e5le vokste sakte. Som 16-\u00e5ring debuterte han p\u00e5 Grues seniorlag \u2013 1,68 h\u00f8y og knapt 50 kilo tung. Mangelen p\u00e5 fysikk m\u00e5tte kompenseres med teknikk og blikk for spillet.<\/p>\n<p class=\"_paragraph_o9xde_4 _paragraph_xtcu6_10 layout-component text-serif-m layout-normal text-serif-m layout-padded\"><strong class=\"_strong_o9xde_25\">\u2013 Og jeg var desperat etter \u00e5 vinne. Alltid. <\/strong><\/p>\n<p><img alt=\"\" class=\"_image_qp4xg_65 layout-component layout-normal\" data-fullscreen- data-track-element-type=\"Article image fullscreen\" data-track-name=\"ImageFullscreen\" decoding=\"async\" loading=\"lazy\" height=\"5549\" itemprop=\"image\"  src=\"https:\/\/www.europesays.com\/no\/wp-content\/uploads\/2025\/11\/aec52382-bd05-46cd-82a4-bfaf5d4f0ba9\"  style=\"object-position:0% 0%\" width=\"5551\"\/><\/p>\n<p class=\"_paragraph_o9xde_4 _paragraph_xtcu6_10 layout-component text-serif-m layout-normal text-serif-m layout-padded\">Som 20-\u00e5ring var han fortsatt ikke utvokst.<\/p>\n<p class=\"_paragraph_o9xde_4 _paragraph_xtcu6_10 layout-component text-serif-m layout-normal text-serif-m layout-padded\">\u2013 Det betydde en god del. Han m\u00e5tte v\u00e6re smartere enn de andre. Oppfatte spillet raskt, minnes Svein.<\/p>\n<p class=\"_paragraph_o9xde_4 _paragraph_xtcu6_10 layout-component text-serif-m layout-normal text-serif-m layout-padded\">Han var opptatt av at s\u00f8nnen ikke skulle f\u00e5 noe gratis som fotballspiller. Foreldretreneren var sjelden raus med rosen og byttet St\u00e5le ut oftere enn han fortjente, syntes s\u00f8nnen.<\/p>\n<p class=\"_paragraph_o9xde_4 _paragraph_xtcu6_10 layout-component text-serif-m layout-normal text-serif-m layout-padded\">\u2013 Han var en t\u00f8ff trener og var direkte mot meg. Men jeg tok ikke noen skade av det. det var enkelt for meg. Jeg ville bli god og trente mest alle fra jeg var 13\u201314 \u00e5r. <\/p>\n<p class=\"_paragraph_o9xde_4 _paragraph_xtcu6_10 layout-component text-serif-m layout-normal text-serif-m layout-padded\">Da han var 15, vant Grue det uoffisielle norgesmesterskapet for guttelag. Ett \u00e5r eldre Kent Bergersen var stjerne p\u00e5 laget.<\/p>\n<p><img alt=\"\" class=\"_image_qp4xg_65 layout-component layout-normal\" data-fullscreen- data-track-element-type=\"Article image fullscreen\" data-track-name=\"ImageFullscreen\" decoding=\"async\" loading=\"lazy\" height=\"5406\" itemprop=\"image\"  src=\"https:\/\/www.europesays.com\/no\/wp-content\/uploads\/2025\/11\/960b1689-a9db-4933-bd36-f1f3b4539190\"  style=\"object-position:0% 0%\" width=\"5409\"\/><\/p>\n<p class=\"_paragraph_o9xde_4 _paragraph_xtcu6_10 layout-component text-serif-m layout-normal text-serif-m layout-padded\">Svein Solbakken var treneren deres.<\/p>\n<p class=\"_paragraph_o9xde_4 _paragraph_xtcu6_10 layout-component text-serif-m layout-normal text-serif-m layout-padded\">\u2013 Hva betydde faren din?<\/p>\n<p class=\"_paragraph_o9xde_4 _paragraph_xtcu6_10 layout-component text-serif-m layout-normal text-serif-m layout-padded\">\u2013 Han har betydd mye. Men jeg tror jeg ville blitt like god om jeg hadde vokst opp i en annen familie p\u00e5 Kirken\u00e6r. Bygda betydde mye, svarer St\u00e5le.<\/p>\n<p class=\"_paragraph_o9xde_4 _paragraph_xtcu6_10 layout-component text-serif-m layout-normal text-serif-m layout-padded\"><strong class=\"_strong_o9xde_25\">\u2013 Diskusjonen om arv og milj\u00f8 g\u00e5r i fav\u00f8r av milj\u00f8. <\/strong><\/p>\n<p class=\"_paragraph_o9xde_4 _paragraph_xtcu6_10 layout-component text-serif-m layout-normal text-serif-m layout-padded\">Som ten\u00e5ring ble han aldri innkalt til yngre landslag. Da St\u00e5le var blitt 20, gikk flyttelasset til HamKam, den gang p\u00e5 niv\u00e5 to. L\u00f8nnen var p\u00e5 \u00ab1000 kroner i m\u00e5neden pluss fri leilighet\u00bb. <\/p>\n<p class=\"_paragraph_o9xde_4 _paragraph_xtcu6_10 layout-component text-serif-m layout-normal text-serif-m layout-padded\">Steget var stort nok for den lovende spilleren \u2013 som ikke spilte i Eliteserien f\u00f8r han var 24 og p\u00e5 landslaget to \u00e5r senere. St\u00e5le debuterte for Wimbledon i Premier League som 27-\u00e5ring.<\/p>\n<p class=\"_paragraph_o9xde_4 _paragraph_xtcu6_10 layout-component text-serif-m layout-normal text-serif-m layout-padded\">\u2013 Helt unormalt, beskriver han selv.<\/p>\n<p class=\"_paragraph_o9xde_4 _paragraph_xtcu6_10 layout-component text-serif-m layout-normal text-serif-m layout-padded\">\u2013 Da jeg var 28\u201329 \u00e5r, hadde jeg studiel\u00e5n. Det har ingen av dagens landslagsspillere. Jeg var en av de siste som gikk den lange, lange veien. Men jeg kom meg til Lillestr\u00f8m og fikk 10-er-tr\u00f8yen til Tom LundTom LundLSK-legende med to seriegull og tre cupmesterskap for klubben. 47 landskamper (12 m\u00e5l) for Norge.. Det var den drakten jeg ville ha i barndommen.<\/p>\n<p><img alt=\"Foto: Jon Petter Evensen \/ Aftenposten\" class=\"_image_qp4xg_65 layout-component layout-normal\" data-fullscreen- data-track-element-type=\"Article image fullscreen\" data-track-name=\"ImageFullscreen\" decoding=\"async\" loading=\"lazy\" height=\"1181\" itemprop=\"image\"  src=\"https:\/\/www.europesays.com\/no\/wp-content\/uploads\/2025\/11\/1d9b29d6-66ad-4770-9fff-4abb078530e3\"  style=\"object-position:0% 0%\" width=\"1181\"\/>Foto: Jon Petter Evensen \/ Aftenposten<\/p>\n<p class=\"_paragraph_o9xde_4 _paragraph_xtcu6_10 layout-component text-serif-m layout-normal text-serif-m layout-padded\">N\u00e5 st\u00e5r han p\u00e5 terskelen til \u00e5 overvinne Fotball-Norges traume. VM-deltagelsen har manglet siden St\u00e5le selv var p\u00e5 banen i tre av fire VM-kamper i 1998.<\/p>\n<p class=\"_paragraph_o9xde_4 _paragraph_xtcu6_10 layout-component text-serif-m layout-normal text-serif-m layout-padded\"><strong class=\"_strong_o9xde_25\">\u2013 95 prosent sjanse, mener Svein f\u00f8r de to siste kampene mot Estland og Italia.<\/strong><\/p>\n<p class=\"_paragraph_o9xde_4 _paragraph_xtcu6_10 layout-component text-serif-m layout-normal text-serif-m layout-padded\">St\u00e5le Solbakken har signalisert at han kan tenke seg andre oppgaver enn \u00e5 trene Norge etter sommerens VM-sluttspill.<\/p>\n<p class=\"_paragraph_o9xde_4 _paragraph_xtcu6_10 layout-component text-serif-m layout-normal text-serif-m layout-padded\">\u2013 Han har \u00e9n stor jobb igjen. Jeg vet ikke om det blir med landslag eller klubblag, det f\u00e5r tiden vise, smiler Svein.<\/p>\n<p class=\"_paragraph_o9xde_4 _paragraph_xtcu6_10 layout-component text-serif-m layout-normal text-serif-m layout-padded\">\u2013 Men jeg tror han kan v\u00e6re attraktiv utenfor Norge om det g\u00e5r veien med VM. Men ogs\u00e5 St\u00e5le begynner \u00e5 dra p\u00e5 \u00e5rene. Jeg vet ikke hvor lenge han orker, jeg tror likevel han tar en periode til. Jeg h\u00e5per det skjer med Norge. S\u00e5 han blir her.<\/p>\n<p><img alt=\"\" class=\"_image_qp4xg_65 layout-component layout-normal\" data-fullscreen- data-track-element-type=\"Article image fullscreen\" data-track-name=\"ImageFullscreen\" decoding=\"async\" loading=\"lazy\" height=\"5205\" itemprop=\"image\"  src=\"https:\/\/www.europesays.com\/no\/wp-content\/uploads\/2025\/11\/993af74d-7840-4a50-a7fa-eb95f721884a\"  style=\"object-position:0% 0%\" width=\"5205\"\/><\/p>\n<p class=\"_paragraph_o9xde_4 _paragraph_xtcu6_10 layout-component text-serif-m layout-normal text-serif-m layout-padded\">St\u00e5le Solbakken sier minst mulig f\u00f8r alt er hundre prosent.<\/p>\n<p class=\"_paragraph_o9xde_4 _paragraph_xtcu6_10 layout-component text-serif-m layout-normal text-serif-m layout-padded\">\u2013 Jeg har lagt fremtiden p\u00e5 is. Jeg har tunnelfokus, fastsl\u00e5r han.<\/p>\n<p class=\"_paragraph_o9xde_4 _paragraph_xtcu6_10 layout-component text-serif-m layout-normal text-serif-m layout-padded\">\u2013 Vi er s\u00e5 n\u00e6r VM at noen i Fotballforbundet m\u00e5 begynne \u00e5 planlegge. Det er s\u00e5 mye som skal p\u00e5 plass, og Norge har s\u00e5 liten erfaring med dette, over s\u00e5 lang tid. Veldig mange nasjoner ligger langt foran oss. Noen m\u00e5 g\u00e5 i gang, oppfordrer han.<\/p>\n<p class=\"_paragraph_o9xde_4 _paragraph_xtcu6_10 layout-component text-serif-m layout-normal text-serif-m layout-padded\"><strong class=\"_strong_o9xde_25\">\u2013 Men jeg er ikke med p\u00e5 det. Jeg orker ikke. Jeg har tunnelsyn.<\/strong><\/p>\n<p> Jostein Overvik<\/p>\n<p class=\"text-sans-s\">Journalist<\/p>\n<p><img decoding=\"async\" alt=\"Jostein Overvik\" class=\"_image_uv074_179\" src=\"https:\/\/www.europesays.com\/no\/wp-content\/uploads\/2025\/11\/1762586353_620_9167fa6a-7320-4d6f-b3c9-6c4ecb8beb8c\" width=\"480\"\/>Gisle Oddstad<\/p>\n<p class=\"text-sans-s\">Fotojournalist<\/p>\n<p><img decoding=\"async\" alt=\"Gisle Oddstad\" class=\"_image_uv074_179\" src=\"https:\/\/www.europesays.com\/no\/wp-content\/uploads\/2025\/11\/d0fe27fc-1a33-4fb5-a219-a88e3d784c97\" width=\"480\"\/>     <\/p>\n","protected":false},"excerpt":{"rendered":"St\u00e5le Solbakken (57) ser ut av vinduet. Ut p\u00e5 de gr\u00f8nne slettene til moderklubben Grue IL. Her hvor&hellip;\n","protected":false},"author":2,"featured_media":81582,"comment_status":"","ping_status":"","sticky":false,"template":"","format":"standard","meta":{"footnotes":""},"categories":[59],"tags":[8138,3163,30,28,29,83,82,1387,2920,785],"class_list":{"0":"post-81581","1":"post","2":"type-post","3":"status-publish","4":"format-standard","5":"has-post-thumbnail","7":"category-sport","8":"tag-grue","9":"tag-herrelandslaget-fotball","10":"tag-no","11":"tag-norge","12":"tag-norway","13":"tag-sport","14":"tag-sports","15":"tag-stale-solbakken","16":"tag-vg-eksklusiv","17":"tag-vghubben"},"share_on_mastodon":{"url":"https:\/\/pubeurope.com\/@no\/115512868737376436","error":""},"_links":{"self":[{"href":"https:\/\/www.europesays.com\/no\/wp-json\/wp\/v2\/posts\/81581","targetHints":{"allow":["GET"]}}],"collection":[{"href":"https:\/\/www.europesays.com\/no\/wp-json\/wp\/v2\/posts"}],"about":[{"href":"https:\/\/www.europesays.com\/no\/wp-json\/wp\/v2\/types\/post"}],"author":[{"embeddable":true,"href":"https:\/\/www.europesays.com\/no\/wp-json\/wp\/v2\/users\/2"}],"replies":[{"embeddable":true,"href":"https:\/\/www.europesays.com\/no\/wp-json\/wp\/v2\/comments?post=81581"}],"version-history":[{"count":0,"href":"https:\/\/www.europesays.com\/no\/wp-json\/wp\/v2\/posts\/81581\/revisions"}],"wp:featuredmedia":[{"embeddable":true,"href":"https:\/\/www.europesays.com\/no\/wp-json\/wp\/v2\/media\/81582"}],"wp:attachment":[{"href":"https:\/\/www.europesays.com\/no\/wp-json\/wp\/v2\/media?parent=81581"}],"wp:term":[{"taxonomy":"category","embeddable":true,"href":"https:\/\/www.europesays.com\/no\/wp-json\/wp\/v2\/categories?post=81581"},{"taxonomy":"post_tag","embeddable":true,"href":"https:\/\/www.europesays.com\/no\/wp-json\/wp\/v2\/tags?post=81581"}],"curies":[{"name":"wp","href":"https:\/\/api.w.org\/{rel}","templated":true}]}}