{"id":81599,"date":"2025-11-08T07:41:12","date_gmt":"2025-11-08T07:41:12","guid":{"rendered":"https:\/\/www.europesays.com\/no\/81599\/"},"modified":"2025-11-08T07:41:12","modified_gmt":"2025-11-08T07:41:12","slug":"jennifer-lawrence-droppet-intimitetskoordinator-med-robert-pattinson","status":"publish","type":"post","link":"https:\/\/www.europesays.com\/no\/81599\/","title":{"rendered":"Jennifer Lawrence droppet intimitetskoordinator med Robert Pattinson"},"content":{"rendered":"<p class=\"kicker \" style=\"\">Jennifer Lawrence:<\/p>\n<p>  Hollywood-skuespilleren r\u00f8per at hun droppet intimitetskoordinator med medskuespiller.\u00a0<\/p>\n<p>\n    PREMIERE: Jennifer Lawrence snakker om sitt forhold til sin medskuespiller under presseturn\u00e9 til sin nye film. Foto: AP\/NTB\n  <\/p>\n<p>Jennifer Lawrence (35) gjorde entr\u00e9 i podkasten <a href=\"https:\/\/open.spotify.com\/episode\/6jSI94E3Z7Ye289SskABXa?si=HWGlZ7RFQCaYByG0f_V69Q\" rel=\"nofollow noopener\" target=\"_blank\">\u00abLas Culturistas\u00bb<\/a> under presseturn\u00e9en til hennes nye film \u00abDie My Love\u00bb.\u00a0\u00a0<\/p>\n<p>Filmen f\u00f8lger Grace (Jennifer Lawrence), en ung mor som f\u00e5r en f\u00f8dselsdepresjon som utvikler seg til en psykose. Robert Pattinson har rollen som Jackson, Graces partner.\u00a0<\/p>\n<p>        NEKTER: Prinsesse M\u00e4rtha Louise svarer p\u00e5 noen bisarre rykter som har spredt seg den siste tiden. Reporter: Nora Skavhaug \/ R\u00f8d L\u00f8per. Video: Danny Son Ngoc To \/ Dagbladet TV. <\/p>\n<p>Saken ble f\u00f8rst omtalt av <a href=\"https:\/\/variety.com\/2025\/film\/news\/jennifer-lawrence-intimacy-coordinator-robert-pattinson-sex-scenes-die-my-love-1236570241\/\" rel=\"nofollow noopener\" target=\"_blank\">Variety<\/a>.\u00a0<\/p>\n<p>Her avsl\u00f8rte skuespilleren at hun ikke brukte intimitetskoordinator p\u00e5 filmsettet med medskuespiller Robert Pattinson (39).\u00a0<\/p>\n<p>&#8211; Vi hadde ikke en intimitetskoordinator, eller kanskje vi hadde&#8230; Men jeg f\u00f8lte meg veldig trygg med Rob, forteller Lawrence i podkasten.\u00a0<\/p>\n<p>          <img loading=\"lazy\" decoding=\"async\" src=\"https:\/\/www.europesays.com\/no\/wp-content\/uploads\/2025\/11\/83824806.webp\" width=\"686\" height=\"460\" title=\"DUOEN: Jennifer Lawrence og Robert Pattinson i sin nye film \u00abDie My Love\u00bb. Foto: AP\/NTB\" alt=\"\" class=\"\" style=\"--aspect-ratio-image: 1.49; \"\/><\/p>\n<p>\n          DUOEN: Jennifer Lawrence og Robert Pattinson i sin nye film \u00abDie My Love\u00bb. Foto: AP\/NTB\n      <\/p>\n<p>En intimitetskoordinator sikrer at sexscener foreg\u00e5r p\u00e5 en trygg m\u00e5te for skuespillerne.\u00a0<\/p>\n<p>Tobarnsmoren har mottatt str\u00e5lende kritikk og det har blitt skapt Oscar-buzz rundt hennes opptreden i filmen.\u00a0<\/p>\n<p>Videre forteller hun om sitt forhold med Pattinson p\u00e5 filmsettet.<\/p>\n<p>    <a itemprop=\"url\" href=\"https:\/\/www.seher.no\/kjendis\/ekskjaeresten-avslorer-datet-begge-to\/83802659\" rel=\"nofollow noopener\" target=\"_blank\"><\/p>\n<p>      <img loading=\"lazy\" decoding=\"async\" src=\"https:\/\/www.europesays.com\/no\/wp-content\/uploads\/2025\/11\/1762587671_603_83713248.webp\" width=\"980\" height=\"441\" title=\"Ekskj\u00e6resten avsl\u00f8rer: Datet begge to!\" alt=\"\" class=\"lazyload\" style=\"--aspect-ratio-image: 2.22; \"\/><\/p>\n<p>        Ekskj\u00e6resten avsl\u00f8rer: Datet begge to!<\/p>\n<p>    <\/a><\/p>\n<p>&#8211; Han er ikke pervers og han er veldig forelsket i sin partner Suki Waterhouse. Vi snakket for det meste om v\u00e5re barn og forhold. Det var aldri rar stemning, og hvis det var det hadde jeg nok hatt en intimitetskoordinator, fortsetter Lawrence.\u00a0<\/p>\n<p>          <img loading=\"lazy\" decoding=\"async\" src=\"https:\/\/www.europesays.com\/no\/wp-content\/uploads\/2025\/11\/83824818.webp\" width=\"686\" height=\"474\" title=\"FORLOVEDE: Robert Pattinson og hans forlovede Suki Waterhouse p\u00e5 premieren til hans nye film. Foto: AP\/NTB\" alt=\"\" class=\"\" style=\"--aspect-ratio-image: 1.45; \"\/><\/p>\n<p>\n          FORLOVEDE: Robert Pattinson og hans forlovede Suki Waterhouse p\u00e5 premieren til hans nye film. Foto: AP\/NTB\n      <\/p>\n<p>Lawrence giftet seg i 2019 med kunstdirekt\u00f8ren Cooke Maroney (41) og har to s\u00f8nner sammen. Eldstegutten Cy ble f\u00f8dt i 2022, og yngstes\u00f8nnen kom tidligere i \u00e5r.\u00a0<\/p>\n<p>          <img loading=\"lazy\" decoding=\"async\" src=\"https:\/\/www.europesays.com\/no\/wp-content\/uploads\/2025\/11\/83824877.webp\" width=\"686\" height=\"501\" title=\"GIFT: Jennifer Lawrence og mannen Cooke Maroney giftet seg i 2019. Foto: REX\/NTB\" alt=\"\" class=\"\" style=\"--aspect-ratio-image: 1.37; \"\/><\/p>\n<p>\n          GIFT: Jennifer Lawrence og mannen Cooke Maroney giftet seg i 2019. Foto: REX\/NTB\n      <\/p>\n<p> Lawrence vises naken i filmen, som ble spilt inn mens hun var gravid med sitt andre barn.\u00a0<\/p>\n<p>Hun sier at hun denne gangen ikke brydde seg om hvordan kroppen hennes s\u00e5 ut foran kamera. Det st\u00e5r i tydelig kontrast til hva hun f\u00f8lte under innspillingen av 2023-filmen \u00abNo Hard Feelings\u00bb, hvor hun trente hardt og var mer opptatt av utseendet sitt.\u00a0<\/p>\n<p>        ELLE: Skam-stjernene Josefine Frida Pettersen, Herman T\u00f8mmeraas og Thomas Hayes dukket opp sammen p\u00e5 \u00e5rets Elle-galla. Reporter: Nora Skavhaug. Video: Danny Son Ngoc To \/ R\u00f8d L\u00f8per <\/p>\n<p>Tidligere i \u00e5r kom det frem at Lawrence <a href=\"https:\/\/www.seher.no\/kjendis\/avslorer-operasjonsplaner\/83787780\" rel=\"nofollow noopener\" target=\"_blank\">har planer om \u00e5 operere puppene sine<\/a>.<\/p>\n<p>I et portrettintervju med\u00a0<a href=\"https:\/\/www.newyorker.com\/magazine\/2025\/11\/03\/jennifer-lawrence-profile\" rel=\"nofollow noopener\" target=\"_blank\">The New Yorker<\/a>, fortalte Lawrence at kroppen hennes har forandret seg etter hun f\u00f8dte sitt andre barn.\u00a0<\/p>\n<p>    <a itemprop=\"url\" href=\"https:\/\/www.seher.no\/kjendis\/svarer-pa-ryktene\/83821057\" rel=\"nofollow noopener\" target=\"_blank\"><\/p>\n<p>      <img loading=\"lazy\" decoding=\"async\" src=\"https:\/\/www.europesays.com\/no\/wp-content\/uploads\/2025\/11\/83820913.webp\" width=\"980\" height=\"441\" title=\"Svarer p\u00e5 ryktene\" alt=\"\" class=\"lazyload\" style=\"--aspect-ratio-image: 2.22; \"\/><\/p>\n<p>        Svarer p\u00e5 ryktene<\/p>\n<p>    <\/a><\/p>\n<p>&#8211; Jeg ville kanskje ikke forhastet meg med operasjonen p\u00e5 samme m\u00e5te dersom jeg ikke var en kjent skuespiller, men jeg ville nok uansett ha tatt den, fortalte Lawrence.<\/p>\n","protected":false},"excerpt":{"rendered":"Jennifer Lawrence: Hollywood-skuespilleren r\u00f8per at hun droppet intimitetskoordinator med medskuespiller.\u00a0 PREMIERE: Jennifer Lawrence snakker om sitt forhold til&hellip;\n","protected":false},"author":2,"featured_media":81600,"comment_status":"","ping_status":"","sticky":false,"template":"","format":"standard","meta":{"footnotes":""},"categories":[58],"tags":[71,7220,479,2543,30,28,29,72],"class_list":{"0":"post-81599","1":"post","2":"type-post","3":"status-publish","4":"format-standard","5":"has-post-thumbnail","7":"category-underholdning","8":"tag-entertainment","9":"tag-jennifer-lawrence","10":"tag-kjendis","11":"tag-kjendisdesken","12":"tag-no","13":"tag-norge","14":"tag-norway","15":"tag-underholdning"},"share_on_mastodon":{"url":"https:\/\/pubeurope.com\/@no\/115512953215124984","error":""},"_links":{"self":[{"href":"https:\/\/www.europesays.com\/no\/wp-json\/wp\/v2\/posts\/81599","targetHints":{"allow":["GET"]}}],"collection":[{"href":"https:\/\/www.europesays.com\/no\/wp-json\/wp\/v2\/posts"}],"about":[{"href":"https:\/\/www.europesays.com\/no\/wp-json\/wp\/v2\/types\/post"}],"author":[{"embeddable":true,"href":"https:\/\/www.europesays.com\/no\/wp-json\/wp\/v2\/users\/2"}],"replies":[{"embeddable":true,"href":"https:\/\/www.europesays.com\/no\/wp-json\/wp\/v2\/comments?post=81599"}],"version-history":[{"count":0,"href":"https:\/\/www.europesays.com\/no\/wp-json\/wp\/v2\/posts\/81599\/revisions"}],"wp:featuredmedia":[{"embeddable":true,"href":"https:\/\/www.europesays.com\/no\/wp-json\/wp\/v2\/media\/81600"}],"wp:attachment":[{"href":"https:\/\/www.europesays.com\/no\/wp-json\/wp\/v2\/media?parent=81599"}],"wp:term":[{"taxonomy":"category","embeddable":true,"href":"https:\/\/www.europesays.com\/no\/wp-json\/wp\/v2\/categories?post=81599"},{"taxonomy":"post_tag","embeddable":true,"href":"https:\/\/www.europesays.com\/no\/wp-json\/wp\/v2\/tags?post=81599"}],"curies":[{"name":"wp","href":"https:\/\/api.w.org\/{rel}","templated":true}]}}