{"id":81605,"date":"2025-11-08T07:54:08","date_gmt":"2025-11-08T07:54:08","guid":{"rendered":"https:\/\/www.europesays.com\/no\/81605\/"},"modified":"2025-11-08T07:54:08","modified_gmt":"2025-11-08T07:54:08","slug":"skjebnekamp-kan-vaere-uheldig-a-havne-utenfor-adressa-no","status":"publish","type":"post","link":"https:\/\/www.europesays.com\/no\/81605\/","title":{"rendered":"Skjebne\u00adkamp: \u2013 Kan v\u00e6re uheldig \u00e5 havne utenfor &#8211; adressa.no"},"content":{"rendered":"<ol>\n<li><a href=\"https:\/\/news.google.com\/rss\/articles\/CBMilwFBVV95cUxQMXktUkdHV19TbUpEOXhkMFBlUm05MWdTS1VWMjZnMTR6RHc5WUxkWUlXYzR2R3VhZ1laNW83N2dMTkwwNmwzdVBIMzJaWS1sVmd1bnZUVGhxTWtPZUp5THZBZXJuTUdMYk40S3pFN3lsTjB0b3lMT2lXNVl2ZWxXeFN1YjhGMWpPUnlIUXU1ZGV6Y0hXeGJ3?oc=5\" target=\"_blank\" rel=\"nofollow noopener\">Skjebne\u00adkamp: \u2013 Kan v\u00e6re uheldig \u00e5 havne utenfor<\/a>&nbsp;&nbsp;adressa.no<\/li>\n<li><a href=\"https:\/\/news.google.com\/rss\/articles\/CBMidEFVX3lxTE4tMS1HRkRJSHdMcWVEZjVwTHVJbWFzejhqb3kyMVNYUVE1V0Q3Qjc0MElGMWdXWXBFNjRyZVpSRG40bXptcDIzT2VPUVhkOE5XdGxOcmJnT09WNzZRaEYybS1VUGZXcHZNTXRfZDYyWWFURzdU?oc=5\" target=\"_blank\" rel=\"nofollow noopener\">H\u00e5kon sendte Ranheim mot playoff<\/a>&nbsp;&nbsp;opp.no<\/li>\n<li><a href=\"https:\/\/news.google.com\/rss\/articles\/CBMilAFBVV95cUxPTWhLVEtBM2FKZDktSUV5OUtWX3E4b085VDRha25JbGVRSGZiMVFuVS1WOXl5VUh2R2pLWWtmd3lFQW1icnN0ZUl6NUxmcVBfVlFWdXBJeW5xSEI4aVVHcVpHVzcwamVEMFJZbWIzMVFnMjNNLTd6N1NMdEprdE9CblltYmNhVzVCYWl2UXF6VVQ0RGpt?oc=5\" target=\"_blank\" rel=\"nofollow noopener\">(+) Ranheim snudde og vant: Bye avgjorde i sluttminuttene<\/a>&nbsp;&nbsp;Nidaros<\/li>\n<li><a href=\"https:\/\/news.google.com\/rss\/articles\/CBMijwFBVV95cUxNekttVkVRaDNodmZnWldiQ0szLVlEWVI3X2RZRGNKNkJPRFNiTlhxa0JUT3JxVkl5UUhXTkUyVTRlaU1WV2JNSjJFeFQzTExLanFHUzZIRXpZQUE2bUtRVVpGQ0dqWW1DeTNtbFJXSHhCRjRJaVYxTXp3Zk03RGJjVXBvMlVzdXpZaHJDSlRNYw?oc=5\" target=\"_blank\" rel=\"nofollow noopener\">Bli med \u00e5 skape feststemning mot Skeid p\u00e5 l\u00f8rdag!<\/a>&nbsp;&nbsp;Ranheim Fotball<\/li>\n<li><a href=\"https:\/\/news.google.com\/rss\/articles\/CBMiqgFBVV95cUxPVG1CT1J0ZEJfMTItNVJzSm50eTU3LVBwVzY5eVFmNThZa25rVnAxUDVtb21ybnlKY2Z3aXBpcFBNUTJXbFFDZEdsRGp1NThXQmhWMnFXME1TMHk3LUdNaWFzSE9TbkNyaS1XRFZ5b2dGcVJtMTdEaGNza3lEbGJhTVlPcHZLbXpOLVB6cVdKeFhjazh0Q05pdWp5M2VoTUVraW9Nd0R5YnZHdw?oc=5\" target=\"_blank\" rel=\"nofollow noopener\">Alt skal avgj\u00f8res: Ranheim m\u00f8ter Sogndal i sesongens siste serierunde<\/a>&nbsp;&nbsp;Ranheim Fotball<\/li>\n<\/ol>\n","protected":false},"excerpt":{"rendered":"Skjebne\u00adkamp: \u2013 Kan v\u00e6re uheldig \u00e5 havne utenfor&nbsp;&nbsp;adressa.no H\u00e5kon sendte Ranheim mot playoff&nbsp;&nbsp;opp.no (+) Ranheim snudde og vant:&hellip;\n","protected":false},"author":2,"featured_media":81606,"comment_status":"","ping_status":"","sticky":false,"template":"","format":"standard","meta":{"footnotes":""},"categories":[59],"tags":[7949,11044,30,28,29,11043,7499,83,82],"class_list":{"0":"post-81605","1":"post","2":"type-post","3":"status-publish","4":"format-standard","5":"has-post-thumbnail","7":"category-sport","8":"tag-christian-eggen-rismark","9":"tag-erik-tonne","10":"tag-no","11":"tag-norge","12":"tag-norway","13":"tag-ranheim-il","14":"tag-ranheim-tf","15":"tag-sport","16":"tag-sports"},"share_on_mastodon":{"url":"https:\/\/pubeurope.com\/@no\/115513004079669377","error":""},"_links":{"self":[{"href":"https:\/\/www.europesays.com\/no\/wp-json\/wp\/v2\/posts\/81605","targetHints":{"allow":["GET"]}}],"collection":[{"href":"https:\/\/www.europesays.com\/no\/wp-json\/wp\/v2\/posts"}],"about":[{"href":"https:\/\/www.europesays.com\/no\/wp-json\/wp\/v2\/types\/post"}],"author":[{"embeddable":true,"href":"https:\/\/www.europesays.com\/no\/wp-json\/wp\/v2\/users\/2"}],"replies":[{"embeddable":true,"href":"https:\/\/www.europesays.com\/no\/wp-json\/wp\/v2\/comments?post=81605"}],"version-history":[{"count":0,"href":"https:\/\/www.europesays.com\/no\/wp-json\/wp\/v2\/posts\/81605\/revisions"}],"wp:featuredmedia":[{"embeddable":true,"href":"https:\/\/www.europesays.com\/no\/wp-json\/wp\/v2\/media\/81606"}],"wp:attachment":[{"href":"https:\/\/www.europesays.com\/no\/wp-json\/wp\/v2\/media?parent=81605"}],"wp:term":[{"taxonomy":"category","embeddable":true,"href":"https:\/\/www.europesays.com\/no\/wp-json\/wp\/v2\/categories?post=81605"},{"taxonomy":"post_tag","embeddable":true,"href":"https:\/\/www.europesays.com\/no\/wp-json\/wp\/v2\/tags?post=81605"}],"curies":[{"name":"wp","href":"https:\/\/api.w.org\/{rel}","templated":true}]}}