{"id":81615,"date":"2025-11-08T08:08:24","date_gmt":"2025-11-08T08:08:24","guid":{"rendered":"https:\/\/www.europesays.com\/no\/81615\/"},"modified":"2025-11-08T08:08:24","modified_gmt":"2025-11-08T08:08:24","slug":"stortalentet-ble-overrasket-rekker-ikke-a-svare-alle","status":"publish","type":"post","link":"https:\/\/www.europesays.com\/no\/81615\/","title":{"rendered":"Stortalentet ble overrasket: &#8211; Rekker ikke \u00e5 svare alle"},"content":{"rendered":"<p class=\"bold m-bold\" data-lab-font_weight=\"bold\">\u2013 Europa League-debut f\u00f8r debut i Eliteserien, det er ikke mange som har det p\u00e5 CV-en.\u00a0<\/p>\n<p>Det sier Julian L\u00e6greid etter innhoppet mot selveste Bologna.<\/p>\n<p>Brann sliter med tunge forfall. S\u00e6var Alt\u00ed Magnusson, Felix Horn Myhre og Noah Holm er tre sentrale brikker som ikke var med til Italia grunnet skader.\u00a0<\/p>\n<p>        <img class=\"image__img lazyload\" itemprop=\"image\" title=\"Foto: Image Photo \/ BILDBYR\u00c5N\" alt=\"STOR OPPLEVELSE: Julian L\u00e6greid flyr h\u00f8yt etter debuten i Europa League. Foto: Image Photo \/ BILDBYR\u00c5N\" width=\"978\" height=\"551\" bad-src=\"https:\/\/www.europesays.com\/no\/wp-content\/uploads\/2025\/11\/18265375.webp\" fetchpriority=\"auto\" \/><\/p>\n<p>      STOR OPPLEVELSE: Julian L\u00e6greid flyr h\u00f8yt etter debuten i Europa League.<br \/>\n         Foto: Image Photo \/ BILDBYR\u00c5N<\/p>\n<p>Da f\u00e5r plutselig en unggutt fra \u00c5rdal sjansen.<\/p>\n<p>\u2013 Jeg trodde ikke jeg skulle komme innp\u00e5, men det skjedde. Det er mye \u00e5 ta med seg herfra. Det var en stor opplevelse.\u00a0<\/p>\n<p>\u2013 Skulle avgj\u00f8re<\/p>\n<p>Julian L\u00e6greids Brann-karriere har ikke gitt overskrifter tidligere. Fem minutter i Cupens andre runde, i m\u00f8tet med Bjarg, er alt han hadde f\u00f8r bortekampen i Bologna.\u00a0<\/p>\n<p>        <img class=\"image__img lazyload\" itemprop=\"image\" title=\"Foto: Image Photo \/ BILDBYR\u00c5N\" alt=\"T\u00d8FT: Tempoet var noen annet enn det Julian L\u00e6greid er vant med. Her i duell med Bologna-kaptein, Lewis Ferguson. Foto: Image Photo \/ BILDBYR\u00c5N\" width=\"978\" height=\"551\" bad-src=\"https:\/\/www.europesays.com\/no\/wp-content\/uploads\/2025\/11\/18265370.webp\" fetchpriority=\"auto\" \/><\/p>\n<p>      T\u00d8FT: Tempoet var noen annet enn det Julian L\u00e6greid er vant med. Her i duell med Bologna-kaptein, Lewis Ferguson.<br \/>\n         Foto: Image Photo \/ BILDBYR\u00c5N<\/p>\n<p>Der fikk 18-\u00e5ringen 15 minutter.<\/p>\n<p>\u2013 Jeg tenkte at jeg skulle inn \u00e5 avgj\u00f8re kampen, sier han selvsikkert.\u00a0<\/p>\n<p>Det klarte han ikke, men gutten fra \u00c5rdal sitter igjen med en opplevelse for livet.\u00a0<\/p>\n<p>N\u00e5r han skal forklare hva han l\u00e6rte av kvarteret mot noen av Italias beste spillere, kommer svaret kontant:<\/p>\n<p>\u2013 Huff, det er mye. Det var stort \u00e5 spille mot Bologna p\u00e5 bortebane i Europa League.\u00a0<\/p>\n<p>\u2013 Det gikk fort. Bologna er et godt lag. De klarte \u00e5 spille fotball, selv med ti mann.\u00a0<\/p>\n<p>\u2013 Jeg skvatt<\/p>\n<p>18-\u00e5ringen ble skremt i m\u00f8tet med et av Italias beste lag, men ikke av niv\u00e5et.\u00a0<\/p>\n<p>        <img class=\"image__img lazyload\" itemprop=\"image\" title=\"Foto: Image Photo \/ BILDBYR\u00c5N\" alt=\"Julian L\u00e6greid of Brann and Jhon Lucumi of Bologna during the Europa League football match between Bologna and Brann on November 6, 2025 in Bologna. Foto: Image Photo \/ BILDBYR\u00c5N\" width=\"978\" height=\"551\" bad-src=\"https:\/\/www.europesays.com\/no\/wp-content\/uploads\/2025\/11\/18265384.webp\" fetchpriority=\"auto\" \/><\/p>\n<p>      Julian L\u00e6greid of Brann and Jhon Lucumi of Bologna during the Europa League football match between Bologna and Brann on November 6, 2025 in Bologna.<br \/>\n         Foto: Image Photo \/ BILDBYR\u00c5N<\/p>\n<p>Ved flere anledninger fyrte Bologna-fansen av eksplosiver som fikk de fleste tilreisende til \u00e5 reagere.\u00a0<\/p>\n<p>\u2013\u00a0Jeg skvatt. Det ristet p\u00e5 benken et par ganger der. F\u00f8rst trodde jeg det var skudd, men det var det heldigvis ikke. Det smalt godt.\u00a0<\/p>\n<p>        <img class=\"image__img lazyload\" itemprop=\"image\" title=\"Foto: Image Photo \/ BILDBYR\u00c5N\" alt=\"KOK: Bologna-fansen ble lagt merke til. Foto: Image Photo \/ BILDBYR\u00c5N\" width=\"978\" height=\"551\" bad-src=\"https:\/\/www.europesays.com\/no\/wp-content\/uploads\/2025\/11\/18265388.webp\" fetchpriority=\"auto\" \/><\/p>\n<p>      KOK: Bologna-fansen ble lagt merke til.<br \/>\n         Foto: Image Photo \/ BILDBYR\u00c5N<\/p>\n<p>Torbj\u00f8rn Heggem, midtstopperen som til daglig spiller i Bologna, innr\u00f8mmer at smellene satte en st\u00f8kk i ham ogs\u00e5 da han var ny i klubben.<\/p>\n<p>\u2013 Den f\u00f8rste kampen skj\u00f8nte jeg ikke hva som skjedde, jeg lurte p\u00e5 hvor de smellene kom fra. Det gikk \u00e9n kamp, s\u00e5 ble jeg vant til det, men jeg skj\u00f8nner at det er spesielt for dere, for det smeller godt, sier Heggem til TV 2.\u00a0<\/p>\n<p>L\u00e6greid var med Norges U20-lag som imponerte med kvartfinaleplass i VM i oktober. Oppmerksomheten han fikk da er langt mindre enn den han fikk etter Europa League-debuten.\u00a0<\/p>\n<p class=\"italic m-italic\" data-lab-italic=\"italic\">\u2013 Hvordan ser innboksen din ut?\u00a0<\/p>\n<p class=\"bold m-bold\" data-lab-font_weight=\"bold\">\u2013 Den er stappfull. Jeg rekker nok ikke \u00e5 svare alle i dag, s\u00e5 det f\u00e5r vi ta i morgen, sier Brann-talentet og smiler.\u00a0<\/p>\n","protected":false},"excerpt":{"rendered":"\u2013 Europa League-debut f\u00f8r debut i Eliteserien, det er ikke mange som har det p\u00e5 CV-en.\u00a0 Det sier&hellip;\n","protected":false},"author":2,"featured_media":81616,"comment_status":"","ping_status":"","sticky":false,"template":"","format":"standard","meta":{"footnotes":""},"categories":[5],"tags":[20,21,24,25,15,19,22,23,17,18,13,30,28,29,14,16,26,27],"class_list":{"0":"post-81615","1":"post","2":"type-post","3":"status-publish","4":"format-standard","5":"has-post-thumbnail","7":"category-overskrifter","8":"tag-breaking-news","9":"tag-breakingnews","10":"tag-featured-news","11":"tag-featurednews","12":"tag-headlines","13":"tag-hovedoppslag","14":"tag-latest-news","15":"tag-latestnews","16":"tag-main-news","17":"tag-mainnews","18":"tag-news","19":"tag-no","20":"tag-norge","21":"tag-norway","22":"tag-nyheter","23":"tag-overskrifter","24":"tag-top-stories","25":"tag-topstories"},"share_on_mastodon":{"url":"https:\/\/pubeurope.com\/@no\/115513059038017063","error":""},"_links":{"self":[{"href":"https:\/\/www.europesays.com\/no\/wp-json\/wp\/v2\/posts\/81615","targetHints":{"allow":["GET"]}}],"collection":[{"href":"https:\/\/www.europesays.com\/no\/wp-json\/wp\/v2\/posts"}],"about":[{"href":"https:\/\/www.europesays.com\/no\/wp-json\/wp\/v2\/types\/post"}],"author":[{"embeddable":true,"href":"https:\/\/www.europesays.com\/no\/wp-json\/wp\/v2\/users\/2"}],"replies":[{"embeddable":true,"href":"https:\/\/www.europesays.com\/no\/wp-json\/wp\/v2\/comments?post=81615"}],"version-history":[{"count":0,"href":"https:\/\/www.europesays.com\/no\/wp-json\/wp\/v2\/posts\/81615\/revisions"}],"wp:featuredmedia":[{"embeddable":true,"href":"https:\/\/www.europesays.com\/no\/wp-json\/wp\/v2\/media\/81616"}],"wp:attachment":[{"href":"https:\/\/www.europesays.com\/no\/wp-json\/wp\/v2\/media?parent=81615"}],"wp:term":[{"taxonomy":"category","embeddable":true,"href":"https:\/\/www.europesays.com\/no\/wp-json\/wp\/v2\/categories?post=81615"},{"taxonomy":"post_tag","embeddable":true,"href":"https:\/\/www.europesays.com\/no\/wp-json\/wp\/v2\/tags?post=81615"}],"curies":[{"name":"wp","href":"https:\/\/api.w.org\/{rel}","templated":true}]}}