{"id":81625,"date":"2025-11-08T08:22:45","date_gmt":"2025-11-08T08:22:45","guid":{"rendered":"https:\/\/www.europesays.com\/no\/81625\/"},"modified":"2025-11-08T08:22:45","modified_gmt":"2025-11-08T08:22:45","slug":"a-splitte-equinor-kan-vaere-bedre-for-alle","status":"publish","type":"post","link":"https:\/\/www.europesays.com\/no\/81625\/","title":{"rendered":"\u00c5 splitte Equinor kan v\u00e6re bedre for alle"},"content":{"rendered":"<p class=\"text-md pt-2 pb-8 mb-3 text-base border-b border-brandNeutral-900 dark:border-brandNeutral-100\">Denne kommentaren gir uttrykk for skribentens meninger.<\/p>\n<p>Gr\u00f8nn omstilling var en <a href=\"https:\/\/www.equinor.com\/no\/news\/archive\/20200810-management\" target=\"_blank\" rel=\"noopener nofollow\">marsjordre<\/a>\u00a0da Anders Opedal ble konsernsjef for fem \u00e5r siden.\u00a0Men de fleste av Equinors aksjon\u00e6rer \u00f8nsker ikke klimaomstilling. De vil ha\u00a0maks utbytte.<\/p>\n<p>\u2013 Vi er veldig negative til hele den gr\u00f8nne satsingen, da det er altfor lav avkastning p\u00e5 investeringene de gj\u00f8r, sier Gaute Eie i Eika Kapitalforvaltning til <a href=\"https:\/\/www.dn.no\/energi\/equinor\/orsted\/finans\/nytt-aksjestup-for-orsted-equinors-tap-oker-til-ni-milliarder\/2-1-1767308\" target=\"_blank\" rel=\"noopener nofollow\">DN<\/a>.\u00a0<\/p>\n<p>Han legger til at verken\u00a0Aker BP eller V\u00e5r Energi \u00abdriver med gr\u00f8nt\u00bb.\u00a0For som\u00a0Erna Solberg (H) pleier \u00e5 si:\u00a0Det eneste som er mer l\u00f8nnsomt enn olje, er heroin og v\u00e5pen.<\/p>\n<p>Ikke krystallklart<\/p>\n<p><strong>Er slike olje-investorer de rette til \u00e5 bygge opp en gr\u00f8nn business i Equinor?<\/strong><\/p>\n<p>I fjor stupte aksjekursen fordi Equinor ikke ville svekke klimaambisjonene.\u00a0I \u00e5r ble klimam\u00e5lene svekket. De\u00a0aller fleste aksjon\u00e6rene stemte for. Inkludert staten.<\/p>\n<p>Statens m\u00e5l med \u00e5 eie Equinor er \u00abH\u00f8yest mulig avkastning \u2013 innenfor b\u00e6rekraftige rammer\u00bb. Men det er ikke krystallklart hva\u00a0\u00abb\u00e6rekraftige rammer\u00bb betyr.<\/p>\n<p>Kanskje er det oppfylt bare ved \u00e5 vise til regjeringens\u00a0<a href=\"https:\/\/www.tu.no\/artikler\/rystad-energy-gasskutt-i-norge-vil-trolig-gi-okte-globale-utslipp\/512985\" target=\"_blank\" rel=\"noopener nofollow\">rapport<\/a>\u00a0som sier at norsk olje og gass reduserer\u00a0utslipp globalt?<\/p>\n<p>Er staten en gr\u00f8nn eier?<\/p>\n<p>Da det ble kjent at\u00a0elektrifiseringen av sokkelen har stoppet opp, og at Equinor ikke vil gjennomf\u00f8re de siste prosjektene sine, sa energiministeren at det er \u00ab<a href=\"https:\/\/www.tu.no\/artikler\/oljebransjen-vil-kun-kutte-utslippene-med-35-prosent-i-2030-til-a-leve-med\/563440\" target=\"_blank\" rel=\"noopener nofollow\">til \u00e5 leve med<\/a>\u00bb.<\/p>\n<p>Regjeringen vil ogs\u00e5 fase ut CO2-avgiften p\u00e5 sokkelen, slik at de gjenst\u00e5ende feltene ikke stenges ned \u00abfor tidlig\u00bb, som det st\u00e5r i statsbudsjettet.<\/p>\n<p>Det virker ikke som staten heller vil at Equinor skal legge om kursen fullstendig.<\/p>\n<p>N\u00e5 er begrepet bredt energiselskap\u00a0fjernet fra\u00a0\u00e5rsrapporten, og 250 \u00e5rsverk er\u00a0<a href=\"https:\/\/www.tu.no\/artikler\/equinor-skal-kutte-250-arsverk-melder-e24\/553151\" target=\"_blank\" rel=\"noopener nofollow\">kuttet<\/a> fra\u00a0fornybarorganisasjonen. Equinor venter i stedet vekst i olje- og gassproduksjonen.\u00a0<\/p>\n<p>Bl\u00f8r for \u00d8rsted<\/p>\n<p>Men like f\u00f8r fornybar-kuttene gjorde Equinor et uventet trekk: De kj\u00f8pte nesten 10 prosent av det danske fornybar-selskapet \u00d8rsted.<\/p>\n<p>B\u00f8rsen hatet det. Equinor falt med rundt 30 milliarder kroner, alts\u00e5 mer enn selve \u00d8rsted-investeringen.<\/p>\n<p>Eie i\u00a0Eika Kapitalforvaltning\u00a0<a href=\"https:\/\/www.dn.no\/energi\/equinor\/orsted\/finans\/nytt-aksjestup-for-orsted-equinors-tap-oker-til-ni-milliarder\/2-1-1767308\" target=\"_blank\" rel=\"noopener nofollow\">sier<\/a> rett ut at \u00d8rsted-kj\u00f8pet gj\u00f8r at de\u00a0heller eier andre oljeselskaper.\u00a0<\/p>\n<p>Hvorfor gj\u00f8r Equinor dette, samtidig som de sparer inn p\u00e5 alt annet fornybart?<\/p>\n<p>Rykter om splitting<\/p>\n<p>Spekulasjonene g\u00e5r h\u00f8yt om en mulig oppsplitting av Equinor, hvor det gr\u00f8nne skilles ut og puttes inn i \u00d8rsted. Equinor gj\u00f8r ingenting for \u00e5 stoppe ryktene. Tvert imot.<\/p>\n<p>\u2013 Vi mener et tettere samarbeid mellom \u00d8rsted og oss kan skape verdi for eierne i begge selskaper,\u00a0sier Opedal til <a href=\"https:\/\/www.tu.no\/artikler\/equinor-bruker-na-50-prosent-mindre-pa-fornybar-energi-enn-for-ett-ar-siden\/563832\" target=\"_blank\" rel=\"noopener nofollow\">TU<\/a>.<\/p>\n<p>\u2013 \u00c5penbart en mulighet som kunne skapt mye verdi, sier styreleder\u00a0Jon Erik Reinhardsen til <a href=\"https:\/\/e24.no\/boers-og-finans\/i\/rPodbK\/equinors-styreleder-om-oersted-spekulasjoner-en-mulighet-som-kunne-skapt-mye-verdi\" target=\"_blank\" rel=\"noopener nofollow\">E24<\/a>.<\/p>\n<p>N\u00e5 vil Equinor ha en styreplass i \u00d8rsted og bli en mer aktiv eier.<\/p>\n<p>P\u00e5 sikt kan oppkj\u00f8p v\u00e6re en mulighet.\u00a0Havvind-problemene i USA kan f\u00e5 den danske staten til \u00e5 \u00f8nske seg ut av \u00d8rsted, if\u00f8lge Danske Bank. Enkelte h\u00f8yresidepartier har foresl\u00e5tt det allerede.<\/p>\n<p>Kostnadsdrivende kultur<\/p>\n<p>Vil en oppsplitting i et gr\u00f8nt og et fossilt Equinor f\u00e5 fart p\u00e5 fornybar-utbyggingen?\u00a0Det skal man ikke se bort fra.<\/p>\n<p>Uavhengig av aksjon\u00e6rene er det nemlig ikke sikkert at\u00a0oljeselskaper er best skikket til \u00e5 utvikle nye klimal\u00f8sninger.<\/p>\n<p>Det blir ofte hevdet at\u00a0Norge har gode forutsetninger for \u00e5 satse p\u00e5 havvind, fordi vi kan bygge p\u00e5 offshorekompetansen.<\/p>\n<p>Men\u00a0en <a href=\"https:\/\/www.dn.no\/innlegg\/olje-og-gass\/fornybar-energi\/omstilling\/equinors-kostnadsdrivende-kulturarv\/2-1-1731988\" target=\"_blank\" rel=\"noopener nofollow\">masteroppgave<\/a> fra Norges Handelsh\u00f8yskole (NHH) viser i stedet at\u00a0kulturarven fra olje og gass er kostnadsdrivende. Funnene er basert p\u00e5\u00a0intervjuer med ledende Equinor-ansatte og eksterne havvind-eksperter.\u00a0<\/p>\n<p>\u00c9n beskrev utfordringen \u00absom \u00e5 vokse opp med 70 millioner p\u00e5 bok, og s\u00e5 skal du plutselig leve p\u00e5 studentbudsjett\u00bb.<\/p>\n<p>FossilNor<\/p>\n<p>Jeg har selv snakket med en ingeni\u00f8r som har beskrevet oljekompetansen som en hemsko da han skulle jobbe med havvind. Visstnok ligger det fortsatt noe overdimensjonert kjetting p\u00e5 britisk sokkel som vitner om dette.<\/p>\n<p>I olje og gass aksepteres dyrere tekniske l\u00f8sninger og mye skredders\u00f8m. Det er strenge regler, prosedyrer og dokumentasjonskrav og en sterk HMS-kultur, noe som er n\u00f8dvendig p\u00e5 en oljeplattform, men ikke i et fornybaranlegg.<\/p>\n<p>Kanskje er det derfor best \u00e5 kj\u00f8re p\u00e5 med et rendyrket FossilNor og et like rendyrket fornybarselskap.<\/p>\n<p>Som en\u00a0kollega sa; det er vanskelig \u00e5 v\u00e6re pyroman og brannmann samtidig.\u00a0<\/p>\n<p><a class=\"group clear-both w-full !no-underline my-8 sm:my-12 bg-stone-50 dark:bg-brandStone-700 dark:text-brandNeutral-100 flex items-stretch flex-nowrap\" href=\"https:\/\/www.tu.no\/artikler\/orsted-aksjonaerene-godkjente-innhenting-av-94-milliarder-kroner\/561688\" rel=\"nofollow noopener\" target=\"_blank\"><img decoding=\"async\" class=\" object-cover h-full w-full transition-transform duration-700 ease-in-out group-hover:scale-[1.05] will-change-transform\" src=\"https:\/\/www.europesays.com\/no\/wp-content\/uploads\/2025\/11\/Orsted.png\"  alt=\"Alt arbeid p\u00e5 Revolution Wind har n\u00e5 stoppet opp, etter at Trump-administrasjonen har gitt ordre om en pause i byggingen av havvindparken. \u00d8rsted har g\u00e5tt til sak.\" loading=\"lazy\"\/><\/p>\n<p>Les ogs\u00e5:<\/p>\n<p class=\"group-hover:underline text-brandNeutral-900 dark:text-brandNeutral-100 mt-2 text-base sm:text-xl leading-5 sm:leading-6 font-bold\">Saks\u00f8ker Trump \u2013 og henter 94 milliarder<\/p>\n<p><\/a><\/p>\n","protected":false},"excerpt":{"rendered":"Denne kommentaren gir uttrykk for skribentens meninger. Gr\u00f8nn omstilling var en marsjordre\u00a0da Anders Opedal ble konsernsjef for fem&hellip;\n","protected":false},"author":2,"featured_media":81626,"comment_status":"","ping_status":"","sticky":false,"template":"","format":"standard","meta":{"footnotes":""},"categories":[56],"tags":[60,61,2261,266,62,30,28,29,11047],"class_list":{"0":"post-81625","1":"post","2":"type-post","3":"status-publish","4":"format-standard","5":"has-post-thumbnail","7":"category-naeringsliv","8":"tag-business","9":"tag-economy","10":"tag-equinor","11":"tag-kommentar","12":"tag-naeringsliv","13":"tag-no","14":"tag-norge","15":"tag-norway","16":"tag-orsted"},"share_on_mastodon":{"url":"https:\/\/pubeurope.com\/@no\/115513114411083427","error":""},"_links":{"self":[{"href":"https:\/\/www.europesays.com\/no\/wp-json\/wp\/v2\/posts\/81625","targetHints":{"allow":["GET"]}}],"collection":[{"href":"https:\/\/www.europesays.com\/no\/wp-json\/wp\/v2\/posts"}],"about":[{"href":"https:\/\/www.europesays.com\/no\/wp-json\/wp\/v2\/types\/post"}],"author":[{"embeddable":true,"href":"https:\/\/www.europesays.com\/no\/wp-json\/wp\/v2\/users\/2"}],"replies":[{"embeddable":true,"href":"https:\/\/www.europesays.com\/no\/wp-json\/wp\/v2\/comments?post=81625"}],"version-history":[{"count":0,"href":"https:\/\/www.europesays.com\/no\/wp-json\/wp\/v2\/posts\/81625\/revisions"}],"wp:featuredmedia":[{"embeddable":true,"href":"https:\/\/www.europesays.com\/no\/wp-json\/wp\/v2\/media\/81626"}],"wp:attachment":[{"href":"https:\/\/www.europesays.com\/no\/wp-json\/wp\/v2\/media?parent=81625"}],"wp:term":[{"taxonomy":"category","embeddable":true,"href":"https:\/\/www.europesays.com\/no\/wp-json\/wp\/v2\/categories?post=81625"},{"taxonomy":"post_tag","embeddable":true,"href":"https:\/\/www.europesays.com\/no\/wp-json\/wp\/v2\/tags?post=81625"}],"curies":[{"name":"wp","href":"https:\/\/api.w.org\/{rel}","templated":true}]}}