{"id":81642,"date":"2025-11-08T08:41:09","date_gmt":"2025-11-08T08:41:09","guid":{"rendered":"https:\/\/www.europesays.com\/no\/81642\/"},"modified":"2025-11-08T08:41:09","modified_gmt":"2025-11-08T08:41:09","slug":"vi-bor-alle-stotte-det-han-gjor","status":"publish","type":"post","link":"https:\/\/www.europesays.com\/no\/81642\/","title":{"rendered":"\u2013 Vi b\u00f8r alle st\u00f8tte det han gj\u00f8r"},"content":{"rendered":"\n<p class=\"_lead_o9xde_2 _lead_xtcu6_50 layout-component text-serif-m layout-normal text-serif-l layout-component layout-wide layout-padded _wide_17hqh_1 layout-padded\">Fotballens mektigste mann sier han beundrer Donald Trump og stusser over kritikken den amerikanske presidenten f\u00e5r.<\/p>\n<p><img alt=\"Fifa-sjefen Gianni Infantino har her akkurat overrakt VM-pokalen til USAs president Donald Trump i Det ovale kontor. Bildet er fra august.  Foto: Jacquelyn Martin \/ AP \/ NTB\" class=\"_image_qp4xg_65 layout-component layout-wide\" data-fullscreen- data-track-element-type=\"Article image fullscreen\" data-track-name=\"ImageFullscreen\" fetchpriority=\"high\" decoding=\"sync\" loading=\"eager\" height=\"2368\" itemprop=\"image\"  src=\"https:\/\/www.europesays.com\/no\/wp-content\/uploads\/2025\/11\/2fe0491a-4d73-495a-9a6a-a31ea80e07a0\"  style=\"object-position:0% 0%\" width=\"3315\"\/>Fifa-sjefen Gianni Infantino har her akkurat overrakt VM-pokalen til USAs president Donald Trump i Det ovale kontor. Bildet er fra august.  Foto: Jacquelyn Martin \/ AP \/ NTB<\/p>\n<ul aria-hidden=\"true\" class=\"_images_18f0k_111\">\n<li><a class=\"_link_18f0k_116\" href=\"https:\/\/www.vg.no\/forfatter\/ntb\" style=\"z-index:1\" title=\"NTB\" rel=\"nofollow noopener\" target=\"_blank\"><img alt=\"Bilde av NTB\" class=\"_image_18f0k_93\" fetchpriority=\"low\" loading=\"lazy\" decoding=\"async\" itemprop=\"image\"  src=\"https:\/\/www.europesays.com\/no\/wp-content\/uploads\/2025\/11\/1762591269_22_c33980b0-5d07-4027-84a1-813f90a7c8d6\"  width=\"480\"\/><\/a><\/li>\n<\/ul>\n<p> Oppdatert l\u00f8rdag 8. november kl. 09:03     <\/p>\n<p class=\"_paragraph_o9xde_4 _paragraph_xtcu6_10 layout-component text-serif-m layout-normal text-serif-m layout-padded\">\u2013 Han f\u00e5r til ting og gj\u00f8r som han sier. Han sier faktisk det mange mennesker tenker, men kanskje ikke t\u00f8r \u00e5 si. Det er derfor han er s\u00e5 vellykket. Noen ganger blir jeg overrasket over \u00e5 lese en del av de negative kommentarene.<\/p>\n<p class=\"_paragraph_o9xde_4 _paragraph_xtcu6_10 layout-component text-serif-m layout-normal text-serif-m layout-padded\"> Ordene <a href=\"https:\/\/www.nytimes.com\/athletic\/6781983\/2025\/11\/05\/gianni-infantino-president-trump-fifa-world-cup-peace\/?source=emp_shared_article\" class=\"_link_o9xde_39\" rel=\"nofollow noopener\" target=\"_blank\">tilh\u00f8rer<\/a> president Gianni Infantino i Det internasjonale fotballforbundet (<a href=\"https:\/\/www.vg.no\/tag\/fifa?utm_source=vg-article&amp;utm_medium=auto-tagger&amp;utm_campaign=Gyv6mB\" class=\"_link_o9xde_39\" rel=\"nofollow noopener\" target=\"_blank\">Fifa<\/a>). De falt da han onsdag talte til de framm\u00f8tte p\u00e5 American Business Forum i Miami.<\/p>\n<p class=\"_paragraph_o9xde_4 _paragraph_xtcu6_10 layout-component text-serif-m layout-normal text-serif-m layout-padded\">Sveitseren har v\u00e6rt tett p\u00e5 USAs president siden Trump ble innsatt i januar. Flere ganger er han blitt avbildet i Det ovale kontor.<\/p>\n<p>   F\u00f8ler seg heldig<\/p>\n<p class=\"_paragraph_o9xde_4 _paragraph_xtcu6_10 layout-component text-serif-m layout-normal text-serif-m layout-padded\">Trump roste Infantino fra scenen onsdag og kalte han \u00aben stor stjerne\u00bb og \u00abmin gutt\u00bb. Han var ikke til stede da det noen timer senere var Fifa-sjefens tur til \u00e5 tale.<\/p>\n<p class=\"_paragraph_o9xde_4 _paragraph_xtcu6_10 layout-component text-serif-m layout-normal text-serif-m layout-padded\">\u2013 Jeg er veldig heldig som har et flott forhold til president Trump, og jeg anser ham som en virkelig n\u00e6r venn. Han har en utrolig energi, og det er noe jeg beundrer, sa Infantino.<\/p>\n<p class=\"_paragraph_o9xde_4 _paragraph_xtcu6_10 layout-component text-serif-m layout-normal text-serif-m layout-padded\">Deretter gikk han i rette med dem som mener Trump-administrasjonen er antidemokratisk.<\/p>\n<p class=\"_paragraph_o9xde_4 _paragraph_xtcu6_10 layout-component text-serif-m layout-normal text-serif-m layout-padded\">\u2013 Jeg er ikke amerikaner, men slik jeg forst\u00e5r det, ble president Trump valgt ganske klart. N\u00e5r du er i et s\u00e5 flott demokrati som USA, b\u00f8r du f\u00f8rst og fremst respektere valgresultatet, ikke sant? <\/p>\n<p class=\"_paragraph_o9xde_4 _paragraph_xtcu6_10 layout-component text-serif-m layout-normal text-serif-m layout-padded\">\u2013 Til sjuende og sist ble han valgt basert p\u00e5 sitt program og det han sa. Han gjennomf\u00f8rer bare det han sa han ville gj\u00f8re. S\u00e5 jeg tror vi alle b\u00f8r st\u00f8tte det han gj\u00f8r, for jeg synes det ser ganske bra ut.<\/p>\n<p><img alt=\"USAs president Donald Trump og Fifas president Gianni Infantino avbildet sammen under forrige m\u00e5neds Gaza-toppm\u00f8te i Egypt.   Foto: Suzanne Plunkett \/ Pool \/ AP \/ NTB\" class=\"_image_qp4xg_65 layout-component layout-normal\" data-fullscreen- data-track-element-type=\"Article image fullscreen\" data-track-name=\"ImageFullscreen\" decoding=\"async\" loading=\"lazy\" height=\"2489\" itemprop=\"image\"  src=\"https:\/\/www.europesays.com\/no\/wp-content\/uploads\/2025\/11\/f726dbc3-0ffc-4c91-aae4-8bc88c04ad9c\"  style=\"object-position:0% 0%\" width=\"3734\"\/>USAs president Donald Trump og Fifas president Gianni Infantino avbildet sammen under forrige m\u00e5neds Gaza-toppm\u00f8te i Egypt.   Foto: Suzanne Plunkett \/ Pool \/ AP \/ NTBNy fredspris<\/p>\n<p class=\"_paragraph_o9xde_4 _paragraph_xtcu6_10 layout-component text-serif-m layout-normal text-serif-m layout-padded\">Infantino holdt talen samme dag som det ble kjent at Fifa oppretter en egen fredspris. Den f\u00f8rste vinneren blir k\u00e5ret i forbindelse med VM-trekningen i Kennedy Center i Washington DC 5. desember.<\/p>\n<p class=\"_paragraph_o9xde_4 _paragraph_xtcu6_10 layout-component text-serif-m layout-normal text-serif-m layout-padded\">Der er Trump ventet \u00e5 v\u00e6re til stede, og oddsen er lav p\u00e5 at han blir f\u00f8rste mottaker av den nye Fifa-prisen. Infantino har tidligere rost presidentens fredsinnsats.<\/p>\n<p class=\"_paragraph_o9xde_4 _paragraph_xtcu6_10 layout-component text-serif-m layout-normal text-serif-m layout-padded\">Trump selv har ofte uttalt at han har l\u00f8st mange v\u00e6pnende konflikter i 2025 og v\u00e6rt tydelig p\u00e5 at han burde ha vunnet \u00e5rets Nobels fredspris.<\/p>\n<p class=\"_paragraph_o9xde_4 _paragraph_xtcu6_10 layout-component text-serif-m layout-normal text-serif-m layout-padded\">Neste \u00e5rs fotball-VM for menn arrangeres i USA, Canada og Mexico.<\/p>\n","protected":false},"excerpt":{"rendered":"Fotballens mektigste mann sier han beundrer Donald Trump og stusser over kritikken den amerikanske presidenten f\u00e5r. Fifa-sjefen Gianni&hellip;\n","protected":false},"author":2,"featured_media":81643,"comment_status":"","ping_status":"","sticky":false,"template":"","format":"standard","meta":{"footnotes":""},"categories":[59],"tags":[55,2326,4472,7826,30,28,29,83,82],"class_list":{"0":"post-81642","1":"post","2":"type-post","3":"status-publish","4":"format-standard","5":"has-post-thumbnail","7":"category-sport","8":"tag-donald-trump","9":"tag-fifa","10":"tag-fotball-vm","11":"tag-gianni-infantino","12":"tag-no","13":"tag-norge","14":"tag-norway","15":"tag-sport","16":"tag-sports"},"share_on_mastodon":{"url":"https:\/\/pubeurope.com\/@no\/115513189182168301","error":""},"_links":{"self":[{"href":"https:\/\/www.europesays.com\/no\/wp-json\/wp\/v2\/posts\/81642","targetHints":{"allow":["GET"]}}],"collection":[{"href":"https:\/\/www.europesays.com\/no\/wp-json\/wp\/v2\/posts"}],"about":[{"href":"https:\/\/www.europesays.com\/no\/wp-json\/wp\/v2\/types\/post"}],"author":[{"embeddable":true,"href":"https:\/\/www.europesays.com\/no\/wp-json\/wp\/v2\/users\/2"}],"replies":[{"embeddable":true,"href":"https:\/\/www.europesays.com\/no\/wp-json\/wp\/v2\/comments?post=81642"}],"version-history":[{"count":0,"href":"https:\/\/www.europesays.com\/no\/wp-json\/wp\/v2\/posts\/81642\/revisions"}],"wp:featuredmedia":[{"embeddable":true,"href":"https:\/\/www.europesays.com\/no\/wp-json\/wp\/v2\/media\/81643"}],"wp:attachment":[{"href":"https:\/\/www.europesays.com\/no\/wp-json\/wp\/v2\/media?parent=81642"}],"wp:term":[{"taxonomy":"category","embeddable":true,"href":"https:\/\/www.europesays.com\/no\/wp-json\/wp\/v2\/categories?post=81642"},{"taxonomy":"post_tag","embeddable":true,"href":"https:\/\/www.europesays.com\/no\/wp-json\/wp\/v2\/tags?post=81642"}],"curies":[{"name":"wp","href":"https:\/\/api.w.org\/{rel}","templated":true}]}}