{"id":81644,"date":"2025-11-08T08:42:15","date_gmt":"2025-11-08T08:42:15","guid":{"rendered":"https:\/\/www.europesays.com\/no\/81644\/"},"modified":"2025-11-08T08:42:15","modified_gmt":"2025-11-08T08:42:15","slug":"prinsesse-josephine-bryter-tradisjoner-flytter-til-efterskole","status":"publish","type":"post","link":"https:\/\/www.europesays.com\/no\/81644\/","title":{"rendered":"Prinsesse Josephine bryter tradisjoner: Flytter til efterskole"},"content":{"rendered":"<p class=\"kicker \" style=\"\">Prinsesse Josephines t\u00f8ffe valg<\/p>\n<p>  Den 14 \u00e5r gamle prinsessen har forlatt det<br \/>\nbehagelige slottslivet til fordel for sovesal,<br \/>\nmorgentrim og rengj\u00f8ring.<\/p>\n<p>\n    STOR OMVELTNING: Prinsessen er vant til det gode liv<br \/>\nmed flust av ansatte rundt seg p\u00e5 slottet. Her sammen med pappa<br \/>\nkong Frederik, mamma dronning Mary &#8211; og tvillingbroren prins<br \/>\nVincent. FOTO: Hanne Juul\n  <\/p>\n<p>Det vakte stor oppsikt da det danske kongehuset meldte at kong Frederiks (57) og dronning Marys (53) yngste datter prinsesse Josephine (14) har bestemt seg for \u00e5 flytte hjemmefra. I august forlot hun familien sin og flyttet inn p\u00e5 Spir Efterskole i Juelsminde \u2013 over tre timers kj\u00f8retur fra familiens hjem p\u00e5 Amalienborg slott i K\u00f8benhavn.<\/p>\n<p>          <img loading=\"lazy\" decoding=\"async\" src=\"https:\/\/www.europesays.com\/no\/wp-content\/uploads\/2025\/11\/83817054.webp\" width=\"686\" height=\"488\" title=\"NY HVERDAG: Det&#10;danske kongeparets&#10;yngste datter, prinsesse&#10;Josephine, har flyttet&#10;hjemmefra \u2013 selv om hun&#10;enn\u00e5 ikke har fylt 15. N\u00e5&#10;bor hun under langt mer&#10;kummerlige forhold. FOTO: Hanne Juul\" alt=\"\" class=\"\" style=\"--aspect-ratio-image: 1.41; \"\/><\/p>\n<p>\n          NY HVERDAG: Det<br \/>\ndanske kongeparets<br \/>\nyngste datter, prinsesse<br \/>\nJosephine, har flyttet<br \/>\nhjemmefra \u2013 selv om hun<br \/>\nenn\u00e5 ikke har fylt 15. N\u00e5<br \/>\nbor hun under langt mer<br \/>\nkummerlige forhold. FOTO: Hanne Juul\n      <\/p>\n<p>Her ventet en helt ny hverdag, hvor prinsessetittelen ikke gir henne noen fordeler. Her er det ingen overd\u00e5dige v\u00e6relser og ingen tjenere som ordner opp. Derimot m\u00e5 hun bo p\u00e5 fellesrom med sine medelever, og som de andre m\u00e5 hun st\u00f8vsuge og rydde opp etter seg selv og alle andre. <\/p>\n<p>    <a itemprop=\"url\" href=\"https:\/\/www.seher.no\/kongelig\/meghan-returnerer-til-skjermene\/83816228\" rel=\"nofollow noopener\" target=\"_blank\"><\/p>\n<p>      <img loading=\"lazy\" decoding=\"async\" src=\"https:\/\/www.europesays.com\/no\/wp-content\/uploads\/2025\/11\/83816319.webp\" width=\"980\" height=\"441\" title=\"Meghan returnerer til skjermene\" alt=\"\" class=\"lazyload\" style=\"--aspect-ratio-image: 2.22; \"\/><\/p>\n<p>        Meghan returnerer til skjermene<\/p>\n<p>    <\/a><\/p>\n<p>&#8211; Vi st\u00e5r opp klokken 8.45, og etter rengj\u00f8ring, mosjon og frokost starter vi med en morgensamling klokken 10.00. Deretter begynner undervisningen, skriver skolen p\u00e5 sin hjemmeside.<\/p>\n<p>          <img loading=\"lazy\" decoding=\"async\" src=\"https:\/\/www.europesays.com\/no\/wp-content\/uploads\/2025\/11\/83817059.webp\" width=\"686\" height=\"453\" title=\"HER BOR HUN: Prinsessen bor og g\u00e5r p\u00e5 Spir Efterskole i Juelsminde. Skolen er grunnlagt&#10;av Nicolai Moltke-Leth, en tidligere jegersoldat som er en privat venn av kong Frederik.\" alt=\"\" class=\"\" style=\"--aspect-ratio-image: 1.51; \"\/><\/p>\n<p>\n          HER BOR HUN: Prinsessen bor og g\u00e5r p\u00e5 Spir Efterskole i Juelsminde. Skolen er grunnlagt<br \/>\nav Nicolai Moltke-Leth, en tidligere jegersoldat som er en privat venn av kong Frederik.\n      <\/p>\n<p>Efterskole er et dansk fenomen. Det kan sammenlignes med folkeh\u00f8yskole, bare at de som g\u00e5r der er yngre. Men Josephine er yngre enn det som er vanlig. <\/p>\n<p>        Kongehusekspert Caroline Vagle om kronprins Frederik sine utroskapsrykter. Reporter: Caroline Vagle. Video: NTB<\/p>\n<p>&#8211; Det er prinsessens eget \u00f8nske \u00e5 pr\u00f8ve ut livet p\u00e5 efterskole. Det er uvanlig \u2013 b\u00e5de fordi hun er det f\u00f8rste kongelige familiemedlemmet som g\u00e5r p\u00e5 efterskole, men ogs\u00e5 fordi hun begynner i 8. klasse der. De aller fleste unge begynner f\u00f8rst p\u00e5 folkeh\u00f8yskole i 10. klasse, noen i 9. klasse \u2013 men sjelden i 8. klasse, sier Marie R\u00f8nde, kongehusreporter i dansk TV2, til Se og H\u00f8r. <\/p>\n<p>          <img loading=\"lazy\" decoding=\"async\" src=\"https:\/\/www.europesays.com\/no\/wp-content\/uploads\/2025\/11\/83817050.webp\" width=\"686\" height=\"597\" title=\"PAPPAS PIKE: Kongen sier at yngstedatteren&#10;er med p\u00e5 det meste, og er tydelig stolt av henne. FOTO: Hanne Juul\" alt=\"\" class=\"\" style=\"--aspect-ratio-image: 1.15; \"\/><\/p>\n<p>\n          PAPPAS PIKE: Kongen sier at yngstedatteren<br \/>\ner med p\u00e5 det meste, og er tydelig stolt av henne. FOTO: Hanne Juul\n      <\/p>\n<p>Josephine og tvillingbroren prins Vincent (14) begynte begge to p\u00e5 Traneg\u00e5rdsskolen da de begynte p\u00e5 f\u00f8rskolen. Og mens Vincent fortsatt g\u00e5r der, er dette andre gangen Josephine bytter skole. I 2023 begynte hun nemlig p\u00e5 Kildeg\u00e5rd Privatskole i Hellerup \u2013 men ble der bare i to \u00e5r.<\/p>\n<p>        SVINGER SEG: B\u00e5de kong Frederik, kong Carl Gustaf og kronprins Haakon har sl\u00e5tt seg l\u00f8s p\u00e5 dansegulvet i det siste. Video: Hanne Juul \/ Swedish Press Agency \/ H\u00e5vard Bj\u00f8rnerem \/\/ Foto: NTB \/\/ Reporter: Caroline Vagle<\/p>\n<p>&#8211; Josephine m\u00e5 ha hatt lyst til \u00e5 starte et nytt kapittel \u2013 pr\u00f8ve en annen type skolegang. I tillegg tilbyr skolen blant annet undervisning i dans og drama samt ulike natur- og idrettsfag, noe som trolig passer godt for Josephine, sier Marie R\u00f8nde til Se og H\u00f8r.<\/p>\n<p>          <img loading=\"lazy\" decoding=\"async\" src=\"https:\/\/www.europesays.com\/no\/wp-content\/uploads\/2025\/11\/83817058.webp\" width=\"686\" height=\"741\" title=\"KVALITETSTID: I sommer var Josephine den&#10;eneste av kongeparets barn som var med p\u00e5 offisielt bes\u00f8k til F\u00e6r\u00f8yene. Kanskje hun hadde behov&#10;for litt ekstra tid med foreldrene f\u00f8r hun skulle flytte&#10;fra dem? FOTO: Hanne Juul\" alt=\"\" class=\"\" style=\"--aspect-ratio-image: 0.93; \"\/><\/p>\n<p>\n          KVALITETSTID: I sommer var Josephine den<br \/>\neneste av kongeparets barn som var med p\u00e5 offisielt bes\u00f8k til F\u00e6r\u00f8yene. Kanskje hun hadde behov<br \/>\nfor litt ekstra tid med foreldrene f\u00f8r hun skulle flytte<br \/>\nfra dem? FOTO: Hanne Juul\n      <\/p>\n<p>&#8211; Kongehuset har ikke utdypet skolebyttet n\u00e6rmere, p\u00e5 samme m\u00e5te som de heller ikke oppga noen grunn da prinsessen byttet skole for to \u00e5r siden. Men hun er bare 14 \u00e5r, og det kan v\u00e6re mange grunner vi ikke kjenner til, og som jeg synes det ville v\u00e6re feil \u00e5 spekulere i, fortsetter hun.<\/p>\n<p>R\u00f8nde ber\u00f8mmer kongeparet for \u00e5 v\u00e6re moderne som lar barna v\u00e6re med og bestemme over egen skolegang. <\/p>\n<p>          <img loading=\"lazy\" decoding=\"async\" src=\"https:\/\/www.europesays.com\/no\/wp-content\/uploads\/2025\/11\/83817056.webp\" width=\"686\" height=\"968\" title=\"SPREK: Under kongens \u00e5rlige l\u00f8p deltok Josephine i tre distanser - p\u00e5 en og samme dag! FOTO: Mikael Rieck\" alt=\"\" class=\"\" style=\"--aspect-ratio-image: 0.71; \"\/><\/p>\n<p>\n          SPREK: Under kongens \u00e5rlige l\u00f8p deltok Josephine i tre distanser &#8211; p\u00e5 en og samme dag! FOTO: Mikael Rieck\n      <\/p>\n<p> Den danske kongehuseksperten Jakob Steen Olsen synes ogs\u00e5 at dette er et bra signal \u00e5 sende. <\/p>\n<p>&#8211; Det er ingen medlemmer av kongefamilien som tidligere har pr\u00f8vd ut \u00e5 g\u00e5 p\u00e5 en helt vanlig efterskole. Men avgj\u00f8relsen falt i smak hos det danske folket. Mer dansk blir det nesten ikke, sier han til Se og H\u00f8r.<\/p>\n<p>    <a itemprop=\"url\" href=\"https:\/\/www.seher.no\/kongelig\/ut-mot-slottet-odeleggende\/83814418\" rel=\"nofollow noopener\" target=\"_blank\"><\/p>\n<p>      <img loading=\"lazy\" decoding=\"async\" src=\"https:\/\/www.europesays.com\/no\/wp-content\/uploads\/2025\/11\/83809952.webp\" width=\"980\" height=\"441\" title=\"Ut mot Slottet: - \u00d8deleggende\" alt=\"\" class=\"lazyload\" style=\"--aspect-ratio-image: 2.22; \"\/><\/p>\n<p>        Ut mot Slottet: &#8211; \u00d8deleggende<\/p>\n<p>    <\/a><\/p>\n<p>&#8211; Samtidig sendte kongeparet ogs\u00e5 et tydelig signal om det de har lagt vekt p\u00e5 siden de tok over tronen: At Danmark skal ha et kongehus som er mer p\u00e5 lik linje som folket, fortsetter han.<\/p>\n<p>          <img loading=\"lazy\" decoding=\"async\" src=\"https:\/\/www.europesays.com\/no\/wp-content\/uploads\/2025\/11\/83817049.webp\" width=\"686\" height=\"968\" title=\"MODIG: Da&#10;Josephine var&#10;med foreldrene&#10;til F\u00e6r\u00f8yene i&#10;sommer, var&#10;hun ikke redd&#10;for \u00e5 hive seg&#10;ut med zipline&#10;over en dyp&#10;kl\u00f8ft. FOTO: Hanne Juul\" alt=\"\" class=\"\" style=\"--aspect-ratio-image: 0.71; \"\/><\/p>\n<p>\n          MODIG: Da<br \/>\nJosephine var<br \/>\nmed foreldrene<br \/>\ntil F\u00e6r\u00f8yene i<br \/>\nsommer, var<br \/>\nhun ikke redd<br \/>\nfor \u00e5 hive seg<br \/>\nut med zipline<br \/>\nover en dyp<br \/>\nkl\u00f8ft. FOTO: Hanne Juul\n      <\/p>\n<p>Det er nok rart for resten av familien at Josephine plutselig ikke er der i hverdagen. Kronprins Christian (20) er i millit\u00e6ret, s\u00e5 n\u00e5 er det bare prinsesse Isabella (18) og prins Vincent som bor hjemme.<\/p>\n<p>          <img loading=\"lazy\" decoding=\"async\" src=\"https:\/\/www.europesays.com\/no\/wp-content\/uploads\/2025\/11\/83817060.webp\" width=\"686\" height=\"1119\" title=\"HVER SIN VEI: Tvillingene Josephine&#10;og Vincent g\u00e5r ulike veier. Mens han trives&#10;p\u00e5 skolen hvor de begge to begynte, er dette&#10;Josephines andre skolebytte. FOTO: Hanne Juul\" alt=\"\" class=\"\" style=\"--aspect-ratio-image: 0.61; \"\/><\/p>\n<p>\n          HVER SIN VEI: Tvillingene Josephine<br \/>\nog Vincent g\u00e5r ulike veier. Mens han trives<br \/>\np\u00e5 skolen hvor de begge to begynte, er dette<br \/>\nJosephines andre skolebytte. FOTO: Hanne Juul\n      <\/p>\n<p> Men samtalene i hjemmet har nok v\u00e6rt gode i forkant, med mamma Mary som en nyttig st\u00f8ttespiller. Dronningen har tidligere gitt uttrykk for at efterskole er sv\u00e6rt bra for de unge. <\/p>\n<p>        Dronning Mary overrasket da hun gjennomf\u00f8rte sitt f\u00f8rste solooppdrag som dronning. Reporter: Caroline Vagle. <\/p>\n<p>&#8211; I mine f\u00f8rste \u00e5r i Danmark visste jeg ikke hva efterskoler var, men jeg f\u00f8lte raskt at de var noe spesielt. Det h\u00f8rtes nesten ut som skolene hadde en spesiell sosial magi. Mange som har g\u00e5tt p\u00e5 efterskoler har opplevd et fellesskap som var s\u00e5 \u00e5pent, \u00e6rlig og tillitsfullt at det har gitt dem en helt grunnleggende f\u00f8lelse av tilh\u00f8righet og \u00e5 v\u00e6re gode nok, sa Mary i et intervju til magasinet Efterskolerne etter at hun hadde bes\u00f8kt Haslev Idr\u00e6tsefterskole i 2022.<\/p>\n<p>          <img loading=\"lazy\" decoding=\"async\" src=\"https:\/\/www.europesays.com\/no\/wp-content\/uploads\/2025\/11\/83817053.webp\" width=\"686\" height=\"488\" title=\"26 MINUTTER ELDRE: Prins&#10;Vincent er den eldste av de to tvillingene \u2013 men prinsesse Josephine ser ut til&#10;\u00e5 v\u00e6re den mest egenr\u00e5dige av dem. FOTO: Hanne Juul\" alt=\"\" class=\"\" style=\"--aspect-ratio-image: 1.41; \"\/><\/p>\n<p>\n          26 MINUTTER ELDRE: Prins<br \/>\nVincent er den eldste av de to tvillingene \u2013 men prinsesse Josephine ser ut til<br \/>\n\u00e5 v\u00e6re den mest egenr\u00e5dige av dem. FOTO: Hanne Juul\n      <\/p>\n<p>Det siste \u00e5ret har vi sett litt mer av henne, og danskene har f\u00e5tt mer inntrykk av hvem hun er. I fjor var hun og tvillingbroren med foreldrene sine p\u00e5 offisielt bes\u00f8k p\u00e5 Gr\u00f8nland. Og i \u00e5r var prinsessen med til F\u00e6r\u00f8yene i samme \u00e6rend.<\/p>\n<p>        SKANDALE: Det skapte enorme sjokkb\u00f8lger da dav\u00e6rende kronprins Frederik ble avbildet med en mystisk kvinne &#8211; som slett ikke var hans kone Mary. Foto\/Video: NTB \/ DR \/\/ Reporter: Caroline Vagle \/\/ Klipp: Elise Violeta Ness Aksnes<\/p>\n<p>&#8211; Hun virker smilende og hilser h\u00f8flig p\u00e5 de mange fremm\u00f8tte, hun vinker og h\u00e5ndhilser. Men hun virker ogs\u00e5 litt sjenert \u2013 som mange andre ten\u00e5ringer. Likevel var hun virkelig modig p\u00e5 F\u00e6r\u00f8yene, da hun pr\u00f8vde zipline over en dyp kl\u00f8ft. Det imponerte mange, sier Marie R\u00f8nde i dansk TV2.<\/p>\n<p>          <img loading=\"lazy\" decoding=\"async\" src=\"https:\/\/www.europesays.com\/no\/wp-content\/uploads\/2025\/11\/83817055.webp\" width=\"686\" height=\"460\" title=\"ELSKER TEATERLIVET: Dronning Margrethe er&#10;en kreativ sjel og har i mange \u00e5r laget b\u00e5de kostymer og&#10;kulissser til teaterscenen. Her st\u00e5r hun p\u00e5 scenen etter&#10;premieren av \u00abN\u00f8ddekn\u00e6kkeren\u00bb p\u00e5 Tivoli f\u00f8r jul. FOTO: Dan Mariegaard\" alt=\"\" class=\"\" style=\"--aspect-ratio-image: 1.49; \"\/><\/p>\n<p>\n          ELSKER TEATERLIVET: Dronning Margrethe er<br \/>\nen kreativ sjel og har i mange \u00e5r laget b\u00e5de kostymer og<br \/>\nkulissser til teaterscenen. Her st\u00e5r hun p\u00e5 scenen etter<br \/>\npremieren av \u00abN\u00f8ddekn\u00e6kkeren\u00bb p\u00e5 Tivoli f\u00f8r jul. FOTO: Dan Mariegaard\n      <\/p>\n<p>Hun roser prinsessens opptreden under farens l\u00f8p Royal Run tidligere i \u00e5r.<\/p>\n<p>&#8211; Hun l\u00f8p alle tre distansene i K\u00f8benhavn: b\u00e5de 1 mile (1,6 kilometer), 5 kilometer og til slutt 10 km!, sier hun.<\/p>\n<p>&#8211; If\u00f8lge dronning Mary har Josephine \u00aben sterk vilje\u00bb \u2013 og kongen sier: \u00abhun er med p\u00e5 det meste\u00bb!<\/p>\n<p>          <img loading=\"lazy\" decoding=\"async\" src=\"https:\/\/www.europesays.com\/no\/wp-content\/uploads\/2025\/11\/83817052.webp\" width=\"686\" height=\"460\" title=\"SMITTET: Prinsesse&#10;Josephine har blitt smittet&#10;av Margrethes dragning mot&#10;scenen. Her st\u00e5r hun p\u00e5 scenen selv \u2013 som skuespiller,&#10;i en oppsetning av \u00abPeter&#10;Pan\u00bb p\u00e5 Tivoli i fjor. FOTO: Ole Mortensen\" alt=\"\" class=\"\" style=\"--aspect-ratio-image: 1.49; \"\/><\/p>\n<p>\n          SMITTET: Prinsesse<br \/>\nJosephine har blitt smittet<br \/>\nav Margrethes dragning mot<br \/>\nscenen. Her st\u00e5r hun p\u00e5 scenen selv \u2013 som skuespiller,<br \/>\ni en oppsetning av \u00abPeter<br \/>\nPan\u00bb p\u00e5 Tivoli i fjor. FOTO: Ole Mortensen\n      <\/p>\n<p>Josephines skolevalg viser at hun t\u00f8r \u00e5 g\u00e5 sine egne veier. Det gjorde hun ogs\u00e5 da hun pr\u00f8vde seg som skuespiller p\u00e5 scenen i Glassalen som en del av Eventyrteatrets h\u00f8stoppsetning av \u00abPeter Pan\u00bb i 2023. Og igjen i desember 2024 da hun medvirket i et par episoder av julekalenderen \u00abTidsrejsen 2\u00bb p\u00e5 DR.<\/p>\n<p>Som den f\u00f8rste i kongefamilien har hun dermed pr\u00f8vd seg b\u00e5de p\u00e5 teaterscenen og i TV-milj\u00f8et, og hun er alts\u00e5 n\u00e5 den f\u00f8rste som tester ut efterskole. <\/p>\n<p>          <img loading=\"lazy\" decoding=\"async\" src=\"https:\/\/www.europesays.com\/no\/wp-content\/uploads\/2025\/11\/83817057.webp\" width=\"686\" height=\"1139\" title=\"VILJESTERK: 14-\u00e5ringen&#10;er if\u00f8lge sin mor viljesterk. P\u00e5&#10;en av frihelgene fra efterskolen&#10;dukket hun opp i Tivoli for \u00e5 se&#10;teater \u2013 uten noen fra familien! FOTO: Mikael Rieck\" alt=\"\" class=\"\" style=\"--aspect-ratio-image: 0.60; \"\/><\/p>\n<p>\n          VILJESTERK: 14-\u00e5ringen<br \/>\ner if\u00f8lge sin mor viljesterk. P\u00e5<br \/>\nen av frihelgene fra efterskolen<br \/>\ndukket hun opp i Tivoli for \u00e5 se<br \/>\nteater \u2013 uten noen fra familien! FOTO: Mikael Rieck\n      <\/p>\n<p>Etter at Spir Efterskole fikk en kongelig elev, har oppmerksomheten rundt skolen eksplodert. <\/p>\n<p>If\u00f8lge dansk TV Syd, pleier rundt 650 mennesker \u00e5 bes\u00f8ke skolen p\u00e5 Efterskolernes Dag, men i \u00e5r s\u00e5 det ut til at rekordmange 2300 mennesker var innom d\u00f8rene for \u00e5 tilfredsstille sin nysgjerrighet!<\/p>\n<p>          <img loading=\"lazy\" decoding=\"async\" src=\"https:\/\/www.europesays.com\/no\/wp-content\/uploads\/2025\/11\/83817061.webp\" width=\"686\" height=\"385\" title=\"TV-STJERNE: Den kreative prinsessen&#10;har ogs\u00e5 spilt i \u00abTidsrejsen 2\u00bb p\u00e5 DR. Her ser vi&#10;henne i et rollebilde! FOTO: Thomas Gerhardt og Ian N. Tomkins\/DR\" alt=\"\" class=\"\" style=\"--aspect-ratio-image: 1.78; \"\/><\/p>\n<p>\n          TV-STJERNE: Den kreative prinsessen<br \/>\nhar ogs\u00e5 spilt i \u00abTidsrejsen 2\u00bb p\u00e5 DR. Her ser vi<br \/>\nhenne i et rollebilde! FOTO: Thomas Gerhardt og Ian N. Tomkins\/DR\n      <\/p>\n<p class=\"font-weight-bold m-font-weight-bold\" data-lab-font_weight=\"font-weight-bold\">LES OGS\u00c5:\u00a0<a href=\"https:\/\/www.seher.no\/kjendis\/derfor-takket-han-nei-ikke-lyst\/83813574\" rel=\"nofollow noopener\" target=\"_blank\">Derfor takket han nei:\u00a0&#8211; Ikke lyst\u00a0<\/a><\/p>\n","protected":false},"excerpt":{"rendered":"Prinsesse Josephines t\u00f8ffe valg Den 14 \u00e5r gamle prinsessen har forlatt det behagelige slottslivet til fordel for sovesal,&hellip;\n","protected":false},"author":2,"featured_media":81645,"comment_status":"","ping_status":"","sticky":false,"template":"","format":"standard","meta":{"footnotes":""},"categories":[58],"tags":[5816,5818,4104,71,5817,76,30,28,29,11052,72],"class_list":{"0":"post-81644","1":"post","2":"type-post","3":"status-publish","4":"format-standard","5":"has-post-thumbnail","7":"category-underholdning","8":"tag-det-danske-kongehuset","9":"tag-dronning-mary","10":"tag-eksklusivt","11":"tag-entertainment","12":"tag-kong-frederik","13":"tag-kongelig","14":"tag-no","15":"tag-norge","16":"tag-norway","17":"tag-prinsesse-josephine","18":"tag-underholdning"},"share_on_mastodon":{"url":"https:\/\/pubeurope.com\/@no\/115513193032671229","error":""},"_links":{"self":[{"href":"https:\/\/www.europesays.com\/no\/wp-json\/wp\/v2\/posts\/81644","targetHints":{"allow":["GET"]}}],"collection":[{"href":"https:\/\/www.europesays.com\/no\/wp-json\/wp\/v2\/posts"}],"about":[{"href":"https:\/\/www.europesays.com\/no\/wp-json\/wp\/v2\/types\/post"}],"author":[{"embeddable":true,"href":"https:\/\/www.europesays.com\/no\/wp-json\/wp\/v2\/users\/2"}],"replies":[{"embeddable":true,"href":"https:\/\/www.europesays.com\/no\/wp-json\/wp\/v2\/comments?post=81644"}],"version-history":[{"count":0,"href":"https:\/\/www.europesays.com\/no\/wp-json\/wp\/v2\/posts\/81644\/revisions"}],"wp:featuredmedia":[{"embeddable":true,"href":"https:\/\/www.europesays.com\/no\/wp-json\/wp\/v2\/media\/81645"}],"wp:attachment":[{"href":"https:\/\/www.europesays.com\/no\/wp-json\/wp\/v2\/media?parent=81644"}],"wp:term":[{"taxonomy":"category","embeddable":true,"href":"https:\/\/www.europesays.com\/no\/wp-json\/wp\/v2\/categories?post=81644"},{"taxonomy":"post_tag","embeddable":true,"href":"https:\/\/www.europesays.com\/no\/wp-json\/wp\/v2\/tags?post=81644"}],"curies":[{"name":"wp","href":"https:\/\/api.w.org\/{rel}","templated":true}]}}