{"id":81653,"date":"2025-11-08T08:55:11","date_gmt":"2025-11-08T08:55:11","guid":{"rendered":"https:\/\/www.europesays.com\/no\/81653\/"},"modified":"2025-11-08T08:55:11","modified_gmt":"2025-11-08T08:55:11","slug":"sarpsborg-08-fotball-s08-sjefen-for-derbyet-har-lyst-til-a-gi-noe-tilbake-til-supporterne","status":"publish","type":"post","link":"https:\/\/www.europesays.com\/no\/81653\/","title":{"rendered":"Sarpsborg 08, Fotball | S08-sjefen f\u00f8r derbyet: \u2013 Har lyst til \u00e5 gi noe tilbake til supporterne"},"content":{"rendered":"\n<p>\u2013 Det var fantastisk. Supportere kan tenne deg, og n\u00e5r de kommer hit, synger og st\u00f8tter oss, er det viktig for oss. Jeg h\u00e5per vi kan gi noe tilbake til dem mot FFK, sier Foyston.<\/p>\n<p>Sarpsborg 08 gikk p\u00e5 en stygg smell (0\u20134) i bortekampen mot Troms\u00f8 sist, og har veldig lyst til \u00e5 sl\u00e5 tilbake mot erkerivalen fra nabobyen. Det er ventet en vanvittig tr\u00f8kk p\u00e5 et utsolgt Sarpsborg stadion l\u00f8rdag, og motivasjonen er i hvert fall p\u00e5 topp.<\/p>\n<p>\u2013 Det er viktig at vi finner den rette balansen mellom \u00e5 fokusere p\u00e5 selve kampen og den store anledningen. Vi vet hva som kreves for \u00e5 f\u00e5 publikum med oss, men vi har ogs\u00e5 en jobb \u00e5 gj\u00f8re p\u00e5 banen. Vi m\u00e5 v\u00e6re profesjonelle i jobben p\u00e5 banen, holde oss til kampplanen og gj\u00f8re det beste vi kan. Jeg tror at vi vinner dersom vi finner den riktige balansen, sier treneren.<\/p>\n<p>Vrien motstander<\/p>\n<p>FFK ligger helt oppe p\u00e5 sjetteplass p\u00e5 tabellen i Eliteserien. Det er et vanskelig lag \u00e5 spille mot. R\u00f8dbuksene har kun tapt to av de siste tolv kampene.<\/p>\n<p>   <img decoding=\"async\" width=\"1080\" height=\"1920\" fetchpriority=\"low\"  loading=\"lazy\"  src=\"https:\/\/www.europesays.com\/no\/wp-content\/uploads\/2025\/11\/KLASSIK%C3%86R%27N-LOGOEN.jpg\" alt=\"\" class=\"brick-c-cFOWSL\" style=\"--brick-image-ratio: 1080 \/ 1920;\"\/><\/p>\n<p>\u2013 De ligner litt p\u00e5 hvordan AIK spiller i Sverige, men jeg synes de har utviklet spillet sitt. Noen ganger lurer man p\u00e5 hvorfor de er der de er, men de gj\u00f8r det vanskelig motstanderen med energi, l\u00f8pskraft og innstilling som de setter sammen p\u00e5 en god m\u00e5te. Man trenger visse typer spillere til \u00e5 spille en slik fotball, men det har FFK. De har blitt mer spillende og ballbesittende denne sesongen. Jeg tror ikke de kommer til \u00e5 v\u00e6re veldig spillende i et lokaloppgj\u00f8r, men det blir trolig et FFK-lag slik vi kjenner dem, sier Foyston.<\/p>\n<p>Usikker toppscorer<\/p>\n<p>Sarpsborg 08 hadde lenge en stigende kurve etter at Foyston overtok, men resultatet mot Troms\u00f8 sist var et stort skritt tilbake.<\/p>\n<p>\u2013 Vi m\u00e5 spille v\u00e5r egen kamp mot FFK. Vi skal angripe kampen og la publikum gi oss energi. Det er viktig at vi tar energien fra publikum, og ikke la anledningen tappe spillerne for energi. Det er viktig at vi har kalde hoder for \u00e5 lykkes med v\u00e5r offensive fotball. Jeg vil at laget skal vise det vi gjorde mot KFUM Oslo og som vi tidvis har gjort i andre kamper. Spillerne vet n\u00f8yaktig hva dette betyr for sarpinger og skal gi alt for \u00e5 vinne, sier han.<\/p>\n<p>Sarpsborg 08 har v\u00e6rt fulltallige p\u00e5 trening denne uken, men torsdag m\u00e5tte toppscorer Daniel Karlsbakk g\u00e5 av med en liten kjenning. Han var tilbake p\u00e5 treningsfeltet fredag da laget hadde en kort \u00f8kt, men det er usikkert om han blir klar til \u00e5 starte kampen.<\/p>\n<p>  <a href=\"https:\/\/www.sa.no\/5-46-1909507\" class=\"related-teaser has-image default-story-teaser article--c-eRUmMG article--c-eRUmMG-jKCPdD-design-default\" rel=\"nofollow noopener\" target=\"_blank\"><\/p>\n<p>    <img decoding=\"async\" loading=\"lazy\"  src=\"https:\/\/www.europesays.com\/no\/wp-content\/uploads\/2025\/11\/1762592110_522_image_32575945-1B6D-4266-8A17-89FE7D884B5B_1762428220.jpeg\" alt=\"\" class=\"brick-c-cFOWSL\" style=\"\"\/><\/p>\n<p>\n            Les ogs\u00e5<\/p>\n<p>              Fare for parkeringskaos \u2013 kj\u00f8pesentre gj\u00f8r tiltak\n        <\/p>\n<p>  <\/a><\/p>\n<p>  <a href=\"https:\/\/www.sa.no\/5-46-1908519\" class=\"related-teaser has-image default-story-teaser article--c-eRUmMG article--c-eRUmMG-jKCPdD-design-default\" rel=\"nofollow noopener\" target=\"_blank\"><\/p>\n<p>    <img decoding=\"async\" loading=\"lazy\"  src=\"https:\/\/www.europesays.com\/no\/wp-content\/uploads\/2025\/11\/Uten+navn-1.jpg\" alt=\"\" class=\"brick-c-cFOWSL\" style=\"\"\/><\/p>\n<p>\n            Les ogs\u00e5<\/p>\n<p>              Har spilt alle lokaloppgj\u00f8rene \u2013 n\u00e5 er han for f\u00f8rste gang p\u00e5 rett lag\n        <\/p>\n<p>  <\/a><\/p>\n<p>    Vil du se neste video?<\/p>\n<p>    <a href=\"https:\/\/www.sa.no\/satv-hoili-om-vennskapet-til-roy-atom-drev-ganske-spesiell-buisness\/v\/5-46-1910596\" class=\"recommend-poster\" data-adp-clicklabel=\"video-recommend\" data-adp-clickvalue=\"poster\" rel=\"nofollow noopener\" target=\"_blank\"><br \/>\n      <img decoding=\"async\" width=\"200\" height=\"200\" loading=\"lazy\" src=\"https:\/\/www.europesays.com\/no\/wp-content\/uploads\/2025\/11\/v-i-3b19a7c3-ece1-4147-858a-fd14e4bae8ec-2.jpg\" alt=\"\" class=\"brick-c-cFOWSL\" style=\"--brick-image-ratio: 200 \/ 200;\"\/><\/p>\n<p>SATV: H\u00f8ili om vennskapet til Roy Atom: &#8211; Drev ganske spesiell business2:04<\/p>\n<p>    <\/a><\/p>\n","protected":false},"excerpt":{"rendered":"\u2013 Det var fantastisk. Supportere kan tenne deg, og n\u00e5r de kommer hit, synger og st\u00f8tter oss, er&hellip;\n","protected":false},"author":2,"featured_media":81654,"comment_status":"","ping_status":"","sticky":false,"template":"","format":"standard","meta":{"footnotes":""},"categories":[59],"tags":[36,92,11053,30,28,29,133,83,82,1510],"class_list":{"0":"post-81653","1":"post","2":"type-post","3":"status-publish","4":"format-standard","5":"has-post-thumbnail","7":"category-sport","8":"tag-art","9":"tag-fotball","10":"tag-martin-foyston","11":"tag-no","12":"tag-norge","13":"tag-norway","14":"tag-sarpsborg-08","15":"tag-sport","16":"tag-sports","17":"tag-story"},"share_on_mastodon":{"url":"https:\/\/pubeurope.com\/@no\/115513244831412789","error":""},"_links":{"self":[{"href":"https:\/\/www.europesays.com\/no\/wp-json\/wp\/v2\/posts\/81653","targetHints":{"allow":["GET"]}}],"collection":[{"href":"https:\/\/www.europesays.com\/no\/wp-json\/wp\/v2\/posts"}],"about":[{"href":"https:\/\/www.europesays.com\/no\/wp-json\/wp\/v2\/types\/post"}],"author":[{"embeddable":true,"href":"https:\/\/www.europesays.com\/no\/wp-json\/wp\/v2\/users\/2"}],"replies":[{"embeddable":true,"href":"https:\/\/www.europesays.com\/no\/wp-json\/wp\/v2\/comments?post=81653"}],"version-history":[{"count":0,"href":"https:\/\/www.europesays.com\/no\/wp-json\/wp\/v2\/posts\/81653\/revisions"}],"wp:featuredmedia":[{"embeddable":true,"href":"https:\/\/www.europesays.com\/no\/wp-json\/wp\/v2\/media\/81654"}],"wp:attachment":[{"href":"https:\/\/www.europesays.com\/no\/wp-json\/wp\/v2\/media?parent=81653"}],"wp:term":[{"taxonomy":"category","embeddable":true,"href":"https:\/\/www.europesays.com\/no\/wp-json\/wp\/v2\/categories?post=81653"},{"taxonomy":"post_tag","embeddable":true,"href":"https:\/\/www.europesays.com\/no\/wp-json\/wp\/v2\/tags?post=81653"}],"curies":[{"name":"wp","href":"https:\/\/api.w.org\/{rel}","templated":true}]}}