{"id":81662,"date":"2025-11-08T09:10:11","date_gmt":"2025-11-08T09:10:11","guid":{"rendered":"https:\/\/www.europesays.com\/no\/81662\/"},"modified":"2025-11-08T09:10:11","modified_gmt":"2025-11-08T09:10:11","slug":"han-ble-dolket-i-ryggen","status":"publish","type":"post","link":"https:\/\/www.europesays.com\/no\/81662\/","title":{"rendered":"Han ble dolket i ryggen"},"content":{"rendered":"<p><strong>\u00d8yvind Alapnes er ferdig<\/strong> i TIL, egentlig langt p\u00e5 overtid m\u00e5lt mot forgjengerne i direkt\u00f8rjobben p\u00e5 Alfheim. F\u00f8r han overtok i februar 2021 var snitt-tiden p\u00e5 \u00e5 ha denne jobben cirka to \u00e5r.<\/p>\n<p>Det har hatt mange \u00e5rsaker, men \u00e9n av dem var hvor krevende og ustabilt det er \u00e5 lede en bedrift som i praksis m\u00e5les p\u00e5 resultat hver eneste helg. For \u00e5 kunne leve i en slik tilv\u00e6relse b\u00f8r du ha t\u00e5lmodighet, evne til \u00e5 snakke med og lede andre mennesker og ikke minst forst\u00e5 TILs rolle i Troms\u00f8.<\/p>\n<p>Personlig vil jeg legge til at du b\u00f8r v\u00e6re litt gal ogs\u00e5, med tanke p\u00e5 det helt ekstreme trykket fra omgivelsene som ligger p\u00e5 TIL. Det er ikke uten grunn at bekjente som m\u00f8tes i Storgata eller p\u00e5 Jekta har to tema de kan snakke om som er \u00abufarlige\u00bb. P\u00e5 samme m\u00e5te som \u00aballe\u00bb har en mening om v\u00e6ret, er ogs\u00e5 TIL noe som engasjerer, enten du er tett p\u00e5, eller bare har klubben som en del av identiteten til byen du bor i.<\/p>\n<p>  TIL-DIREKT\u00d8RER Vis mer \u2193 <\/p>\n<p>Disse har v\u00e6rt administrerende direkt\u00f8r\/daglig leder i TIL:<\/p>\n<p><strong>1998-1999: <\/strong>Kjell Olav Pettersen<\/p>\n<p><strong>1999-2002: <\/strong>Brynjar Elde<\/p>\n<p><strong>2002: <\/strong>Trond Steinar Albertsen<\/p>\n<p><strong>2002-2004: <\/strong>Jan Henry T. Olsen<\/p>\n<p><strong>2004-2007: <\/strong>Bj\u00f8rn Tore Markussen<\/p>\n<p><strong>2007-2009: <\/strong>Tom Bendiksen<\/p>\n<p><strong>2010-2012: <\/strong>Stig-Ove Sandnes<\/p>\n<p><strong>2012-2014: <\/strong>Vegard Berg-Johansen<\/p>\n<p><strong>2014-2016: <\/strong>Ulf Johansen<\/p>\n<p><strong>2016\u20132018: <\/strong>Stig Arne Engen<\/p>\n<p><strong>2018\u20132020: <\/strong>Kristian H\u00f8ydal<\/p>\n<p><strong>2021\u20132025: <\/strong>\u00d8yvind Alapnes<\/p>\n<p><strong>Selv var jeg avm\u00e5lt<\/strong> skeptisk til hvordan en Stordalen-oppl\u00e6rt hotellsjef fra The Edge skulle evne \u00e5 fornye et TIL-lag som i starten av 2021 hadde nok med \u00e5 betale regningene og forberede seg til et comeback i Eliteserien. Hotellet midt i Troms\u00f8 sentrum hadde siden 2013 opplevd en betydelig suksess med Alapnes som sjef, og virkelig markert seg gjennom events og store konferanser.<\/p>\n<p>Det gikk ikke lang tid f\u00f8r han vekket oppsikt ogs\u00e5 lenger opp p\u00e5 \u00f8ya. Kun uker etter at Alapnes ble ansatt var TIL den f\u00f8rste klubben i Norge som var mot VM i Qatar. S\u00e5 kom drakter b\u00e5de med QR-koder med ytterligere Qatar-kritikk og nordlystema, som gjorde at klubben fikk oppslag og oppmerksomhet utover det nasjonale. Glemmes m\u00e5 heller ikke den omstridte navneendringen av Alfheim stadion til Romssa Arena, sponset av Troms Kraft.<\/p>\n<p>Tanken om \u00e5 forsterke TILs samfunnsposisjon var \u00e5penbart viktig for Alapnes, som lett kunne bli beskyldt for \u00e5 v\u00e6re en slags pos\u00f8r og kun opptatt av fasade. Problemet med denne teorien er at klubben har solgt spillere for hundrevis av millioner, som inntil videre har gjort at ordet \u00f8konomikrise ikke lenger er synonymt med TIL.<\/p>\n<p><strong>Supporterkulturen og samarbeidet med et <\/strong>voksende Forza Troms\u00f8 har gitt en helt annen kampopplevelse m\u00e5lt mot hvordan det noen gang har v\u00e6rt \u00e5 dra p\u00e5 stadion. Selv om Alapnes p\u00e5 ingen m\u00e5te har v\u00e6rt redd for \u00e5 st\u00e5 p\u00e5 sine prinsipper mot supportere, som i sp\u00f8rsm\u00e5let om innf\u00f8ring av videod\u00f8mming, der han var en sterk stemme for.<\/p>\n<p>I tillegg har det blitt tatt betydelige sportslig steg fra han kom inn i klubben, til han n\u00e5 g\u00e5r av. Det ville v\u00e6rt langt enklere \u00e5 kritisere ham, om s\u00e5 ikke var tilfellet.<\/p>\n<p>To ganger p\u00e5 de fem sesongene han har sittet i jobben, har klubben kvalifisert seg til europacupspill. Det er, utgangspunktet tatt i betraktning, godkjent, selv om alle forst\u00e5r at det p\u00e5 ingen m\u00e5te er Alapnes som verken har tatt ut laget eller spilt kampene selv.<\/p>\n<p><strong>Likevel har han sportslig<\/strong> v\u00e6rt sentral, spesielt n\u00e5r det har bl\u00e5st rundt hovedtreneren. S\u00e5 sent som v\u00e5ren 2024, da J\u00f8rgen Vik, fersk i jobben, hadde tapt seks av sine sju f\u00f8rste kamper. Ogs\u00e5 sommeren 2021 og sommeren 2022 ble det spekulert rundt Gaute Helstrup og hans framtid som TIL-sjef. Alapnes var, slik jeg oppfatter det, sammen med styret en av forkjemperne for at ingen av disse skulle avsettes. TIL hadde den gangen fortsatt et stempel som en \u00absparke treneren-klubb\u00bb, noe Alapnes \u00f8nsket \u00e5 bli kvitt. N\u00e5 dras TIL opp som et eksempel p\u00e5 det motsatte.<\/p>\n<p>Han fikk, sammen med styret, bel\u00f8nningen da Gutan i 2023 tok bronse og kvalifiserte seg inn til europacupspill \u00e5ret derp\u00e5. Alapnes snakket dessuten mye om hvordan han hadde v\u00e6rt sentral i \u00e5 ordne penger til en forlengelse med Helstrup den samme sommeren, da LSK sto parat til \u00e5 hente TILs hovedtrener.<\/p>\n<p><strong>Takken kom 2. januar 2024<\/strong>, da Helstrup dolket kniven i ryggen p\u00e5 Alapnes gjennom \u00e5 forlate TIL til fordel for en godt gasjert assistenttrenerjobb hos rivalen i Bod\u00f8. Da han satt p\u00e5 kontoret samme dag til styreleder Stig Bj\u00f8rklund, og n\u00e6rmest alle i Norge ville vite hva som hadde skjedd, er det en av f\u00e5 ganger jeg har opplevd Alapnes og Bj\u00f8rklund direkte rystet.<\/p>\n<p>Denne duoen \u00e5pnet dessuten opp onsdag om hvordan samarbeidet ikke hadde v\u00e6rt bra nok dem imellom det siste \u00e5ret, og om hvordan konsekvensen har blitt at Alapnes n\u00e5 jakter ny jobb. Det er dessuten en kjent sak internt i TIL at det har v\u00e6rt slitasje mellom den snart avg\u00e5tte TIL-sjefen og ansatte. N\u00e5r han i tillegg \u00f8nsker \u00e5 bruke mer tid p\u00e5 sin syke mor, er det noe man m\u00e5 ha forst\u00e5else for.<\/p>\n<p><strong>For midt i all<\/strong> den sportslige suksessen, er det tross alt noe heller ikke Alapnes fikk til som toppsjef i TIL. Tilbake i februar 2021 snakket han til iTroms\u00f8 om hvordan en ny innend\u00f8rs treningsarena var det viktigste han ville f\u00e5 til. Noen \u00e5r senere vet vi i praksis ikke n\u00e5r, eller om, det vil skje. Hans etterf\u00f8lger f\u00e5r pr\u00f8ve p\u00e5 det samme.<\/p>\n<p>Du, derimot, f\u00e5r n\u00f8ye deg med \u00e5 dra p\u00e5 europacupkamp p\u00e5 Alfheim neste h\u00f8st, \u00d8yvind.<\/p>\n","protected":false},"excerpt":{"rendered":"\u00d8yvind Alapnes er ferdig i TIL, egentlig langt p\u00e5 overtid m\u00e5lt mot forgjengerne i direkt\u00f8rjobben p\u00e5 Alfheim. F\u00f8r&hellip;\n","protected":false},"author":2,"featured_media":81663,"comment_status":"","ping_status":"","sticky":false,"template":"","format":"standard","meta":{"footnotes":""},"categories":[59],"tags":[30,28,29,355,83,82],"class_list":{"0":"post-81662","1":"post","2":"type-post","3":"status-publish","4":"format-standard","5":"has-post-thumbnail","7":"category-sport","8":"tag-no","9":"tag-norge","10":"tag-norway","11":"tag-rune-robertsen","12":"tag-sport","13":"tag-sports"},"share_on_mastodon":{"url":"https:\/\/pubeurope.com\/@no\/115513302938291756","error":""},"_links":{"self":[{"href":"https:\/\/www.europesays.com\/no\/wp-json\/wp\/v2\/posts\/81662","targetHints":{"allow":["GET"]}}],"collection":[{"href":"https:\/\/www.europesays.com\/no\/wp-json\/wp\/v2\/posts"}],"about":[{"href":"https:\/\/www.europesays.com\/no\/wp-json\/wp\/v2\/types\/post"}],"author":[{"embeddable":true,"href":"https:\/\/www.europesays.com\/no\/wp-json\/wp\/v2\/users\/2"}],"replies":[{"embeddable":true,"href":"https:\/\/www.europesays.com\/no\/wp-json\/wp\/v2\/comments?post=81662"}],"version-history":[{"count":0,"href":"https:\/\/www.europesays.com\/no\/wp-json\/wp\/v2\/posts\/81662\/revisions"}],"wp:featuredmedia":[{"embeddable":true,"href":"https:\/\/www.europesays.com\/no\/wp-json\/wp\/v2\/media\/81663"}],"wp:attachment":[{"href":"https:\/\/www.europesays.com\/no\/wp-json\/wp\/v2\/media?parent=81662"}],"wp:term":[{"taxonomy":"category","embeddable":true,"href":"https:\/\/www.europesays.com\/no\/wp-json\/wp\/v2\/categories?post=81662"},{"taxonomy":"post_tag","embeddable":true,"href":"https:\/\/www.europesays.com\/no\/wp-json\/wp\/v2\/tags?post=81662"}],"curies":[{"name":"wp","href":"https:\/\/api.w.org\/{rel}","templated":true}]}}