{"id":81670,"date":"2025-11-08T09:19:36","date_gmt":"2025-11-08T09:19:36","guid":{"rendered":"https:\/\/www.europesays.com\/no\/81670\/"},"modified":"2025-11-08T09:19:36","modified_gmt":"2025-11-08T09:19:36","slug":"hvis-alt-blir-for-rotete-klarer-jeg-ikke-a-vaere-i-det","status":"publish","type":"post","link":"https:\/\/www.europesays.com\/no\/81670\/","title":{"rendered":"\u2013 Hvis alt blir for rotete, klarer jeg ikke \u00e5 v\u00e6re i det"},"content":{"rendered":"<p class=\"kicker \" style=\"\">Interi\u00f8r:<\/p>\n<p>  Da Ditte fikk ADHD-diagnosen,\u00a0skj\u00f8nte hun hvorfor hjemmet betydde s\u00e5 mye for henne.<\/p>\n<p>\n    Dittes interesse<br \/>\nfor interi\u00f8r<br \/>\nstammer helt tilbake fra da hun<br \/>\nstartet bloggen<br \/>\nditteblog og<br \/>\noppdaget at<br \/>\ninnhold om<br \/>\ninteri\u00f8r, farger<br \/>\nog m\u00f8bler slo<br \/>\nan hos leserne. FOTO: Mia Mortensen\n  <\/p>\n<p>    Her bor<\/p>\n<p>Ditte Gimm Larsen (35), som lager<br \/>\ninnhold p\u00e5 sosiale medier for<br \/>\nbedrifter, sammen med<br \/>\nektemannen Casper (34), barna<br \/>\nEbbe (6) og Uffe (4), samt katten<br \/>\nMisse.<br \/>\nHuset er fra 1958, er 168<br \/>\nkvadratmeter stort og ligger<br \/>\ni\u00a0S\u00f8nderborg i Danmark.<br \/>\nF\u00f8lg Ditte p\u00e5 Instagram p\u00e5<br \/>\n@dittegimm<\/p>\n<p>      Vis mer<br \/>\n      Vis mindre<\/p>\n<p>&#8211; Det var ren \u00abNybyggerne\u00bb-stemning hjemme hos oss f\u00f8r dere skulle komme p\u00e5 bes\u00f8k, sier Ditte Gimm.<\/p>\n<p>Hun sikter til det danske reality-tv-programmet der fire par konkurrerer om \u00e5 bygge dr\u00f8mmehuset og hvor det tidvis kan v\u00e6re ganske s\u00e5 kaotisk.<\/p>\n<p>          <img loading=\"lazy\" decoding=\"async\" src=\"https:\/\/www.europesays.com\/no\/wp-content\/uploads\/2025\/11\/83671413.webp\" width=\"686\" height=\"1029\" title=\"Kontraster skaper alltid&#10;blikkfang i interi\u00f8ret. Her&#10;har Ditte kombinert taktilt&#10;tre med klinisk st\u00e5l. Pendellampen er fra H\u00fcbsch,&#10;mens stolene ved bordet&#10;fra Tr\u00e6folk er fra FDB&#10;M\u00f8bler. For enden st\u00e5r&#10;klassikeren Y-stolen. FOTO: Mia Mortensen\" alt=\"\" class=\"\" style=\"--aspect-ratio-image: 0.67; \"\/><\/p>\n<p>\n          Kontraster skaper alltid<br \/>\nblikkfang i interi\u00f8ret. Her<br \/>\nhar Ditte kombinert taktilt<br \/>\ntre med klinisk st\u00e5l. Pendellampen er fra H\u00fcbsch,<br \/>\nmens stolene ved bordet<br \/>\nfra Tr\u00e6folk er fra FDB<br \/>\nM\u00f8bler. For enden st\u00e5r<br \/>\nklassikeren Y-stolen. FOTO: Mia Mortensen\n      <\/p>\n<p>          <img loading=\"lazy\" decoding=\"async\" src=\"https:\/\/www.europesays.com\/no\/wp-content\/uploads\/2025\/11\/83671402.webp\" width=\"686\" height=\"1029\" title=\"La plantene v\u00e6re med p\u00e5&#10;\u00e5 definere rommet. Her skaper&#10;gr\u00f8nne, levende elementer&#10;sammenheng mellom ute og inne&#10;\u2013 og gir samtidig ro for \u00f8yet. Den knallgr\u00f8nne stolen er fra Ikea. FOTO: Mia Mortensen\" alt=\"\" class=\"\" style=\"--aspect-ratio-image: 0.67; \"\/><\/p>\n<p>\n          La plantene v\u00e6re med p\u00e5<br \/>\n\u00e5 definere rommet. Her skaper<br \/>\ngr\u00f8nne, levende elementer<br \/>\nsammenheng mellom ute og inne<br \/>\n\u2013 og gir samtidig ro for \u00f8yet. Den knallgr\u00f8nne stolen er fra Ikea. FOTO: Mia Mortensen\n      <\/p>\n<p>          <img loading=\"lazy\" decoding=\"async\" src=\"https:\/\/www.europesays.com\/no\/wp-content\/uploads\/2025\/11\/83671401.webp\" width=\"686\" height=\"1029\" title=\"Skap et hyggelig lesehj\u00f8rne med en stol du sitter&#10;godt i, slik at du faktisk&#10;har lyst til \u00e5 oppholde deg&#10;der. Stolen er fra FDB&#10;M\u00f8bler, uro fra Flensted,&#10;plakater fra Desenio og&#10;puten fra Kelim Kiosken. FOTO: Mia Mortensen\" alt=\"\" class=\"\" style=\"--aspect-ratio-image: 0.67; \"\/><\/p>\n<p>\n          Skap et hyggelig lesehj\u00f8rne med en stol du sitter<br \/>\ngodt i, slik at du faktisk<br \/>\nhar lyst til \u00e5 oppholde deg<br \/>\nder. Stolen er fra FDB<br \/>\nM\u00f8bler, uro fra Flensted,<br \/>\nplakater fra Desenio og<br \/>\nputen fra Kelim Kiosken. FOTO: Mia Mortensen\n      <\/p>\n<p>    <a itemprop=\"url\" href=\"https:\/\/www.kk.no\/bolig\/interiortrenden-alle-snakker-om-na\/83517364\" rel=\"nofollow noopener\" target=\"_blank\"><\/p>\n<p>      <img loading=\"lazy\" decoding=\"async\" src=\"https:\/\/www.europesays.com\/no\/wp-content\/uploads\/2025\/11\/83517391.webp\" width=\"980\" height=\"441\" title=\"Interi\u00f8rtrenden alle snakker om n\u00e5\" alt=\"\" class=\"lazyload\" style=\"--aspect-ratio-image: 2.22; \"\/><\/p>\n<p>        Interi\u00f8rtrenden alle snakker om n\u00e5<\/p>\n<p>    <\/a><\/p>\n<p>Et par dager i forveien hadde hun v\u00e6rt i kjelleren for \u00e5 hente frem alle malingsspannene, slik at alt kunne fremst\u00e5 str\u00f8kent. Trepaneler og radiatorer fikk en skikkelig omgang i full fart, spikerhull ble sparklet og flekkmalt, og sm\u00e5 merker i veggene etter barnas lek ble forsiktig dekket til. <\/p>\n<p>Det ble ryddet opp, ryddet ut, ryddet bort. Mye havnet i kjelleren \u2013 ute av syne, ute av sinn. Midt i\u00a0malingslukt og ryddekaos begynte hjemmet s\u00e5 sm\u00e5tt \u00e5 ligne det hun \u00f8nsket at kameraet skulle forevige: et sted med orden, men samtidig med plass til \u00e5 leve. <\/p>\n<p>          <img loading=\"lazy\" decoding=\"async\" src=\"https:\/\/www.europesays.com\/no\/wp-content\/uploads\/2025\/11\/83671411.webp\" width=\"686\" height=\"1029\" title=\"Ikke v\u00e6r redd for fargerike&#10;taklamper \u2013 de skaper&#10;fokus og energi i rommet.&#10;Her binder den dypbl\u00e5&#10;lampen fra Frandsen og de&#10;mange gr\u00f8nne plantene&#10;fargeuniverset sammen&#10;med resten av hjemmet.&#10;Vitrineskap fra H\u00fcbsch. FOTO: Mia Mortensen\" alt=\"\" class=\"\" style=\"--aspect-ratio-image: 0.67; \"\/><\/p>\n<p>\n          Ikke v\u00e6r redd for fargerike<br \/>\ntaklamper \u2013 de skaper<br \/>\nfokus og energi i rommet.<br \/>\nHer binder den dypbl\u00e5<br \/>\nlampen fra Frandsen og de<br \/>\nmange gr\u00f8nne plantene<br \/>\nfargeuniverset sammen<br \/>\nmed resten av hjemmet.<br \/>\nVitrineskap fra H\u00fcbsch. FOTO: Mia Mortensen\n      <\/p>\n<p>          <img loading=\"lazy\" decoding=\"async\" src=\"https:\/\/www.europesays.com\/no\/wp-content\/uploads\/2025\/11\/83671415.webp\" width=\"686\" height=\"1029\" title=\"En vase og&#10;noen sk\u00e5ler&#10;danner et&#10;stilleben. FOTO: Mia Mortensen\" alt=\"\" class=\"\" style=\"--aspect-ratio-image: 0.67; \"\/><\/p>\n<p>\n          En vase og<br \/>\nnoen sk\u00e5ler<br \/>\ndanner et<br \/>\nstilleben. FOTO: Mia Mortensen\n      <\/p>\n<p>          <img loading=\"lazy\" decoding=\"async\" src=\"https:\/\/www.europesays.com\/no\/wp-content\/uploads\/2025\/11\/83671412.webp\" width=\"686\" height=\"1029\" title=\"Det enkle skapet med glassd\u00f8rer p\u00e5 kj\u00f8kkenet er malt i en&#10;kontrastfarge for&#10;\u00e5 skape et blikkfang. FOTO: Mia Mortensen\" alt=\"\" class=\"\" style=\"--aspect-ratio-image: 0.67; \"\/><\/p>\n<p>\n          Det enkle skapet med glassd\u00f8rer p\u00e5 kj\u00f8kkenet er malt i en<br \/>\nkontrastfarge for<br \/>\n\u00e5 skape et blikkfang. FOTO: Mia Mortensen\n      <\/p>\n<p>For er det noe som er viktig for Ditte, s\u00e5 er det at hjemmet skal kunne romme litt av hvert.<\/p>\n<p>\u2013 Det m\u00e5 v\u00e6re plass til b\u00e5de lek, kreativitet og ro \u2013 som jo p\u00e5 noen punkter er litt motstridende. Men hvis alt blir for kaotisk og rotete, klarer jeg ikke \u00e5 v\u00e6re i det, sier hun.<\/p>\n<p>For halvannet \u00e5r siden fikk Ditte en ADHD-diagnose. En erkjennelse som kastet nytt lys over gamle vaner og bekreftet noe hun lenge hadde hatt en f\u00f8lelse av: at omgivelsene har stor betydning for hvordan hun har det. <\/p>\n<p>          <img loading=\"lazy\" decoding=\"async\" src=\"https:\/\/www.europesays.com\/no\/wp-content\/uploads\/2025\/11\/83671410.webp\" width=\"686\" height=\"1029\" title=\"Det trenger ikke&#10;bare v\u00e6re lamper&#10;som henger fra&#10;taket. Ditte har&#10;skapt et morsomt&#10;blikkfang ved \u00e5&#10;henge opp frukten&#10;i en kurv hun fant&#10;brukt. Plakaten er&#10;fra Taish\u014d. FOTO: Mia Mortensen\" alt=\"\" class=\"\" style=\"--aspect-ratio-image: 0.67; \"\/><\/p>\n<p>\n          Det trenger ikke<br \/>\nbare v\u00e6re lamper<br \/>\nsom henger fra<br \/>\ntaket. Ditte har<br \/>\nskapt et morsomt<br \/>\nblikkfang ved \u00e5<br \/>\nhenge opp frukten<br \/>\ni en kurv hun fant<br \/>\nbrukt. Plakaten er<br \/>\nfra Taish\u014d. FOTO: Mia Mortensen\n      <\/p>\n<p>          <img loading=\"lazy\" decoding=\"async\" src=\"https:\/\/www.europesays.com\/no\/wp-content\/uploads\/2025\/11\/83671409.webp\" width=\"686\" height=\"1029\" title=\"Store, \u00e5pne kj\u00f8kkenallrom&#10;kaller p\u00e5 rolige farger. Dittes&#10;valg skaper b\u00e5de varme og&#10;struktur i det lyse, funksjonelle rommet. Kj\u00f8kkenet er&#10;spesiallaget og er fra Ciete.&#10;Krakken er fra Tr\u00e6folk og&#10;pendellampene fra Frandsen. Tips! Har du lamper eller p\u00e6rer&#10;som kan dimmes, kan&#10;lampene skifte funskjon fra&#10;arbeidslys til stemningslys. FOTO: Mia Mortensen\" alt=\"\" class=\"\" style=\"--aspect-ratio-image: 0.67; \"\/><\/p>\n<p>\n          Store, \u00e5pne kj\u00f8kkenallrom<br \/>\nkaller p\u00e5 rolige farger. Dittes<br \/>\nvalg skaper b\u00e5de varme og<br \/>\nstruktur i det lyse, funksjonelle rommet. Kj\u00f8kkenet er<br \/>\nspesiallaget og er fra Ciete.<br \/>\nKrakken er fra Tr\u00e6folk og<br \/>\npendellampene fra Frandsen. Tips! Har du lamper eller p\u00e6rer<br \/>\nsom kan dimmes, kan<br \/>\nlampene skifte funskjon fra<br \/>\narbeidslys til stemningslys. FOTO: Mia Mortensen\n      <\/p>\n<p>          <img loading=\"lazy\" decoding=\"async\" src=\"https:\/\/www.europesays.com\/no\/wp-content\/uploads\/2025\/11\/83671408.webp\" width=\"686\" height=\"1029\" title=\"I taket i stuen henger en&#10;Murano-taklampe. De&#10;lages p\u00e5 \u00f8ya Murano&#10;utenfor Venezia, en \u00f8y&#10;som er kjent for sin&#10;glassh\u00e5ndverkstradisjon. FOTO: Mia Mortensen\" alt=\"\" class=\"\" style=\"--aspect-ratio-image: 0.67; \"\/><\/p>\n<p>\n          I taket i stuen henger en<br \/>\nMurano-taklampe. De<br \/>\nlages p\u00e5 \u00f8ya Murano<br \/>\nutenfor Venezia, en \u00f8y<br \/>\nsom er kjent for sin<br \/>\nglassh\u00e5ndverkstradisjon. FOTO: Mia Mortensen\n      <\/p>\n<p>Diagnosen har ogs\u00e5 satt sitt preg p\u00e5 hjemmet. For selv om de gr\u00f8nne d\u00f8rene, bl\u00e5malte takene og finurlige, postkasser\u00f8de detaljene kan gi inntrykk av at det skjer mye, har det faktisk motsatt effekt p\u00e5 Ditte.<\/p>\n<p>\u2013 Det gir meg ro i hodet, fordi jeg synes alt henger s\u00e5 godt sammen. Og s\u00e5 gj\u00f8r farger meg rett og slett glad, forklarer hun.<\/p>\n<p>          <img loading=\"lazy\" decoding=\"async\" src=\"https:\/\/www.europesays.com\/no\/wp-content\/uploads\/2025\/11\/83671406.webp\" width=\"686\" height=\"1029\" title=\"P\u00e5 veggen over&#10;sofaen er det gitt plass til&#10;forskjellig, fargerik kunst.&#10;Den runde, gule lampen&#10;er fra Ikea og b\u00e6rer&#10;navnet \u00abVarmblixt\u00bb. FOTO: Mia Mortensen\" alt=\"\" class=\"\" style=\"--aspect-ratio-image: 0.67; \"\/><\/p>\n<p>\n          P\u00e5 veggen over<br \/>\nsofaen er det gitt plass til<br \/>\nforskjellig, fargerik kunst.<br \/>\nDen runde, gule lampen<br \/>\ner fra Ikea og b\u00e6rer<br \/>\nnavnet \u00abVarmblixt\u00bb. FOTO: Mia Mortensen\n      <\/p>\n<p>          <img loading=\"lazy\" decoding=\"async\" src=\"https:\/\/www.europesays.com\/no\/wp-content\/uploads\/2025\/11\/83671407.webp\" width=\"686\" height=\"1029\" title=\"Soverommet er Dittes fristed, hvor hun&#10;kan f\u00e5 ro i hodet n\u00e5r hverdagsst\u00f8yen blir&#10;for overveldende. Derfor er det innredet&#10;i mer dempede, rolige nyanser enn resten&#10;av hjemmet, som har mer fart i fargene.&#10;Skapet er en litt bearbeidet Ikea-variant&#10;malt i fargen \u00abTeddy\u00bb fra Color Stories,&#10;senget\u00f8y fra Midnatt og vegglampe fra&#10;Frandsen. Taket er malt i fargen \u00abAlmuebl\u00e5\u00bb fra Color Stories, krakken er vintage&#10;Ikea, og sengen er fra Karup Design. Tips! Et farget tak kan skape&#10;en helt spesiell stemning i&#10;et rom. Her gir den st\u00f8vete&#10;bl\u00e5 tonen en f\u00f8lelse av ro&#10;som er perfekt til&#10;soverommet. FOTO: Mia Mortensen\" alt=\"\" class=\"\" style=\"--aspect-ratio-image: 0.67; \"\/><\/p>\n<p>\n          Soverommet er Dittes fristed, hvor hun<br \/>\nkan f\u00e5 ro i hodet n\u00e5r hverdagsst\u00f8yen blir<br \/>\nfor overveldende. Derfor er det innredet<br \/>\ni mer dempede, rolige nyanser enn resten<br \/>\nav hjemmet, som har mer fart i fargene.<br \/>\nSkapet er en litt bearbeidet Ikea-variant<br \/>\nmalt i fargen \u00abTeddy\u00bb fra Color Stories,<br \/>\nsenget\u00f8y fra Midnatt og vegglampe fra<br \/>\nFrandsen. Taket er malt i fargen \u00abAlmuebl\u00e5\u00bb fra Color Stories, krakken er vintage<br \/>\nIkea, og sengen er fra Karup Design. Tips! Et farget tak kan skape<br \/>\nen helt spesiell stemning i<br \/>\net rom. Her gir den st\u00f8vete<br \/>\nbl\u00e5 tonen en f\u00f8lelse av ro<br \/>\nsom er perfekt til<br \/>\nsoverommet. FOTO: Mia Mortensen\n      <\/p>\n<p>    <a itemprop=\"url\" href=\"https:\/\/www.kk.no\/bolig\/ikke-gjor-denne-tabben-for-vinteren\/83603766\" rel=\"nofollow noopener\" target=\"_blank\"><\/p>\n<p>      <img loading=\"lazy\" decoding=\"async\" src=\"https:\/\/www.europesays.com\/no\/wp-content\/uploads\/2025\/11\/83603846.webp\" width=\"980\" height=\"441\" title=\"Ikke gj\u00f8r denne tabben f\u00f8r vinteren\" alt=\"\" class=\"lazyload\" style=\"--aspect-ratio-image: 2.22; \"\/><\/p>\n<p>        Ikke gj\u00f8r denne tabben f\u00f8r vinteren<\/p>\n<p>    <\/a><\/p>\n<p>Det er heller ikke bare farger som gir Dittes hjerne et skikkelig dopaminkick. Den samme f\u00f8lelsen f\u00e5r hun n\u00e5r hun drar p\u00e5 gjenbruksjakt, hvor hun ikke bare finner m\u00f8bler og sm\u00e5ting, men ogs\u00e5 en helt spesiell glede.<\/p>\n<p>\u2013 Det \u00e5 finne en ting man ikke vet n\u00e5r man ellers vil finne igjen \u2013 det gj\u00f8r noe med hjernen, sier hun.<\/p>\n<p>          <img loading=\"lazy\" decoding=\"async\" src=\"https:\/\/www.europesays.com\/no\/wp-content\/uploads\/2025\/11\/83671404.webp\" width=\"686\" height=\"1029\" title=\"Skap helhet ved \u00e5 la de markante fargene g\u00e5 igjen flere&#10;steder i hjemmet. Det binder&#10;alt sammen. Kontorstol fra&#10;Kevi, bordplate fra Thors\u00f8&#10;med Tiptoe-bordben. FOTO: Mia Mortensen\" alt=\"\" class=\"\" style=\"--aspect-ratio-image: 0.67; \"\/><\/p>\n<p>\n          Skap helhet ved \u00e5 la de markante fargene g\u00e5 igjen flere<br \/>\nsteder i hjemmet. Det binder<br \/>\nalt sammen. Kontorstol fra<br \/>\nKevi, bordplate fra Thors\u00f8<br \/>\nmed Tiptoe-bordben. FOTO: Mia Mortensen\n      <\/p>\n<p>          <img loading=\"lazy\" decoding=\"async\" src=\"https:\/\/www.europesays.com\/no\/wp-content\/uploads\/2025\/11\/83671405.webp\" width=\"686\" height=\"1029\" title=\"Den gr\u00f8nne radiatoren&#10;og de flettede kurvene&#10;fra NO78 fungerer som&#10;dekorative kontraster i det&#10;ellers dempede soverommet.&#10;Magasinholderen i rotting er&#10;en gammel Ikea-modell, det&#10;samme er pendellampen. FOTO: Mia Mortensen\" alt=\"\" class=\"\" style=\"--aspect-ratio-image: 0.67; \"\/><\/p>\n<p>\n          Den gr\u00f8nne radiatoren<br \/>\nog de flettede kurvene<br \/>\nfra NO78 fungerer som<br \/>\ndekorative kontraster i det<br \/>\nellers dempede soverommet.<br \/>\nMagasinholderen i rotting er<br \/>\nen gammel Ikea-modell, det<br \/>\nsamme er pendellampen. FOTO: Mia Mortensen\n      <\/p>\n<p>          <img loading=\"lazy\" decoding=\"async\" src=\"https:\/\/www.europesays.com\/no\/wp-content\/uploads\/2025\/11\/83671403.webp\" width=\"686\" height=\"1029\" title=\"P\u00e5 badet er det det knallbl\u00e5&#10;taket som er blikkfanget. FOTO: Mia Mortensen\" alt=\"\" class=\"\" style=\"--aspect-ratio-image: 0.67; \"\/><\/p>\n<p>\n          P\u00e5 badet er det det knallbl\u00e5<br \/>\ntaket som er blikkfanget. FOTO: Mia Mortensen\n      <\/p>\n<p>Men i et hjem hvor det ogs\u00e5 skal v\u00e6re plass til barn, ro og luft, stiller hun krav til seg selv: Keramikk, som hun har en spesiell svakhet for, kj\u00f8pes bare unntaksvis, og hvis noe nytt blir med hjem, m\u00e5 noe annet ut. Derfor er hjemmets palett holdt i de samme nyansene, slik at selv en knallbl\u00e5 stol kan gli naturlig inn \u2013 uten \u00e5 bryte helheten. Og hvis noe likevel blir for dominerende?<\/p>\n<p>\u2013 Da havner det i kjelleren, sier Ditte og ler.<\/p>\n<p>For det er her, i hennes lille skammekrok, at alle feilkj\u00f8p f\u00e5r lov til \u00e5 st\u00e5 til de blir solgt videre til den rette eieren. Ute av syne, ute av sinn \u2013 og plassen i hjemmet skal tross alt g\u00e5 til det som gir glede.<\/p>\n<p>F\u00e5 stilen<\/p>\n<p>          <img loading=\"lazy\" decoding=\"async\" src=\"https:\/\/www.europesays.com\/no\/wp-content\/uploads\/2025\/11\/83671494.webp\" width=\"579\" height=\"713\" title=\"Taklampe i&#10;metall (kr 400,&#10;H&amp;M Home).\" alt=\"\" class=\"\" style=\"--aspect-ratio-image: 0.81; \"\/><\/p>\n<p>\n          Taklampe i<br \/>\nmetall (kr 400,<br \/>\nH&amp;M Home).\n      <\/p>\n<p>          <img loading=\"lazy\" decoding=\"async\" src=\"https:\/\/www.europesays.com\/no\/wp-content\/uploads\/2025\/11\/83671499.webp\" width=\"579\" height=\"701\" title=\"\u00abEllinita\u00bb spisestol&#10;(kr 2300 for 2 stk.,&#10;Ellos Home).\" alt=\"\" class=\"\" style=\"--aspect-ratio-image: 0.83; \"\/><\/p>\n<p>\n          \u00abEllinita\u00bb spisestol<br \/>\n(kr 2300 for 2 stk.,<br \/>\nEllos Home).\n      <\/p>\n<p>          <img loading=\"lazy\" decoding=\"async\" src=\"https:\/\/www.europesays.com\/no\/wp-content\/uploads\/2025\/11\/83671498.webp\" width=\"579\" height=\"464\" title=\"Gul vase&#10;(kr 1350, Kare&#10;Design).\" alt=\"\" class=\"\" style=\"--aspect-ratio-image: 1.25; \"\/><\/p>\n<p>\n          Gul vase<br \/>\n(kr 1350, Kare<br \/>\nDesign).\n      <\/p>\n<p>          <img loading=\"lazy\" decoding=\"async\" src=\"https:\/\/www.europesays.com\/no\/wp-content\/uploads\/2025\/11\/83671495.webp\" width=\"686\" height=\"913\" title=\"Plakat av abstrakte blomster&#10;(kr 195, Desenio).\" alt=\"\" class=\"\" style=\"--aspect-ratio-image: 0.75; \"\/><\/p>\n<p>\n          Plakat av abstrakte blomster<br \/>\n(kr 195, Desenio).\n      <\/p>\n<p>          <img loading=\"lazy\" decoding=\"async\" src=\"https:\/\/www.europesays.com\/no\/wp-content\/uploads\/2025\/11\/83671500.webp\" width=\"579\" height=\"493\" title=\"Vintage krakk&#10;fra Ikea (kr 600,&#10;Haandplukkede)\" alt=\"\" class=\"\" style=\"--aspect-ratio-image: 1.17; \"\/><\/p>\n<p>\n          Vintage krakk<br \/>\nfra Ikea (kr 600,<br \/>\nHaandplukkede)\n      <\/p>\n<p>          <img loading=\"lazy\" decoding=\"async\" src=\"https:\/\/www.europesays.com\/no\/wp-content\/uploads\/2025\/11\/83671493.webp\" width=\"686\" height=\"686\" title=\"\u00abJanya\u00bb&#10;bordlampe&#10;(kr 1900,&#10;Bloomingville).\" alt=\"\" class=\"\" style=\"--aspect-ratio-image: 1.00; \"\/><\/p>\n<p>\n          \u00abJanya\u00bb<br \/>\nbordlampe<br \/>\n(kr 1900,<br \/>\nBloomingville).\n      <\/p>\n<p>          <img loading=\"lazy\" decoding=\"async\" src=\"https:\/\/www.europesays.com\/no\/wp-content\/uploads\/2025\/11\/83671502.webp\" width=\"579\" height=\"331\" title=\"\u00abSave\u00bb skjenk&#10;(kr 24 320,&#10;Montana).\" alt=\"\" class=\"\" style=\"--aspect-ratio-image: 1.75; \"\/><\/p>\n<p>\n          \u00abSave\u00bb skjenk<br \/>\n(kr 24 320,<br \/>\nMontana).\n      <\/p>\n<p>          <img loading=\"lazy\" decoding=\"async\" src=\"https:\/\/www.europesays.com\/no\/wp-content\/uploads\/2025\/11\/83671501.webp\" width=\"579\" height=\"273\" title=\"\u00abIta OS2\u00bb spisebord&#10;(kr 28 595, &amp;Tradition).\" alt=\"\" class=\"\" style=\"--aspect-ratio-image: 2.12; \"\/><\/p>\n<p>\n          \u00abIta OS2\u00bb spisebord<br \/>\n(kr 28 595, &amp;Tradition).\n      <\/p>\n<p>          <img loading=\"lazy\" decoding=\"async\" src=\"https:\/\/www.europesays.com\/no\/wp-content\/uploads\/2025\/11\/83671497.webp\" width=\"579\" height=\"452\" title=\"Bl\u00e5tt, floralt&#10;putevar, 60\u00d760&#10;cm (kr 1000,&#10;ByTiMo).\" alt=\"\" class=\"\" style=\"--aspect-ratio-image: 1.28; \"\/><\/p>\n<p>\n          Bl\u00e5tt, floralt<br \/>\nputevar, 60\u00d760<br \/>\ncm (kr 1000,<br \/>\nByTiMo).\n      <\/p>\n<p>          <img loading=\"lazy\" decoding=\"async\" src=\"https:\/\/www.europesays.com\/no\/wp-content\/uploads\/2025\/11\/83671496.webp\" width=\"686\" height=\"686\" title=\"\u00abDyvlinge\u00bb&#10;svingstol&#10;(kr 2495,&#10;Ikea).\" alt=\"\" class=\"\" style=\"--aspect-ratio-image: 1.00; \"\/><\/p>\n<p>\n          \u00abDyvlinge\u00bb<br \/>\nsvingstol<br \/>\n(kr 2495,<br \/>\nIkea).\n      <\/p>\n<p class=\"italic m-italic\" data-lab-italic=\"italic\">Av: Mathilde Walberg Hofseth<\/p>\n","protected":false},"excerpt":{"rendered":"Interi\u00f8r: Da Ditte fikk ADHD-diagnosen,\u00a0skj\u00f8nte hun hvorfor hjemmet betydde s\u00e5 mye for henne. Dittes interesse for interi\u00f8r stammer&hellip;\n","protected":false},"author":2,"featured_media":81671,"comment_status":"","ping_status":"","sticky":false,"template":"","format":"standard","meta":{"footnotes":""},"categories":[57],"tags":[237,4698,4699,4700,30,28,29,65,63,64,66,70,69,67,68],"class_list":{"0":"post-81670","1":"post","2":"type-post","3":"status-publish","4":"format-standard","5":"has-post-thumbnail","7":"category-vitenskap-og-teknologi","8":"tag-bolig","9":"tag-dekor","10":"tag-innredning","11":"tag-interior","12":"tag-no","13":"tag-norge","14":"tag-norway","15":"tag-science","16":"tag-science-and-technology","17":"tag-scienceandtechnology","18":"tag-technology","19":"tag-teknologi","20":"tag-vitenskap","21":"tag-vitenskap-og-teknologi","22":"tag-vitenskapteknologi"},"share_on_mastodon":{"url":"https:\/\/pubeurope.com\/@no\/115513338734424360","error":""},"_links":{"self":[{"href":"https:\/\/www.europesays.com\/no\/wp-json\/wp\/v2\/posts\/81670","targetHints":{"allow":["GET"]}}],"collection":[{"href":"https:\/\/www.europesays.com\/no\/wp-json\/wp\/v2\/posts"}],"about":[{"href":"https:\/\/www.europesays.com\/no\/wp-json\/wp\/v2\/types\/post"}],"author":[{"embeddable":true,"href":"https:\/\/www.europesays.com\/no\/wp-json\/wp\/v2\/users\/2"}],"replies":[{"embeddable":true,"href":"https:\/\/www.europesays.com\/no\/wp-json\/wp\/v2\/comments?post=81670"}],"version-history":[{"count":0,"href":"https:\/\/www.europesays.com\/no\/wp-json\/wp\/v2\/posts\/81670\/revisions"}],"wp:featuredmedia":[{"embeddable":true,"href":"https:\/\/www.europesays.com\/no\/wp-json\/wp\/v2\/media\/81671"}],"wp:attachment":[{"href":"https:\/\/www.europesays.com\/no\/wp-json\/wp\/v2\/media?parent=81670"}],"wp:term":[{"taxonomy":"category","embeddable":true,"href":"https:\/\/www.europesays.com\/no\/wp-json\/wp\/v2\/categories?post=81670"},{"taxonomy":"post_tag","embeddable":true,"href":"https:\/\/www.europesays.com\/no\/wp-json\/wp\/v2\/tags?post=81670"}],"curies":[{"name":"wp","href":"https:\/\/api.w.org\/{rel}","templated":true}]}}