{"id":81686,"date":"2025-11-08T09:33:11","date_gmt":"2025-11-08T09:33:11","guid":{"rendered":"https:\/\/www.europesays.com\/no\/81686\/"},"modified":"2025-11-08T09:33:11","modified_gmt":"2025-11-08T09:33:11","slug":"michael-teaser-gir-et-glimt-av-storhet","status":"publish","type":"post","link":"https:\/\/www.europesays.com\/no\/81686\/","title":{"rendered":"Michael-teaser gir et glimt av storhet &#8211;"},"content":{"rendered":"<p>Ventetiden er endelig over, og etter mye stillhet og hemmelighold f\u00e5r vi n\u00e5 en liten teaser fra den kommende &laquo;Michael&raquo;. Den storsl\u00e5tte biografien om den ikoniske popstjernen Michael Jackson og hans turbulente liv, fullt av moonwalks og musikalske triumfer. Regiss\u00f8r Antoine Fuqua lover en visuelt overd\u00e5dig fortelling som vil g\u00e5 i popstjernens fotspor &#8211; fra tidlig barndom til superstjerne &#8211; med ingen ringere enn Jaafar Jackson i hovedrollen. Likheten er forbl\u00f8ffende, og slektningen til Jackson-familien ser ut til \u00e5 ha klart \u00e5 fange Michaels utseende, stemme og bevegelser perfekt.<\/p>\n<p>Hvorvidt filmen ogs\u00e5 vil ta for seg alle kontroversene fra den senere delen av karrieren, samt de m\u00f8rkere sidene ved barndommen hans, er noe teaseren ikke avsl\u00f8rer. Premieredatoen er satt til 24. april neste \u00e5r, og vi krysser fingrene for at denne blir helt fantastisk. Sjekk ut teaseren nedenfor.<\/p>\n<p>Gleder du deg til Michael?<\/p>\n<p>\t\t\t\t\t\t<img loading=\"lazy\" decoding=\"async\" id=\"img-1908553-4723013\" data-fullsize=\"\/media\/30\/_4723013b.jpg\" data-lazy=\"\" src=\"https:\/\/www.gamereactor.nohttps:\/\/www.gamereactor.no\/media\/30\/_4723013_650x.jpg\" width=\"650\" onclick=\"if (!window.__cfRLUnblockHandlers) return false; gallery_openmodal('1908553','4723013',false,'f487c050e3c1f3c31f85b9f818ccc0c2');\" height=\"376\" alt=\"Michael-teaser gir et glimt av storhet\" class=\"rwd_col_content lazy\" data-cf-modified-7726b08f799da55314b92d90-=\"\"\/><\/p>\n","protected":false},"excerpt":{"rendered":"Ventetiden er endelig over, og etter mye stillhet og hemmelighold f\u00e5r vi n\u00e5 en liten teaser fra den&hellip;\n","protected":false},"author":2,"featured_media":81687,"comment_status":"","ping_status":"","sticky":false,"template":"","format":"standard","meta":{"footnotes":""},"categories":[57],"tags":[30,28,29,65,63,64,66,70,69,67,68],"class_list":{"0":"post-81686","1":"post","2":"type-post","3":"status-publish","4":"format-standard","5":"has-post-thumbnail","7":"category-vitenskap-og-teknologi","8":"tag-no","9":"tag-norge","10":"tag-norway","11":"tag-science","12":"tag-science-and-technology","13":"tag-scienceandtechnology","14":"tag-technology","15":"tag-teknologi","16":"tag-vitenskap","17":"tag-vitenskap-og-teknologi","18":"tag-vitenskapteknologi"},"share_on_mastodon":{"url":"https:\/\/pubeurope.com\/@no\/115513393424312416","error":""},"_links":{"self":[{"href":"https:\/\/www.europesays.com\/no\/wp-json\/wp\/v2\/posts\/81686","targetHints":{"allow":["GET"]}}],"collection":[{"href":"https:\/\/www.europesays.com\/no\/wp-json\/wp\/v2\/posts"}],"about":[{"href":"https:\/\/www.europesays.com\/no\/wp-json\/wp\/v2\/types\/post"}],"author":[{"embeddable":true,"href":"https:\/\/www.europesays.com\/no\/wp-json\/wp\/v2\/users\/2"}],"replies":[{"embeddable":true,"href":"https:\/\/www.europesays.com\/no\/wp-json\/wp\/v2\/comments?post=81686"}],"version-history":[{"count":0,"href":"https:\/\/www.europesays.com\/no\/wp-json\/wp\/v2\/posts\/81686\/revisions"}],"wp:featuredmedia":[{"embeddable":true,"href":"https:\/\/www.europesays.com\/no\/wp-json\/wp\/v2\/media\/81687"}],"wp:attachment":[{"href":"https:\/\/www.europesays.com\/no\/wp-json\/wp\/v2\/media?parent=81686"}],"wp:term":[{"taxonomy":"category","embeddable":true,"href":"https:\/\/www.europesays.com\/no\/wp-json\/wp\/v2\/categories?post=81686"},{"taxonomy":"post_tag","embeddable":true,"href":"https:\/\/www.europesays.com\/no\/wp-json\/wp\/v2\/tags?post=81686"}],"curies":[{"name":"wp","href":"https:\/\/api.w.org\/{rel}","templated":true}]}}