{"id":81708,"date":"2025-11-08T10:13:09","date_gmt":"2025-11-08T10:13:09","guid":{"rendered":"https:\/\/www.europesays.com\/no\/81708\/"},"modified":"2025-11-08T10:13:09","modified_gmt":"2025-11-08T10:13:09","slug":"hevdet-hun-var-madeleine-mccann-na-er-hun-domt","status":"publish","type":"post","link":"https:\/\/www.europesays.com\/no\/81708\/","title":{"rendered":"Hevdet hun var Madeleine McCann \u2013 n\u00e5 er hun d\u00f8mt"},"content":{"rendered":"\n<p class=\"_lead_o9xde_2 _lead_xtcu6_50 layout-component text-serif-m layout-normal text-serif-l layout-component layout-wide layout-padded _wide_17hqh_1 layout-padded\">Foreldrene til Madeleine fikk over 60 meldinger p\u00e5 \u00e9n dag.<\/p>\n<p><img alt=\" Foto: Elizabeth Cook \/ Pa Photos \/ NTB\" class=\"_image_qp4xg_65 layout-component layout-wide\" data-fullscreen- data-track-element-type=\"Article image fullscreen\" data-track-name=\"ImageFullscreen\" fetchpriority=\"high\" decoding=\"sync\" loading=\"eager\" height=\"1611\" itemprop=\"image\"  src=\"https:\/\/www.europesays.com\/no\/wp-content\/uploads\/2025\/11\/dd641449-2ac9-4c70-9e40-66d2e30627b2\"  style=\"object-position:0% 0%\" width=\"2864\"\/> Foto: Elizabeth Cook \/ Pa Photos \/ NTB<\/p>\n<ul aria-hidden=\"true\" class=\"_images_18f0k_111\">\n<li><a class=\"_link_18f0k_116\" href=\"https:\/\/www.vg.no\/forfatter\/mathilde-nordskog-sigurdsen\" style=\"z-index:2\" title=\"Mathilde Nordskog Sigurdsen\" rel=\"nofollow noopener\" target=\"_blank\"><img alt=\"Bilde av Mathilde Nordskog Sigurdsen\" class=\"_image_18f0k_93\" fetchpriority=\"low\" loading=\"lazy\" decoding=\"async\" itemprop=\"image\"  src=\"https:\/\/www.europesays.com\/no\/wp-content\/uploads\/2025\/11\/1762596788_231_89b99694-aca3-47bb-b73d-a89f79e701be\"  width=\"480\"\/><\/a><\/li>\n<li><a class=\"_link_18f0k_116\" href=\"https:\/\/www.vg.no\/forfatter\/nora-holm-aftret\" style=\"z-index:1\" title=\"Nora Holm Aftret\" rel=\"nofollow noopener\" target=\"_blank\"><img alt=\"Bilde av Nora Holm Aftret\" class=\"_image_18f0k_93\" fetchpriority=\"low\" loading=\"lazy\" decoding=\"async\" itemprop=\"image\"  src=\"https:\/\/www.europesays.com\/no\/wp-content\/uploads\/2025\/11\/1762596788_262_f305139e-f923-41c4-8052-e05527fc0152\"  width=\"480\"\/><\/a><\/li>\n<\/ul>\n<p> Oppdatert l\u00f8rdag 8. november kl. 10:47     <\/p>\n<p class=\"_paragraph_o9xde_4 _paragraph_xtcu6_10 layout-component text-serif-m layout-normal text-serif-m layout-padded\">Polske Julia Wandelt ble frikjent for anklagene om forf\u00f8lgelse, men d\u00f8mt for \u00e5 ha trakassert Kate og Gerry McCann, melder<a href=\"https:\/\/www.bbc.com\/news\/live\/ce8zr17g17yt\" class=\"_link_o9xde_39\" rel=\"nofollow noopener\" target=\"_blank\"> BBC<\/a>.<\/p>\n<p class=\"_paragraph_o9xde_4 _paragraph_xtcu6_10 layout-component text-serif-m layout-normal text-serif-m layout-padded\">Den 24 \u00e5r gamle kvinnen hevdet gjentatte ganger at hun var den britiske jenta <a href=\"https:\/\/www.vg.no\/tag\/madeleine-mccann?utm_source=vg-article&amp;utm_medium=auto-tagger&amp;utm_campaign=5EmRkK\" class=\"_link_o9xde_39\" rel=\"nofollow noopener\" target=\"_blank\">Madeleine McCann<\/a>, som forsvant <a href=\"https:\/\/www.vg.no\/nyheter\/i\/93wedE\/dette-er-madeleine-mccann-saken\" data-track-element-type=\"Link\" data-track-id=\"link:93wedE\" class=\"_link_o9xde_39\" rel=\"nofollow noopener\" target=\"_blank\">mens hun var p\u00e5 ferie med familien sin i Portugal i 2007.<\/a><\/p>\n<p><img alt=\"Madeleine var tre \u00e5r da hun forsvant fra en ferieleilighet i Portugal, 3. mai 2007.  Foto: HANDOUT \/ AFP \/ NTB\" class=\"_image_qp4xg_65 layout-component layout-normal\" data-fullscreen- data-track-element-type=\"Article image fullscreen\" data-track-name=\"ImageFullscreen\" decoding=\"async\" loading=\"lazy\" height=\"1015\" itemprop=\"image\"  src=\"https:\/\/www.europesays.com\/no\/wp-content\/uploads\/2025\/11\/3a960ed1-a585-4792-8af0-9caac1528cc9\"  style=\"object-position:0% 0%\" width=\"1015\"\/>Madeleine var tre \u00e5r da hun forsvant fra en ferieleilighet i Portugal, 3. mai 2007.  Foto: HANDOUT \/ AFP \/ NTB<\/p>\n<p class=\"_paragraph_o9xde_4 _paragraph_xtcu6_10 layout-component text-serif-m layout-normal text-serif-m layout-padded\">3. mai 2007 spiste foreldrene middag med venner i n\u00e6rheten, mens Madeleine sov alene i ferieleiligheten.<\/p>\n<p class=\"_paragraph_o9xde_4 _paragraph_xtcu6_10 layout-component text-serif-m layout-normal text-serif-m layout-padded\">Siden den kvelden har den britiske jenta v\u00e6rt forsvunnet. <\/p>\n<p class=\"_paragraph_o9xde_4 _paragraph_xtcu6_10 layout-component text-serif-m layout-normal text-serif-m layout-padded\">Saken har f\u00e5tt massiv oppmerksomhet i mediene, og nye etterforskninger, samt s\u00f8k er blitt iverksatt, <a href=\"https:\/\/www.vg.no\/nyheter\/i\/1M4xqB\/politiet-er-i-gang-med-nye-soek-i-madeleine-mccann-saken\" data-track-element-type=\"Link\" data-track-id=\"link:1M4xqB\" class=\"_link_o9xde_39\" rel=\"nofollow noopener\" target=\"_blank\">senest i juni i \u00e5r<\/a>. <\/p>\n<p> Sa hun var Madeleine p\u00e5 TV<\/p>\n<p class=\"_paragraph_o9xde_4 _paragraph_xtcu6_10 layout-component text-serif-m layout-normal text-serif-m layout-padded\">24-\u00e5ringen ble f\u00f8dt tre \u00e5r etter at Madeleine forsvant, men trodde hun hadde blitt kidnappet som barn og oppdratt av et par som ikke var hennes ekte foreldre, skriver<a href=\"https:\/\/news.sky.com\/story\/woman-who-claimed-to-be-madeleine-mccann-found-guilty-of-harassing-missing-toddlers-parents-13464212\" class=\"_link_o9xde_39\" rel=\"nofollow noopener\" target=\"_blank\"> Sky News<\/a>.<\/p>\n<p class=\"_paragraph_o9xde_4 _paragraph_xtcu6_10 layout-component text-serif-m layout-normal text-serif-m layout-padded\">Hun reiste til Los Angeles og sa p\u00e5 amerikansk TV:<\/p>\n<p class=\"_paragraph_o9xde_4 _paragraph_xtcu6_10 layout-component text-serif-m layout-normal text-serif-m layout-padded\">\u2013 Jeg tror jeg er Madeleine McCann.<\/p>\n<p><img alt=\"Tegning av Julia Wandelt (til venstre) og st\u00f8ttespiller Karen Spragg i retten i Leicester Crown Court.  Foto: Elizabeth Cook \/ Pa Photos \/ NTB\" class=\"_image_qp4xg_65 layout-component layout-normal\" data-fullscreen- data-track-element-type=\"Article image fullscreen\" data-track-name=\"ImageFullscreen\" decoding=\"async\" loading=\"lazy\" height=\"3024\" itemprop=\"image\"  src=\"https:\/\/www.europesays.com\/no\/wp-content\/uploads\/2025\/11\/cece779e-7115-497e-a63d-4aef2aac022c\"  style=\"object-position:0% 0%\" width=\"4032\"\/>Tegning av Julia Wandelt (til venstre) og st\u00f8ttespiller Karen Spragg i retten i Leicester Crown Court.  Foto: Elizabeth Cook \/ Pa Photos \/ NTB<\/p>\n<p class=\"_paragraph_o9xde_4 _paragraph_xtcu6_10 layout-component text-serif-m layout-normal text-serif-m layout-padded\">Wandelt hevdet \u00e5 ha en flekk i irisen irisen Iris er den fargede delen av \u00f8yet som ligger rundt pupillen.<br \/>\np\u00e5 h\u00f8yre \u00f8ye, slik som Madeleine. <\/p>\n<p class=\"_paragraph_o9xde_4 _paragraph_xtcu6_10 layout-component text-serif-m layout-normal text-serif-m layout-padded\">I l\u00f8pet av tre \u00e5r fikk hun en halv million f\u00f8lgere p\u00e5 Instagram-kontoen \u00abiammadeleinemccan\u00bb.<\/p>\n<p class=\"_paragraph_o9xde_4 _paragraph_xtcu6_10 layout-component text-serif-m layout-normal text-serif-m layout-padded\">Da Wandelt ble arrestert tidligere i \u00e5r, beviste en DNA-test at hun ikke var Madeleine, opplyser BBC.<\/p>\n<p class=\"_paragraph_o9xde_4 _paragraph_xtcu6_10 layout-component text-serif-m layout-normal text-serif-m layout-padded\">Under rettssaken br\u00f8t hun sammen i gr\u00e5t da advokater fortalte henne at det ikke fantes \u00abvitenskapelige bevis\u00bb som knyttet henne til McCann-familien.<\/p>\n<p> Sendte uhyggelige brev<\/p>\n<p class=\"_paragraph_o9xde_4 _paragraph_xtcu6_10 layout-component text-serif-m layout-normal text-serif-m layout-padded\">Wandelt skal ha m\u00f8tt opp hjemme hos familien McCann.<\/p>\n<p class=\"_paragraph_o9xde_4 _paragraph_xtcu6_10 layout-component text-serif-m layout-normal text-serif-m layout-padded\">Hun sendte uhyggelige brev og meldinger der hun gjentatte ganger ba om en DNA-test.<\/p>\n<p class=\"_paragraph_o9xde_4 _paragraph_xtcu6_10 layout-component text-serif-m layout-normal text-serif-m layout-padded\">I l\u00f8pet av en dag i fjor ringte hun og sendte meldinger til Kate McCann mer enn 60 ganger.<\/p>\n<p><img alt=\"STOR OPPMERKSOMHET: Savnet-saken der 3 \u00e5r gamle Madeleine McCann forsvant fra familiens ferieleilighet, har f\u00e5tt massiv oppmerksomhet.  Foto: MELANIE MAPS \/ AFP \/ NTB\" class=\"_image_qp4xg_65 layout-component layout-normal\" data-fullscreen- data-track-element-type=\"Article image fullscreen\" data-track-name=\"ImageFullscreen\" decoding=\"async\" loading=\"lazy\" height=\"1763\" itemprop=\"image\"  src=\"https:\/\/www.europesays.com\/no\/wp-content\/uploads\/2025\/11\/08015ecf-4c64-4287-b89e-fa5baac8b067\"  style=\"object-position:0% 0%\" width=\"2500\"\/>STOR OPPMERKSOMHET: Savnet-saken der 3 \u00e5r gamle Madeleine McCann forsvant fra familiens ferieleilighet, har f\u00e5tt massiv oppmerksomhet.  Foto: MELANIE MAPS \/ AFP \/ NTB \u2013 Ikke forn\u00f8yde<\/p>\n<p class=\"_paragraph_o9xde_4 _paragraph_xtcu6_10 layout-component text-serif-m layout-normal text-serif-m layout-padded\">\u2013 Vi er ikke forn\u00f8yde med resultatet, har Kate og Gerry McCann uttalt, skriver <a href=\"https:\/\/www.bbc.com\/news\/articles\/c9q15qdqq4po\" class=\"_link_o9xde_39\" rel=\"nofollow noopener\" target=\"_blank\">BBC<\/a>.<\/p>\n<p class=\"_paragraph_o9xde_4 _paragraph_xtcu6_10 layout-component text-serif-m layout-normal text-serif-m layout-padded\">Etter at dommen var klar sa de: <\/p>\n<p class=\"_paragraph_o9xde_4 _paragraph_xtcu6_10 layout-component text-serif-m layout-normal text-serif-m layout-padded\">\u2013 Som de fleste andre \u00f8nsket vi ikke g\u00e5 gjennom en rettssak, men bare at trakasseringen skulle opph\u00f8reopph\u00f8reBetyr: \u00e5 ta slutt. <\/p>\n<p class=\"_paragraph_o9xde_4 _paragraph_xtcu6_10 layout-component text-serif-m layout-normal text-serif-m layout-padded\">Foreldrene og de to andre barna deres vitnet i den fem uker lange rettssaken som fant sted i Leicester Crown Court. Der beskrev de hvor oppr\u00f8rt Wandelt hadde gjort dem, opplyser <a href=\"https:\/\/news.sky.com\/story\/woman-who-claimed-to-be-madeleine-mccann-found-guilty-of-harassing-missing-toddlers-parents-13464212\" class=\"_link_o9xde_39\" rel=\"nofollow noopener\" target=\"_blank\">Sky News<\/a>.<\/p>\n<p class=\"_paragraph_o9xde_4 _paragraph_xtcu6_10 layout-component text-serif-m layout-normal text-serif-m layout-padded\">\u2013 Vi h\u00e5per Ms. Wandelt f\u00e5r den n\u00f8dvendige omsorgen og st\u00f8tten hun trenger, og at ingen s\u00e5rbarhet vil bli utnyttet av andre, sa ekteparet etter rettssaken. <\/p>\n<p><img alt=\"Madeleines foreldre, Kate og Gerry McCann.  Foto: JOE GIDDENS \/ AFP \/ NTB\" class=\"_image_qp4xg_65 layout-component layout-normal\" data-fullscreen- data-track-element-type=\"Article image fullscreen\" data-track-name=\"ImageFullscreen\" decoding=\"async\" loading=\"lazy\" height=\"2731\" itemprop=\"image\"  src=\"https:\/\/www.europesays.com\/no\/wp-content\/uploads\/2025\/11\/5c603c88-d1a8-4c6c-af8f-2ea6eca29add\"  style=\"object-position:0% 0%\" width=\"4096\"\/>Madeleines foreldre, Kate og Gerry McCann.  Foto: JOE GIDDENS \/ AFP \/ NTB Fikk bes\u00f8ksforbud<\/p>\n<p class=\"_paragraph_o9xde_4 _paragraph_xtcu6_10 layout-component text-serif-m layout-normal text-serif-m layout-padded\">Den polske 24-\u00e5ringen ble d\u00f8mt til seks m\u00e5neders fengsel. Ettersom hun har v\u00e6rt i varetekt siden februar, har hun allerede sonet straffen, skriver BBC. <\/p>\n<p class=\"_paragraph_o9xde_4 _paragraph_xtcu6_10 layout-component text-serif-m layout-normal text-serif-m layout-padded\">I tillegg til fengselsstraffen, har aktor bedt om at Wandelt blir ilagt bes\u00f8ksforbud i Leicestershire i England, omr\u00e5det der McCann-familien bor.<\/p>\n<p><img alt=\"FIKK OGS\u00c5 BES\u00d8KSFORBUD: Karen Spragg (61), Wandelts st\u00f8ttespiller.   Foto: Jacob King \/ Pa Photos \/ NTB\" class=\"_image_qp4xg_65 layout-component layout-normal\" data-fullscreen- data-track-element-type=\"Article image fullscreen\" data-track-name=\"ImageFullscreen\" decoding=\"async\" loading=\"lazy\" height=\"3501\" itemprop=\"image\"  src=\"https:\/\/www.europesays.com\/no\/wp-content\/uploads\/2025\/11\/6484e138-55b5-475d-88cb-a0c768081a77\"  style=\"object-position:0% 0%\" width=\"2184\"\/>FIKK OGS\u00c5 BES\u00d8KSFORBUD: Karen Spragg (61), Wandelts st\u00f8ttespiller.   Foto: Jacob King \/ Pa Photos \/ NTB<\/p>\n<p class=\"_paragraph_o9xde_4 _paragraph_xtcu6_10 layout-component text-serif-m layout-normal text-serif-m layout-padded\">Ogs\u00e5 Wandelts st\u00f8ttespiller, Karen Spragg (61) var tiltalt for forf\u00f8lgelse og trakassering. Hun ble imidlertid frikjent, men ble ilagt bes\u00f8ksforbud for en periode p\u00e5 fem \u00e5r, skriver <a href=\"https:\/\/news.sky.com\/story\/woman-who-claimed-to-be-madeleine-mccann-found-guilty-of-harassing-missing-toddlers-parents-13464212\" class=\"_link_o9xde_39\" rel=\"nofollow noopener\" target=\"_blank\">Sky News<\/a>. <\/p>\n","protected":false},"excerpt":{"rendered":"Foreldrene til Madeleine fikk over 60 meldinger p\u00e5 \u00e9n dag. Foto: Elizabeth Cook \/ Pa Photos \/ NTB&hellip;\n","protected":false},"author":2,"featured_media":81709,"comment_status":"","ping_status":"","sticky":false,"template":"","format":"standard","meta":{"footnotes":""},"categories":[12],"tags":[5653,20,21,24,25,15,22,23,4976,13,30,28,29,14,16,4187,26,27,1901,42,43,44,45],"class_list":{"0":"post-81708","1":"post","2":"type-post","3":"status-publish","4":"format-standard","5":"has-post-thumbnail","7":"category-verden","8":"tag-besoksforbud","9":"tag-breaking-news","10":"tag-breakingnews","11":"tag-featured-news","12":"tag-featurednews","13":"tag-headlines","14":"tag-latest-news","15":"tag-latestnews","16":"tag-madeleine-mccann","17":"tag-news","18":"tag-no","19":"tag-norge","20":"tag-norway","21":"tag-nyheter","22":"tag-overskrifter","23":"tag-rettssak","24":"tag-top-stories","25":"tag-topstories","26":"tag-trakassering","27":"tag-verden","28":"tag-world","29":"tag-world-news","30":"tag-worldnews"},"share_on_mastodon":{"url":"https:\/\/pubeurope.com\/@no\/115513551004847868","error":""},"_links":{"self":[{"href":"https:\/\/www.europesays.com\/no\/wp-json\/wp\/v2\/posts\/81708","targetHints":{"allow":["GET"]}}],"collection":[{"href":"https:\/\/www.europesays.com\/no\/wp-json\/wp\/v2\/posts"}],"about":[{"href":"https:\/\/www.europesays.com\/no\/wp-json\/wp\/v2\/types\/post"}],"author":[{"embeddable":true,"href":"https:\/\/www.europesays.com\/no\/wp-json\/wp\/v2\/users\/2"}],"replies":[{"embeddable":true,"href":"https:\/\/www.europesays.com\/no\/wp-json\/wp\/v2\/comments?post=81708"}],"version-history":[{"count":0,"href":"https:\/\/www.europesays.com\/no\/wp-json\/wp\/v2\/posts\/81708\/revisions"}],"wp:featuredmedia":[{"embeddable":true,"href":"https:\/\/www.europesays.com\/no\/wp-json\/wp\/v2\/media\/81709"}],"wp:attachment":[{"href":"https:\/\/www.europesays.com\/no\/wp-json\/wp\/v2\/media?parent=81708"}],"wp:term":[{"taxonomy":"category","embeddable":true,"href":"https:\/\/www.europesays.com\/no\/wp-json\/wp\/v2\/categories?post=81708"},{"taxonomy":"post_tag","embeddable":true,"href":"https:\/\/www.europesays.com\/no\/wp-json\/wp\/v2\/tags?post=81708"}],"curies":[{"name":"wp","href":"https:\/\/api.w.org\/{rel}","templated":true}]}}