{"id":81720,"date":"2025-11-08T10:33:09","date_gmt":"2025-11-08T10:33:09","guid":{"rendered":"https:\/\/www.europesays.com\/no\/81720\/"},"modified":"2025-11-08T10:33:09","modified_gmt":"2025-11-08T10:33:09","slug":"pepperkakene-pa-coop-extra-koster-fem-kroner","status":"publish","type":"post","link":"https:\/\/www.europesays.com\/no\/81720\/","title":{"rendered":"Pepperkakene p\u00e5 Coop Extra koster fem kroner"},"content":{"rendered":"\n<p class=\"_lead_o9xde_2 _lead_xtcu6_50 layout-component text-serif-m layout-normal text-serif-l layout-component layout-wide layout-padded _wide_17hqh_1 layout-padded\">Julens priskrig er i gang, frontlinjen er i butikkhyllene. N\u00e5 har pepperkakene stupt i pris. <\/p>\n<p><img alt=\"Kai finner noen bokser pepperkaker til fem kroner.  Foto: Kyrre Lien \/ VG\" class=\"_image_qp4xg_65 layout-component layout-wide\" data-fullscreen- data-track-element-type=\"Article image fullscreen\" data-track-name=\"ImageFullscreen\" fetchpriority=\"high\" decoding=\"sync\" loading=\"eager\" height=\"5161\" itemprop=\"image\"  src=\"https:\/\/www.europesays.com\/no\/wp-content\/uploads\/2025\/11\/7456b532-9266-46c9-8141-9cb0bd46dbb2\"  style=\"object-position:0% 0%\" width=\"7737\"\/>Kai finner noen bokser pepperkaker til fem kroner.  Foto: Kyrre Lien \/ VG<\/p>\n<ul aria-hidden=\"true\" class=\"_images_18f0k_111\">\n<li><a class=\"_link_18f0k_116\" href=\"https:\/\/www.vg.no\/forfatter\/kyrre-lien\" style=\"z-index:2\" title=\"Kyrre Lien\" rel=\"nofollow noopener\" target=\"_blank\"><img alt=\"Bilde av Kyrre Lien\" class=\"_image_18f0k_93\" fetchpriority=\"low\" loading=\"lazy\" decoding=\"async\" itemprop=\"image\"  src=\"https:\/\/www.europesays.com\/no\/wp-content\/uploads\/2025\/11\/4bd4fafe-13b9-4b5b-a584-2321d2512207\"  width=\"480\"\/><\/a><\/li>\n<li><a class=\"_link_18f0k_116\" href=\"https:\/\/www.vg.no\/forfatter\/harpreet-kaur-nijjer\" style=\"z-index:1\" title=\"Harpreet Kaur Nijjer\" rel=\"nofollow noopener\" target=\"_blank\"><img alt=\"Bilde av Harpreet Kaur Nijjer\" class=\"_image_18f0k_93\" fetchpriority=\"low\" loading=\"lazy\" decoding=\"async\" itemprop=\"image\"  src=\"https:\/\/www.europesays.com\/no\/wp-content\/uploads\/2025\/11\/9915841b-33cb-470f-8ab4-1d1650cff10e\"  width=\"480\"\/><\/a><\/li>\n<\/ul>\n<p> Oppdatert l\u00f8rdag 8. november kl. 11:28     <\/p>\n<p class=\"_paragraph_o9xde_4 _paragraph_xtcu6_10 layout-component text-serif-m layout-normal text-serif-m layout-padded\">Kai Aurdal (62) hadde egentlig gjort seg ferdig med l\u00f8rdagens handletur, da han h\u00f8rer at pepperkakene ogs\u00e5 har kommet p\u00e5 tilbud. <\/p>\n<p class=\"_paragraph_o9xde_4 _paragraph_xtcu6_10 layout-component text-serif-m layout-normal text-serif-m layout-padded\">\u2013 Fem kroner?!, utbryter han. <\/p>\n<p class=\"_paragraph_o9xde_4 _paragraph_xtcu6_10 layout-component text-serif-m layout-normal text-serif-m layout-padded\">Og fortsetter: <\/p>\n<p class=\"_paragraph_o9xde_4 _paragraph_xtcu6_10 layout-component text-serif-m layout-normal text-serif-m layout-padded\">\u2013 Da m\u00e5 jeg inn igjen!<\/p>\n<p class=\"_paragraph_o9xde_4 _paragraph_xtcu6_10 layout-component text-serif-m layout-normal text-serif-m layout-padded\">Han g\u00e5r inn igjen p\u00e5 <a href=\"https:\/\/www.vg.no\/tag\/coop?utm_source=vg-article&amp;utm_medium=auto-tagger&amp;utm_campaign=5Emr7K\" class=\"_link_o9xde_39\" rel=\"nofollow noopener\" target=\"_blank\">Coop<\/a> Extra og plukker med seg noen bokser med kakene som han skal ta med opp til sin syke mor. <\/p>\n<p class=\"_paragraph_o9xde_4 _paragraph_xtcu6_10 layout-component text-serif-m layout-normal text-serif-m layout-padded\">\u2013 Men jeg skulle gjerne ogs\u00e5 hatt ribba p\u00e5 tilbud litt tidligere, sier han. <\/p>\n<p><img alt=\"Fredag kostet pepperkakene 24,90 kroner.   Foto: Kyrre Lien \/ VG\" class=\"_image_qp4xg_65 layout-component layout-normal\" data-fullscreen- data-track-element-type=\"Article image fullscreen\" data-track-name=\"ImageFullscreen\" decoding=\"async\" loading=\"lazy\" height=\"5464\" itemprop=\"image\"  src=\"https:\/\/www.europesays.com\/no\/wp-content\/uploads\/2025\/11\/7d5d35f1-ae86-4a62-a0c3-4a678820bd52\"  style=\"object-position:0% 0%\" width=\"8192\"\/>Fredag kostet pepperkakene 24,90 kroner.   Foto: Kyrre Lien \/ VG B\u00f8r skynde seg<\/p>\n<p class=\"_paragraph_o9xde_4 _paragraph_xtcu6_10 layout-component text-serif-m layout-normal text-serif-m layout-padded\">Harald Kristiansen, kommunikasjonsdirekt\u00f8r Coop, bekrefter at pepperkakeprisen p\u00e5 Berthas pepperkaker l\u00f8rdag morgen er presset ned med hele 19.90 kroner. <\/p>\n<p class=\"_paragraph_o9xde_4 _paragraph_xtcu6_10 layout-component text-serif-m layout-normal text-serif-m layout-padded\">\u2013 Extra markerer at jula n\u00e6rmer seg med en spinnvill pris. Det er et superpopul\u00e6rt produkt i disse tider, og en tredjedel av salget skjer i oktober og november. <\/p>\n<p class=\"_paragraph_o9xde_4 _paragraph_xtcu6_10 layout-component text-serif-m layout-normal text-serif-m layout-padded\">Kristiansen understreker at det er en begrensning p\u00e5 tre varer per kunde. <\/p>\n<p class=\"_paragraph_o9xde_4 _paragraph_xtcu6_10 layout-component text-serif-m layout-normal text-serif-m layout-padded\">P\u00e5 sp\u00f8rsm\u00e5l om priskrigen n\u00e5 er i gang, svarer han at hvordan prisene p\u00e5 julevarer vil utvikle seg, ikke er mulig for han \u00e5 svare p\u00e5. <\/p>\n<p><img alt=\"Kommunikasjonsdirekt\u00f8r i Coop, Harald Kristiansen.   Foto: Espen Solli\" class=\"_image_qp4xg_65 layout-component layout-normal\" data-fullscreen- data-track-element-type=\"Article image fullscreen\" data-track-name=\"ImageFullscreen\" decoding=\"async\" loading=\"lazy\" height=\"5419\" itemprop=\"image\"  src=\"https:\/\/www.europesays.com\/no\/wp-content\/uploads\/2025\/11\/869b4786-f664-4064-9bf0-f3e1e0863842\"  style=\"object-position:0% 0%\" width=\"8124\"\/>Kommunikasjonsdirekt\u00f8r i Coop, Harald Kristiansen.   Foto: Espen Solli<\/p>\n<p class=\"_paragraph_o9xde_4 _paragraph_xtcu6_10 layout-component text-serif-m layout-normal text-serif-m layout-padded\">\u2013 Men hvordan fungerer egentlig dette i praksis? <\/p>\n<p class=\"_paragraph_o9xde_4 _paragraph_xtcu6_10 layout-component text-serif-m layout-normal text-serif-m layout-padded\">\u2013 N\u00e5r vi gir et s\u00e5 godt tilbud, s\u00e5 tjener vi ikke masse p\u00e5 det, men det er et popul\u00e6rt produkt og vi gir et bidrag for \u00e5 gj\u00f8re det billig. <\/p>\n<p class=\"_paragraph_o9xde_4 _paragraph_xtcu6_10 layout-component text-serif-m layout-normal text-serif-m layout-padded\">P\u00e5 sp\u00f8rsm\u00e5l om det vil v\u00e6re l\u00f8nnsomt spesielt lenge, er svaret nei. <\/p>\n<p class=\"_paragraph_o9xde_4 _paragraph_xtcu6_10 layout-component text-serif-m layout-normal text-serif-m layout-padded\">\u2013 Men s\u00e5nn er det i dagligvare, sier Kristiansen. <\/p>\n<p class=\"_paragraph_o9xde_4 _paragraph_xtcu6_10 layout-component text-serif-m layout-normal text-serif-m layout-padded\">\u2013 Betyr det at man b\u00f8r skynde seg \u00e5 kj\u00f8pe pepperkaker til jul n\u00e5?<\/p>\n<p class=\"_paragraph_o9xde_4 _paragraph_xtcu6_10 layout-component text-serif-m layout-normal text-serif-m layout-padded\">\u2013 Ja. <\/p>\n<p>Handler om \u00e5 drive god butikk <\/p>\n<p class=\"_paragraph_o9xde_4 _paragraph_xtcu6_10 layout-component text-serif-m layout-normal text-serif-m layout-padded\">Professor emeritus ved Norges Handelsh\u00f8yskole, Tor Wallin Andreassen, har tidligere sagt til VG at prissettingen handler om \u00e5 <a href=\"https:\/\/www.vg.no\/nyheter\/i\/93jzBq\/butikkene-legger-opp-til-priskrig-foer-jul\" data-track-element-type=\"Link\" data-track-id=\"link:93jzBq\" class=\"_link_o9xde_39\" rel=\"nofollow noopener\" target=\"_blank\">vinne trafikk og forbedre sitt prisomd\u00f8mme<\/a>. <\/p>\n<p class=\"_paragraph_o9xde_4 _paragraph_xtcu6_10 layout-component text-serif-m layout-normal text-serif-m layout-padded\">\u2013 \u00c5 v\u00e6re den f\u00f8rste som setter ned prisene p\u00e5 visse varer kan v\u00e6re god butikk. De taper penger p\u00e5 akkurat den varen, men f\u00e5r til gjengjeld st\u00f8rre omsetning totalt. F\u00e5r kundene inntrykk av at de har de laveste prisene, vil butikkene ogs\u00e5 kunne kapre markedsandeler, har professoren sagt.<\/p>\n<p><img decoding=\"async\" alt=\"Bilde av Tor Wallin Andreassen\" class=\"_image_ygndg_42\" height=\"40\" itemprop=\"image\" loading=\"lazy\"  src=\"https:\/\/www.europesays.com\/no\/wp-content\/uploads\/2025\/11\/b8c6575d-648e-4796-845b-a2c56042c90c\"  width=\"40\"\/><strong class=\"_name_ygndg_51 title-serif-xs\">Tor Wallin Andreassen<\/strong><\/p>\n<p class=\"_paragraph_o9xde_4 text-sans-m _description_ygndg_56\">Professor emeritus ved Norges Handelsh\u00f8yskole<\/p>\n<p class=\"_paragraph_o9xde_4 _paragraph_xtcu6_10 layout-component text-serif-m layout-normal text-serif-m layout-padded\">Samtidig er det et poeng at mange av kundene som vil kunne tjene p\u00e5 rimeligere varer, men det er ogs\u00e5 en viss risiko i \u00e5 vente at varer skal komme p\u00e5 tilbud. <\/p>\n<p class=\"_paragraph_o9xde_4 _paragraph_xtcu6_10 layout-component text-serif-m layout-normal text-serif-m layout-padded\">\u2013 Butikkene m\u00e5 balansere sitt prisomd\u00f8mme mot kapasitets- og plassbegrensninger, og eventuelt rasjonere for \u00e5 unng\u00e5 hamstring og for store tap p\u00e5 tilbudsvarene. Hvis de beregner feil, risikerer de \u00e5 bli utsolgt for viktige julevarer, if\u00f8lge professoren. <\/p>\n","protected":false},"excerpt":{"rendered":"Julens priskrig er i gang, frontlinjen er i butikkhyllene. N\u00e5 har pepperkakene stupt i pris. Kai finner noen&hellip;\n","protected":false},"author":2,"featured_media":81721,"comment_status":"","ping_status":"","sticky":false,"template":"","format":"standard","meta":{"footnotes":""},"categories":[56],"tags":[60,1749,61,62,30,28,29,11062,904,7636],"class_list":{"0":"post-81720","1":"post","2":"type-post","3":"status-publish","4":"format-standard","5":"has-post-thumbnail","7":"category-naeringsliv","8":"tag-business","9":"tag-coop","10":"tag-economy","11":"tag-naeringsliv","12":"tag-no","13":"tag-norge","14":"tag-norway","15":"tag-pepperkake","16":"tag-pris","17":"tag-priskrig"},"share_on_mastodon":{"url":"https:\/\/pubeurope.com\/@no\/115513629579304345","error":""},"_links":{"self":[{"href":"https:\/\/www.europesays.com\/no\/wp-json\/wp\/v2\/posts\/81720","targetHints":{"allow":["GET"]}}],"collection":[{"href":"https:\/\/www.europesays.com\/no\/wp-json\/wp\/v2\/posts"}],"about":[{"href":"https:\/\/www.europesays.com\/no\/wp-json\/wp\/v2\/types\/post"}],"author":[{"embeddable":true,"href":"https:\/\/www.europesays.com\/no\/wp-json\/wp\/v2\/users\/2"}],"replies":[{"embeddable":true,"href":"https:\/\/www.europesays.com\/no\/wp-json\/wp\/v2\/comments?post=81720"}],"version-history":[{"count":0,"href":"https:\/\/www.europesays.com\/no\/wp-json\/wp\/v2\/posts\/81720\/revisions"}],"wp:featuredmedia":[{"embeddable":true,"href":"https:\/\/www.europesays.com\/no\/wp-json\/wp\/v2\/media\/81721"}],"wp:attachment":[{"href":"https:\/\/www.europesays.com\/no\/wp-json\/wp\/v2\/media?parent=81720"}],"wp:term":[{"taxonomy":"category","embeddable":true,"href":"https:\/\/www.europesays.com\/no\/wp-json\/wp\/v2\/categories?post=81720"},{"taxonomy":"post_tag","embeddable":true,"href":"https:\/\/www.europesays.com\/no\/wp-json\/wp\/v2\/tags?post=81720"}],"curies":[{"name":"wp","href":"https:\/\/api.w.org\/{rel}","templated":true}]}}