{"id":81724,"date":"2025-11-08T10:36:10","date_gmt":"2025-11-08T10:36:10","guid":{"rendered":"https:\/\/www.europesays.com\/no\/81724\/"},"modified":"2025-11-08T10:36:10","modified_gmt":"2025-11-08T10:36:10","slug":"e18-lange-koer","status":"publish","type":"post","link":"https:\/\/www.europesays.com\/no\/81724\/","title":{"rendered":"E18: &#8211; Lange k\u00f8er"},"content":{"rendered":"<p class=\"kicker bg-blue color_mobile_bg-blue hasTextPadding mobile-hasTextPadding\" style=\"\">E18 Fornebukrysset<\/p>\n<p>  Arbeidet\u00a0p\u00e5 E18 ved Fornebu fortsetter denne helga.<\/p>\n<p>\n    E18 FORNEBU: Arbeidene p\u00e5 E18 fortsetter tredje helg p\u00e5 rad. Foto: Bj\u00f8rn Langsem\/Dagbladet\n  <\/p>\n<p>    Kort fortalt<\/p>\n<p lang=\"nb-NO\">Arbeidene ved Fornebukrysset p\u00e5 E18 skaper lange k\u00f8er inn mot Oslo l\u00f8rdag formiddag.<\/p>\n<p lang=\"nb-NO\">Statens vegvesen bekrefter at kun ett felt er \u00e5pent \u00f8stover, noe som for\u00e5rsaker k\u00f8ene.<\/p>\n<p lang=\"nb-NO\">K\u00f8en starter ved Blommenholm i B\u00e6rum og strekker seg mot Fornebykrysset, men det \u00e5pnes midlertidig et felt klokka 13.<\/p>\n<p lang=\"nb-NO\">Arbeidene vil fortsette flere helger, med omkj\u00f8ring skiltet via V\u00e6ker\u00f8.<\/p>\n<p class=\"italic ai-disclaimer\" data-lab-italic=\"italic\">Sammendraget er laget av ChatGPT og godkjent av DinSide.<\/p>\n<p>      Vis mer<br \/>\n      Vis mindre<\/p>\n<p>Arbeidene p\u00e5 ved Fornebukrysset p\u00e5 E18 fortsetter denne helga, og l\u00f8rdag formiddag er det lange k\u00f8er inn mot Oslo.<\/p>\n<p>Det bekrefter Statens vegvesen til DinSide.<\/p>\n<p>&#8211; Akkurat n\u00e5 er det lange k\u00f8er inn mot Oslo. \u00c5rsaken er at det bare er \u00e5pent i ett felt \u00f8stover p\u00e5 grunn av arbeidene, sier Mette Brun\u00e6s, trafikkoperat\u00f8r i Statens vegvesen.<\/p>\n<p>        Leder av SOS Veihjelp og NAF i Oslo-Omr\u00e5det, Petter Sch\u00f8yen kommer med sjokkerende statistikk p\u00e5 billister som enten har mistet hjulet eller har l\u00f8se hjulbolter de siste ukene. Men, det finnes et avgj\u00f8rende knep p\u00e5 hvordan man kan unng\u00e5 dette. \/Video: Storyblocks og Rune Korsvoll<\/p>\n<p>\u00c5pner i ettermiddag\t<\/p>\n<p>Hun forklarer at k\u00f8en starter ved rundt Blommenholm i B\u00e6rum og g\u00e5r fram mot toveisreguleringen ved Fornebykrysset.<\/p>\n<p>Klokka 13 i ettermiddag \u00e5pnes det inn mot Oslo i en periode, og da forventer vegvesenet mindre k\u00f8 fram til feltet stenges seinere p\u00e5 kvelden.<\/p>\n<p>Mens arbeidene p\u00e5g\u00e5r blir E18 innsnevret mellom H\u00f8vik og Lysaker, opplyser Statens vegvesen i en pressemelding.<\/p>\n<p>          <img loading=\"lazy\" decoding=\"async\" src=\"https:\/\/www.europesays.com\/no\/wp-content\/uploads\/2025\/11\/83825850.webp\" width=\"980\" height=\"559\" title=\"R\u00d8DT: L\u00f8rdag formiddag er det lange k\u00f8er inn mot Oslo. Foto: Skjermdump Google Maps\" alt=\"\" class=\"\" style=\"--aspect-ratio-image: 1.75; \"\/><\/p>\n<p>\n          R\u00d8DT: L\u00f8rdag formiddag er det lange k\u00f8er inn mot Oslo. Foto: Skjermdump Google Maps\n      <\/p>\n<p>Flere helger med arbeider\t<\/p>\n<p>Avkj\u00f8ringene fra E18 i \u00f8stg\u00e5ende retning (mot Oslo) i Fornebukrysset vil v\u00e6re stengt mens arbeidene p\u00e5g\u00e5r. Omkj\u00f8ring blir skiltet via V\u00e6ker\u00f8 for alle som skal fra E18 til Fornebu, Ring 3 Smestad og Lysaker.<\/p>\n<p>Det vil v\u00e6re to felt ut av Oslo og ett felt inn. Mellom klokka 14 og 19 l\u00f8rdag 8. november \u00e5pnes ett felt i \u00f8stg\u00e5ende retning. Da vil det v\u00e6re mulig \u00e5 benytte avkj\u00f8ring 12 mot Ring3 Smestad og Fornebu\/Snar\u00f8ya, samt Lysaker, opplyser vegvesenet.<\/p>\n<p>Arbeidet i helga vil foreg\u00e5 i f\u00f8lgende tidsrommet:<\/p>\n<ul>\n<li class=\"lab-bodytext-line\">Fredag 7. november fra klokka 21.00 til l\u00f8rdag 8. november klokka 14.00.<\/li>\n<li class=\"lab-bodytext-line\">L\u00f8rdag 8. november fra klokka 19.00 til s\u00f8ndag 9. november klokka 13.00.<\/li>\n<\/ul>\n","protected":false},"excerpt":{"rendered":"E18 Fornebukrysset Arbeidet\u00a0p\u00e5 E18 ved Fornebu fortsetter denne helga. E18 FORNEBU: Arbeidene p\u00e5 E18 fortsetter tredje helg p\u00e5&hellip;\n","protected":false},"author":2,"featured_media":81725,"comment_status":"","ping_status":"","sticky":false,"template":"","format":"standard","meta":{"footnotes":""},"categories":[5],"tags":[20,21,940,267,24,25,15,19,22,23,17,18,3998,217,13,30,28,29,14,16,26,27,224],"class_list":{"0":"post-81724","1":"post","2":"type-post","3":"status-publish","4":"format-standard","5":"has-post-thumbnail","7":"category-overskrifter","8":"tag-breaking-news","9":"tag-breakingnews","10":"tag-e18","11":"tag-elbil","12":"tag-featured-news","13":"tag-featurednews","14":"tag-headlines","15":"tag-hovedoppslag","16":"tag-latest-news","17":"tag-latestnews","18":"tag-main-news","19":"tag-mainnews","20":"tag-metadz","21":"tag-motor","22":"tag-news","23":"tag-no","24":"tag-norge","25":"tag-norway","26":"tag-nyheter","27":"tag-overskrifter","28":"tag-top-stories","29":"tag-topstories","30":"tag-trafikk"},"share_on_mastodon":{"url":"https:\/\/pubeurope.com\/@no\/115513641214508317","error":""},"_links":{"self":[{"href":"https:\/\/www.europesays.com\/no\/wp-json\/wp\/v2\/posts\/81724","targetHints":{"allow":["GET"]}}],"collection":[{"href":"https:\/\/www.europesays.com\/no\/wp-json\/wp\/v2\/posts"}],"about":[{"href":"https:\/\/www.europesays.com\/no\/wp-json\/wp\/v2\/types\/post"}],"author":[{"embeddable":true,"href":"https:\/\/www.europesays.com\/no\/wp-json\/wp\/v2\/users\/2"}],"replies":[{"embeddable":true,"href":"https:\/\/www.europesays.com\/no\/wp-json\/wp\/v2\/comments?post=81724"}],"version-history":[{"count":0,"href":"https:\/\/www.europesays.com\/no\/wp-json\/wp\/v2\/posts\/81724\/revisions"}],"wp:featuredmedia":[{"embeddable":true,"href":"https:\/\/www.europesays.com\/no\/wp-json\/wp\/v2\/media\/81725"}],"wp:attachment":[{"href":"https:\/\/www.europesays.com\/no\/wp-json\/wp\/v2\/media?parent=81724"}],"wp:term":[{"taxonomy":"category","embeddable":true,"href":"https:\/\/www.europesays.com\/no\/wp-json\/wp\/v2\/categories?post=81724"},{"taxonomy":"post_tag","embeddable":true,"href":"https:\/\/www.europesays.com\/no\/wp-json\/wp\/v2\/tags?post=81724"}],"curies":[{"name":"wp","href":"https:\/\/api.w.org\/{rel}","templated":true}]}}