{"id":81738,"date":"2025-11-08T11:26:08","date_gmt":"2025-11-08T11:26:08","guid":{"rendered":"https:\/\/www.europesays.com\/no\/81738\/"},"modified":"2025-11-08T11:26:08","modified_gmt":"2025-11-08T11:26:08","slug":"russland-angriper-ukrainske-kraftstasjoner","status":"publish","type":"post","link":"https:\/\/www.europesays.com\/no\/81738\/","title":{"rendered":"Russland angriper ukrainske kraftstasjoner"},"content":{"rendered":"\n<p class=\"_lead_o9xde_2 _lead_xtcu6_50 layout-component text-serif-m layout-normal text-serif-l layout-component layout-wide layout-padded _wide_17hqh_1 layout-padded\">P\u00e5 nytt angriper Russland ukrainske kraftstasjoner. <\/p>\n<p><img alt=\"Redningsarbeidere jobber i ruinene i byen Dnipropetrovsk etter et russisk angrep natt til l\u00f8rdag.  Foto: HANDOUT \/ AFP \/ NTB\" class=\"_image_qp4xg_65 layout-component layout-wide\" data-fullscreen- data-track-element-type=\"Article image fullscreen\" data-track-name=\"ImageFullscreen\" fetchpriority=\"high\" decoding=\"sync\" loading=\"eager\" height=\"1666\" itemprop=\"image\"  src=\"https:\/\/www.europesays.com\/no\/wp-content\/uploads\/2025\/11\/5da967e4-b48f-43db-8c14-0321e65e4e3c\"  style=\"object-position:0% 0%\" width=\"2500\"\/>Redningsarbeidere jobber i ruinene i byen Dnipropetrovsk etter et russisk angrep natt til l\u00f8rdag.  Foto: HANDOUT \/ AFP \/ NTB<\/p>\n<ul aria-hidden=\"true\" class=\"_images_18f0k_111\">\n<li><a class=\"_link_18f0k_116\" href=\"https:\/\/www.vg.no\/forfatter\/kyrre-lien\" style=\"z-index:1\" title=\"Kyrre Lien\" rel=\"nofollow noopener\" target=\"_blank\"><img alt=\"Bilde av Kyrre Lien\" class=\"_image_18f0k_93\" fetchpriority=\"low\" loading=\"lazy\" decoding=\"async\" itemprop=\"image\"  src=\"https:\/\/www.europesays.com\/no\/wp-content\/uploads\/2025\/11\/1762601168_664_4bd4fafe-13b9-4b5b-a584-2321d2512207\"  width=\"480\"\/><\/a><\/li>\n<\/ul>\n<p> Oppdatert l\u00f8rdag 8. november kl. 12:02     <\/p>\n<p class=\"_paragraph_o9xde_4 _paragraph_xtcu6_10 layout-component text-serif-m layout-normal text-serif-m layout-padded\">450 droner og 45 missiler ble natt til l\u00f8rdag rettet mot Ukraina, melder ukrainske myndigheter. <\/p>\n<p class=\"_paragraph_o9xde_4 _paragraph_xtcu6_10 layout-component text-serif-m layout-normal text-serif-m layout-padded\">Som konsekvens sliter store deler av Ukraina l\u00f8rdag formiddag med str\u00f8mmen, skriver den ukrainske energiministeren Svitlana Hryntsjuk p\u00e5 Facebook. <\/p>\n<p class=\"_paragraph_o9xde_4 _paragraph_xtcu6_10 layout-component text-serif-m layout-normal text-serif-m layout-padded\">\u2013 Som f\u00f8lge av angrepene p\u00e5 energianleggene er det innf\u00f8rt n\u00f8dkutt av str\u00f8m i flere regioner. <\/p>\n<p class=\"_paragraph_o9xde_4 _paragraph_xtcu6_10 layout-component text-serif-m layout-normal text-serif-m layout-padded\">S\u00e6rlig vanskelig er det i Kharkiv i \u00d8st-Ukraina og Poltava-regionen i midten av landet. <\/p>\n<p class=\"_paragraph_o9xde_4 _paragraph_xtcu6_10 layout-component text-serif-m layout-normal text-serif-m layout-padded\">Den siste tiden har Russland i stadig st\u00f8rre grad g\u00e5tt til angrep mot kritisk infrastruktur, der m\u00e5let er \u00e5 f\u00e5 str\u00f8mnettet til \u00e5 g\u00e5 ned. <\/p>\n<p class=\"_paragraph_o9xde_4 _paragraph_xtcu6_10 layout-component text-serif-m layout-normal text-serif-m layout-padded\">Konsekvensen er at ukrainere p\u00e5 nytt m\u00e5 belage seg med ustabil str\u00f8m og varme i hjemmene.<\/p>\n<p class=\"_paragraph_o9xde_4 _paragraph_xtcu6_10 layout-component text-serif-m layout-normal text-serif-m layout-padded\">N\u00e5 n\u00e5r landet g\u00e5r inn mot vinteren, er dette stadig mer kritisk.<\/p>\n<p><img alt=\"Et str\u00f8mbrudd i Tsjernihiv i oktober  Foto: Yan Dobronosov \/ Reuters \/ NTB\" class=\"_image_qp4xg_65 layout-component layout-normal\" data-fullscreen- data-track-element-type=\"Article image fullscreen\" data-track-name=\"ImageFullscreen\" decoding=\"async\" loading=\"lazy\" height=\"3537\" itemprop=\"image\"  src=\"https:\/\/www.europesays.com\/no\/wp-content\/uploads\/2025\/11\/467e219e-edcc-4904-8dc4-64f10b52e26a\"  style=\"object-position:0% 0%\" width=\"5306\"\/>Et str\u00f8mbrudd i Tsjernihiv i oktober  Foto: Yan Dobronosov \/ Reuters \/ NTB<\/p>\n<p class=\"_paragraph_o9xde_4 _paragraph_xtcu6_10 layout-component text-serif-m layout-normal text-serif-m layout-padded\">N\u00e5r str\u00f8mmen forsvinner, opplever ukrainerne dette: <\/p>\n<p class=\"_paragraph_o9xde_4 _paragraph_xtcu6_10 layout-component text-serif-m layout-normal text-serif-m layout-padded\">Heiser st\u00e5r stille, sykehus m\u00e5 f\u00e5 str\u00f8m fra generatorer, vannet i kranen stopper opp og leiligheter forblir kalde. <\/p>\n<p class=\"_paragraph_o9xde_4 _paragraph_xtcu6_10 layout-component text-serif-m layout-normal text-serif-m layout-padded\">Men dette er heller ikke nytt. <\/p>\n<p class=\"_paragraph_o9xde_4 _paragraph_xtcu6_10 layout-component text-serif-m layout-normal text-serif-m layout-padded\">Ogs\u00e5 tidligere har Russland g\u00e5tt mot storstilt angrep mot kritisk infrastruktur med m\u00e5l om \u00e5 m\u00f8rklegge landet, slik VG kunne vise i en stor reportasje fra 2023. <\/p>\n<p class=\"_paragraph_o9xde_4 _paragraph_xtcu6_10 layout-component text-serif-m layout-normal layout-padded\"><strong class=\"_strong_o9xde_25\">Les ogs\u00e5:<\/strong> <a href=\"https:\/\/www.vg.no\/i\/8JGbrx\" data-track-element-type=\"Link\" data-track-id=\"link:8JGbrx\" class=\"_link_o9xde_39\" rel=\"nofollow noopener\" target=\"_blank\">Den m\u00f8rk\u00adlagte million\u00adbyen<\/a><\/p>\n<p class=\"_paragraph_o9xde_4 _paragraph_xtcu6_10 layout-component text-serif-m layout-normal text-serif-m layout-padded\">Ukrainske myndigheter jobber n\u00e5 p\u00e5 spreng for \u00e5 gjenopprette str\u00f8mmen i landet. Energiministeren kaller nattens angrep \u00abmassivt\u00bb. <\/p>\n<p class=\"_paragraph_o9xde_4 _paragraph_xtcu6_10 layout-component text-serif-m layout-normal text-serif-m layout-padded\">\u2013 N\u00e5r situasjonen blir tryggere, vil rednings- og energitjenester begynne opprydnings- og reparasjonsarbeid for \u00e5 gjenopprette str\u00f8mmen s\u00e5 raskt som mulig. N\u00f8dkuttene vil bli opphevet n\u00e5r energisystemet stabiliseres, skriver Hryntsjuk.<\/p>\n<p class=\"_paragraph_o9xde_4 _paragraph_xtcu6_10 layout-component text-serif-m layout-normal text-serif-m layout-padded\">Gjennom h\u00f8sten har Russland intensivert angrepene p\u00e5 ukrainsk energiinfrastruktur i et fors\u00f8k p\u00e5 \u00e5 kaste landet ut i enda en hard vinter. De verste angrepene 3. og 5. oktober \u00f8dela rundt 60 prosent av Ukrainas gassproduksjonssteder, skriver Kyiv Independent.<\/p>\n<p><img alt=\"Ukrainere samles for \u00e5 lade telefonene sine under et str\u00f8mbrudd tidligere i h\u00f8st.   Foto: Dan Bashakov \/ AP \/ NTB\" class=\"_image_qp4xg_65 layout-component layout-normal\" data-fullscreen- data-track-element-type=\"Article image fullscreen\" data-track-name=\"ImageFullscreen\" decoding=\"async\" loading=\"lazy\" height=\"2703\" itemprop=\"image\"  src=\"https:\/\/www.europesays.com\/no\/wp-content\/uploads\/2025\/11\/43c08ffc-f031-4b37-9523-df82f30d445f\"  style=\"object-position:0% 0%\" width=\"4055\"\/>Ukrainere samles for \u00e5 lade telefonene sine under et str\u00f8mbrudd tidligere i h\u00f8st.   Foto: Dan Bashakov \/ AP \/ NTB<\/p>\n<p class=\"_paragraph_o9xde_4 _paragraph_xtcu6_10 layout-component text-serif-m layout-normal layout-padded\"><strong class=\"_strong_o9xde_25\">Les ogs\u00e5:<\/strong> <a href=\"https:\/\/www.vg.no\/i\/JbjRvJ\" data-track-element-type=\"Link\" data-track-id=\"link:JbjRvJ\" class=\"_link_o9xde_39\" rel=\"nofollow noopener\" target=\"_blank\">Putins veddem\u00e5l<\/a><\/p>\n","protected":false},"excerpt":{"rendered":"P\u00e5 nytt angriper Russland ukrainske kraftstasjoner. Redningsarbeidere jobber i ruinene i byen Dnipropetrovsk etter et russisk angrep natt&hellip;\n","protected":false},"author":2,"featured_media":81739,"comment_status":"","ping_status":"","sticky":false,"template":"","format":"standard","meta":{"footnotes":""},"categories":[5],"tags":[20,21,24,25,15,19,179,22,23,17,18,13,30,28,29,14,16,26,27],"class_list":{"0":"post-81738","1":"post","2":"type-post","3":"status-publish","4":"format-standard","5":"has-post-thumbnail","7":"category-overskrifter","8":"tag-breaking-news","9":"tag-breakingnews","10":"tag-featured-news","11":"tag-featurednews","12":"tag-headlines","13":"tag-hovedoppslag","14":"tag-krigen-i-ukraina","15":"tag-latest-news","16":"tag-latestnews","17":"tag-main-news","18":"tag-mainnews","19":"tag-news","20":"tag-no","21":"tag-norge","22":"tag-norway","23":"tag-nyheter","24":"tag-overskrifter","25":"tag-top-stories","26":"tag-topstories"},"share_on_mastodon":{"url":"https:\/\/pubeurope.com\/@no\/115513837927128914","error":""},"_links":{"self":[{"href":"https:\/\/www.europesays.com\/no\/wp-json\/wp\/v2\/posts\/81738","targetHints":{"allow":["GET"]}}],"collection":[{"href":"https:\/\/www.europesays.com\/no\/wp-json\/wp\/v2\/posts"}],"about":[{"href":"https:\/\/www.europesays.com\/no\/wp-json\/wp\/v2\/types\/post"}],"author":[{"embeddable":true,"href":"https:\/\/www.europesays.com\/no\/wp-json\/wp\/v2\/users\/2"}],"replies":[{"embeddable":true,"href":"https:\/\/www.europesays.com\/no\/wp-json\/wp\/v2\/comments?post=81738"}],"version-history":[{"count":0,"href":"https:\/\/www.europesays.com\/no\/wp-json\/wp\/v2\/posts\/81738\/revisions"}],"wp:featuredmedia":[{"embeddable":true,"href":"https:\/\/www.europesays.com\/no\/wp-json\/wp\/v2\/media\/81739"}],"wp:attachment":[{"href":"https:\/\/www.europesays.com\/no\/wp-json\/wp\/v2\/media?parent=81738"}],"wp:term":[{"taxonomy":"category","embeddable":true,"href":"https:\/\/www.europesays.com\/no\/wp-json\/wp\/v2\/categories?post=81738"},{"taxonomy":"post_tag","embeddable":true,"href":"https:\/\/www.europesays.com\/no\/wp-json\/wp\/v2\/tags?post=81738"}],"curies":[{"name":"wp","href":"https:\/\/api.w.org\/{rel}","templated":true}]}}