{"id":81742,"date":"2025-11-08T11:28:10","date_gmt":"2025-11-08T11:28:10","guid":{"rendered":"https:\/\/www.europesays.com\/no\/81742\/"},"modified":"2025-11-08T11:28:10","modified_gmt":"2025-11-08T11:28:10","slug":"skal-vi-danse-viggo-venn-3","status":"publish","type":"post","link":"https:\/\/www.europesays.com\/no\/81742\/","title":{"rendered":"Skal vi danse, Viggo Venn"},"content":{"rendered":"\n<p>GATEWAY STUDIOS, FORNEBU: L\u00f8rdag er det duket for jubileumssending i \u00abSkal vi danse\u00bb, hvor deltakerne skal hedre en tidligere deltaker og et av deres dansenummer.<\/p>\n<p>For klovnen Viggo Venn (36) blir det mange f\u00f8lelser involvert n\u00e5r han skal gjenskape en av dansene til den avd\u00f8de skuespilleren \u00c5sleik Engmark l\u00f8rdag kveld.<\/p>\n<p>\u2013 Jeg skal danse til mitt favorittnummer fra \u00abSkal vi danse\u00bb, og det er finaledansen til Nadia og \u00c5sleik Engmark \u2013 der de danser til Charlie Chaplin. Det blir veldig stas, sier Venn til Nettavisen.<\/p>\n<p>I 2010 vant Engmark \u00abSkal vi danse\u00bb sammen med dansepartner Nadya Khamitskaya (42) da han danset som Charlie Chaplin. Venn har en helt spesiell forhistorie med den avd\u00f8de skuespilleren.<\/p>\n<p>   <img decoding=\"async\" width=\"4080\" height=\"2720\" fetchpriority=\"low\"  loading=\"lazy\"  src=\"https:\/\/www.europesays.com\/no\/wp-content\/uploads\/2025\/11\/cueres_scp-mangler_navn_QdIzKpWERus.jpg\" alt=\"Oslo  20101127.&#10;\u00c5sleik Engmark og Nadya vant finalen i \" skal=\"\" vi=\"\" danse=\"\" p=\"\" tv2=\"\" l=\"\" kveld.=\"\" foto:=\"\" aleksander=\"\" andersen=\"\" scanpix=\"\" class=\"brick-c-cFOWSL\" style=\"--brick-image-ratio: 4080 \/ 2720;\"\/><\/p>\n<p>      VINNER: \u00c5sleik Engmark og Nadya vant finalen i \u00abSkal vi danse\u00bb i 2010.<br \/>\n      Foto: Aleksander Andersen (NTB)\n    <\/p>\n<p>  Deler r\u00f8rende historie<\/p>\n<p>Overfor Nettavisen forteller Venn at han deler en helt spesiell historie med den avd\u00f8de komikeren \u2013 en historie som betyr ekstra mye for ham i dag.<\/p>\n<p>\u2013 Det var ingen i Norge som visste at jeg i ti \u00e5r hadde st\u00e5tt p\u00e5 scenen i Australia, og at jeg hadde vunnet humorpriser b\u00e5de der, i England og i USA, sier Venn til Nettavisen.<\/p>\n<p><b>Les ogs\u00e5: <a href=\"http:\/\/www.nettavisen.no\/na24\/propaganda\/srger-over-asleik-engmark\/3423312603.html\" rel=\"nofollow noopener\" target=\"_blank\">S\u00f8rger over Engmark<\/a><\/b><\/p>\n<p>Etter \u00e5 ha sl\u00e5tt gjennom internasjonalt, var det f\u00f8rst med seieren i \u00abBritain\u2019s Got Talent\u00bb at han virkelig ble kjent her hjemme. Men lenge f\u00f8r det, var det \u00e9n nordmann som faktisk hadde f\u00e5tt med seg hva Venn drev med ute i verden.<\/p>\n<p>\u2013 Det var \u00c5sleik Engmark. F\u00f8r han gikk bort, rakk han \u00e5 komme p\u00e5 et show. Det var veldig stort for meg, for jeg har sett opp til Engmark hele livet, forteller Venn.<\/p>\n<p>   <img decoding=\"async\" width=\"4500\" height=\"3000\" fetchpriority=\"low\"  loading=\"lazy\"  src=\"https:\/\/www.europesays.com\/no\/wp-content\/uploads\/2025\/11\/cueres_scp-mangler_navn_IHsD2HZlcsY.jpg\" alt=\"Viggo Venn og Rikke Lund opptrer under program 5 av Skal vi danse 2025.&#10;Foto: Thomas Andersen \/ TV 2\" class=\"brick-c-cFOWSL\" style=\"--brick-image-ratio: 4500 \/ 3000;\"\/><\/p>\n<p>      FORBILDE: Viggo Venn beskriver \u00c5sleik Engmark som en komiker med en helt egen varme og godhet.<br \/>\n      Foto: Thomas Andersen (TV 2)\n    <\/p>\n<p>M\u00f8tet mellom de to ble b\u00e5de uventet og uforglemmelig. <\/p>\n<p>\u2013 Jeg s\u00e5 ham sitte i publikum og etterp\u00e5 var han fullstendig full av komplimenter og glede. Han bare: \u00abJeg skal fortelle alle om det!\u00bb Han var s\u00e5 gira, smiler Venn.<\/p>\n<p>Etter showet tok de praten videre, p\u00e5 enkleste vis.<\/p>\n<p>\u2013 S\u00e5 da inviterte vi ham p\u00e5 taco, da. Vi spiste taco i en liten r\u00e5tten leilighet i Edinburgh. Det var veldig kult \u00e5 m\u00f8te \u00c5sleik i showsammenheng i utlandet, minnes Venn.<\/p>\n<p>D\u00f8de av illebefinnende<\/p>\n<p>Februar 2017 kom den triste beskjeden om at <a href=\"https:\/\/www.nettavisen.no\/na24\/propaganda\/asleik-engmark-er-dod\/s\/12-95-3423312429\" rel=\"Follow nofollow noopener\" target=\"_blank\">Engmark d\u00f8de br\u00e5tt etter at han fikk et illebefinnende<\/a> mens han var i Brussel i Belgia.<\/p>\n<p>Engmarks produksjonsselskap Feelgood Scene bekreftet d\u00f8dsfallet den gang:<\/p>\n<p>\u2013 Han fikk et illebefinnende da han var p\u00e5 familiebes\u00f8k i Brussel. Ambulansepersonell ble tilkalt, men livet sto ikke til \u00e5 redde, uttalte produsent Karina Aase i pressemeldingen.<\/p>\n<p>   <img decoding=\"async\" width=\"4256\" height=\"2832\" fetchpriority=\"low\"  loading=\"lazy\"  src=\"https:\/\/www.europesays.com\/no\/wp-content\/uploads\/2025\/11\/cueres_scp-mangler_navn_DH6NMBS1XRg.jpg\" alt=\"Oslo  20100922.&#10;Presentasjon av  filmen \" knerten=\"\" gifter=\"\" seg=\"\" onsdag.=\"\" skuespiller=\"\" engmark=\"\" har=\"\" stemmen=\"\" til=\"\" .=\"\" filmen=\"\" er=\"\" basert=\"\" p=\"\" historiene=\"\" om=\"\" lillebror=\"\" og=\"\" skrevet=\"\" av=\"\" anne=\"\" cath.=\"\" vestly.=\"\" foto:=\"\" aleksander=\"\" andersen=\"\" scanpix=\"\" class=\"brick-c-cFOWSL\" style=\"--brick-image-ratio: 4256 \/ 2832;\"\/><\/p>\n<p>      STEMMESKUESPILLER: H\u00f8sten 2009 debuterte \u00c5sleik Engmark som filmregiss\u00f8r med spillefilmen \u00abKnerten\u00bb, basert p\u00e5 Anne-Cath. Vestlys bok med sammen navn.<br \/>\n      Foto: Aleksander Andersen (NTB)\n    <\/p>\n<p>Engmarks karriere strekker seg tilbake til 80-tallet da han var ansatt ved Det Norske Teatret. Hans f\u00f8rste opptreden p\u00e5 riksplan var rollen som den selvsikre skil\u00f8peren Severin Suveren i NRKs programserie om fjellvettreglene i 1989. Disse klippene ble sendt ved p\u00e5sketider til langt utp\u00e5 1990-\u00e5rene.<\/p>\n<p>Engmark arbeidet ogs\u00e5 som tekstforfatter og l\u00e5tskriver, og dubbet en rekke tegnefilmer. Han hadde blant annet den norske stemmen til Timon i Disney-klassikeren \u00abL\u00f8venes Konge\u00bb og \u00abKnerten\u00bb-filmene som er basert p\u00e5 Anne-Cath. Vestlys bok.<\/p>\n<p>Gjenskaper seiersdans<\/p>\n<p>Som nevnt er det den tidligere finaledansen til Engmark, Venn skal opptre med p\u00e5 l\u00f8rdag. <\/p>\n<p>\u2013 Det blir veldig kult, forteller Venn.<\/p>\n<p>   <img decoding=\"async\" width=\"4080\" height=\"2720\" fetchpriority=\"low\"  loading=\"lazy\"  src=\"https:\/\/www.europesays.com\/no\/wp-content\/uploads\/2025\/11\/cueres_scp-mangler_navn_HptHJ5j90dI.jpg\" alt=\"Oslo  20101127.&#10;\u00c5sleik Engmark og Nadya Khamitskaya danser showdans i tredje dans under finalen i \" skal=\"\" vi=\"\" danse=\"\" p=\"\" tv2=\"\" l=\"\" kveld.=\"\" foto:=\"\" aleksander=\"\" andersen=\"\" scanpix=\"\" class=\"brick-c-cFOWSL\" style=\"--brick-image-ratio: 4080 \/ 2720;\"\/><\/p>\n<p>      HEDRER: Viggo Venn gjenskaper \u00c5sleik Engmarks ikoniske finaledans i \u00abSkal vi danse\u00bb.<br \/>\n      Foto: Aleksander Andersen (NTB)\n    <\/p>\n<p>Venn rangerer, med et glimt i \u00f8yet, sine topp tre klovner i verden slik: Charlie Chaplin, \u00c5sleik Engmark og Viggo Venn. Han legger ikke skjul p\u00e5 at dansen vekker b\u00e5de beundring og \u00e6refrykt.<\/p>\n<p>\u2013 Det er veldig store sko \u00e5 fylle, bokstavelig talt, sier han med et smil.<\/p>\n<p>\u2013 Det blir en leken dans til \u00e6re for en veldig leken komiker, legger han til<\/p>\n","protected":false},"excerpt":{"rendered":"GATEWAY STUDIOS, FORNEBU: L\u00f8rdag er det duket for jubileumssending i \u00abSkal vi danse\u00bb, hvor deltakerne skal hedre en&hellip;\n","protected":false},"author":2,"featured_media":81743,"comment_status":"","ping_status":"","sticky":false,"template":"","format":"standard","meta":{"footnotes":""},"categories":[58],"tags":[71,30,28,29,72],"class_list":{"0":"post-81742","1":"post","2":"type-post","3":"status-publish","4":"format-standard","5":"has-post-thumbnail","7":"category-underholdning","8":"tag-entertainment","9":"tag-no","10":"tag-norge","11":"tag-norway","12":"tag-underholdning"},"share_on_mastodon":{"url":"https:\/\/pubeurope.com\/@no\/115513845749397092","error":""},"_links":{"self":[{"href":"https:\/\/www.europesays.com\/no\/wp-json\/wp\/v2\/posts\/81742","targetHints":{"allow":["GET"]}}],"collection":[{"href":"https:\/\/www.europesays.com\/no\/wp-json\/wp\/v2\/posts"}],"about":[{"href":"https:\/\/www.europesays.com\/no\/wp-json\/wp\/v2\/types\/post"}],"author":[{"embeddable":true,"href":"https:\/\/www.europesays.com\/no\/wp-json\/wp\/v2\/users\/2"}],"replies":[{"embeddable":true,"href":"https:\/\/www.europesays.com\/no\/wp-json\/wp\/v2\/comments?post=81742"}],"version-history":[{"count":0,"href":"https:\/\/www.europesays.com\/no\/wp-json\/wp\/v2\/posts\/81742\/revisions"}],"wp:featuredmedia":[{"embeddable":true,"href":"https:\/\/www.europesays.com\/no\/wp-json\/wp\/v2\/media\/81743"}],"wp:attachment":[{"href":"https:\/\/www.europesays.com\/no\/wp-json\/wp\/v2\/media?parent=81742"}],"wp:term":[{"taxonomy":"category","embeddable":true,"href":"https:\/\/www.europesays.com\/no\/wp-json\/wp\/v2\/categories?post=81742"},{"taxonomy":"post_tag","embeddable":true,"href":"https:\/\/www.europesays.com\/no\/wp-json\/wp\/v2\/tags?post=81742"}],"curies":[{"name":"wp","href":"https:\/\/api.w.org\/{rel}","templated":true}]}}