{"id":81754,"date":"2025-11-08T11:41:14","date_gmt":"2025-11-08T11:41:14","guid":{"rendered":"https:\/\/www.europesays.com\/no\/81754\/"},"modified":"2025-11-08T11:41:14","modified_gmt":"2025-11-08T11:41:14","slug":"har-norge-verdens-dummeste-politikere","status":"publish","type":"post","link":"https:\/\/www.europesays.com\/no\/81754\/","title":{"rendered":"Har Norge verdens dummeste politikere?"},"content":{"rendered":"<p>            <img loading=\"lazy\" decoding=\"async\" width=\"696\" height=\"379\" class=\"entry-thumb\" src=\"https:\/\/www.europesays.com\/no\/wp-content\/uploads\/2025\/11\/norske-politiske-klovner.jpg\"   alt=\"\" title=\"Norwegian,Political,Clowns\"\/>Den norske diskursen, b\u00e5de offentlig og privat er i full kollaps.<\/p>\n<p>Afghanistanutvalget, som ledes av Bj\u00f8rn Tore Godal, har kommet med en ny rapport som forsterker konklusjonen fra den f\u00f8rste rapporten, fra 2016: <a href=\"https:\/\/www.facebook.com\/regjeringennorge?__cft__[0]=AZVuVfjbma0cT0Y4PrBcy0XiPFu4z26-oh8RSPpzeY94cOBE-A6IAm4wP6a0cXQhEDH9mtoEO57aO561q4UFMRScEqcKWQ9ud-x4CCzpdJCtxw4KKgIVt0B44agHMEsDRTZh3-M31DLYPhpcxIT5ftQ54IXcQAByoI3ozTxaoevDGDwQCbVCpVyEUnrR1qm6CHM&amp;__tn__=-]K-R\" rel=\"nofollow noopener\" target=\"_blank\">Regjeringen (Norge)<\/a> og <a href=\"https:\/\/www.facebook.com\/stortinget?__cft__[0]=AZVuVfjbma0cT0Y4PrBcy0XiPFu4z26-oh8RSPpzeY94cOBE-A6IAm4wP6a0cXQhEDH9mtoEO57aO561q4UFMRScEqcKWQ9ud-x4CCzpdJCtxw4KKgIVt0B44agHMEsDRTZh3-M31DLYPhpcxIT5ftQ54IXcQAByoI3ozTxaoevDGDwQCbVCpVyEUnrR1qm6CHM&amp;__tn__=-]K-R\" rel=\"nofollow noopener\" target=\"_blank\">Stortinget<\/a> lyktes kun med ett av sine m\u00e5l, \u00e5 dyrke forholdet til USA (de andre form\u00e5lene, \u00e5 bygge demokrati og \u00e5 kjempe for kvinners rettigheter var naturligvis bare pynt p\u00e5 kaka).<\/p>\n<p><img loading=\"lazy\" data-recalc-dims=\"1\" decoding=\"async\" width=\"220\" height=\"220\" src=\"https:\/\/www.europesays.com\/no\/wp-content\/uploads\/2025\/11\/1762602074_960_birkelund-2025.png\" alt=\"\" class=\"wp-image-143032\"  \/>Lars Birkelund.<\/p>\n<p>Godal skrev i Aftenposten i g\u00e5r, og i dagens papirutgave:<\/p>\n<blockquote class=\"wp-block-quote is-layout-flow wp-block-quote-is-layout-flow\">\n<p>\u00ab6. november 2025 presenterte det andre Afghanistanutvalget sin utredning. Det f\u00f8rste utvalget la frem sin rapport om \u00e5rene 2001\u20132014 i juni 2016. Konklusjonen var nedsl\u00e5ende: Den afghanske staten var svak, og Taliban sterkere enn noen gang.<\/p>\n<p>Dette utvalget har evaluert innsatsen i 2015\u20132021, og resultatet er like dystert: Utviklingen gikk fra vondt til verre og det internasjonale samfunnet, herunder Norge, mislyktes i \u00e5 hjelpe afghanere med \u00e5 bygge en stabil, demokratisk stat. Det var det store nederlaget\u00bb.<\/p>\n<\/blockquote>\n<p>\u00abInnsatsen krevde (ti) norske liv og kostet over 30 milliarder kroner\u00bb.<\/p>\n<p>Afghanske liv telles ikke. Men vi m\u00e5 regne med flere hundre tusen.<\/p>\n<p>\u00abErfaringene fra Afghanistan tilsier blant annet at norske myndigheter b\u00f8r tenke n\u00f8ye igjennom eventuell st\u00f8tte til amerikanske fredsinitiativ under president Trump\u00bb.<\/p>\n<p>Det burde norske myndigheter ha gjort under (ja, de er under) tidligere USA-presidenter ogs\u00e5.<\/p>\n<p>\u00abSlik st\u00f8tte kan v\u00e6re nyttig for \u00e5 styrke forholdet til USA, men kan bidra til et utfall som ikke er det Norge \u00f8nsker. I Afghanistan-engasjementet ble USA viktigere for Norge enn Afghanistan i seg selv\u00bb.<\/p>\n<p>\u00abNorsk offentlig sektor vil tjene p\u00e5 en sterkere kultur for kritisk tenkning og l\u00e6ring, der m\u00e5l, midler, metoder og forventede resultater i internasjonale engasjement og kriseh\u00e5ndtering dr\u00f8ftes \u00e5pent og kritisk\u00bb.<\/p>\n<p>I Norge blir vi undervist i kritisk tenkning om noe, ukritisk tenkning om annet.<\/p>\n<p>\u00abDet f\u00f8rste Afghanistanutvalget foreslo flere l\u00e6rdommer, men f\u00e5 om noen er blitt fulgt opp. Norge b\u00f8r l\u00e6re av erfaringer. Det er viktig for \u00e5 m\u00f8te en verden i endring\u00bb.<\/p>\n<p>Slik avslutter Godal. Allerede for omtrent 15 \u00e5r siden var det kjent at det ikke var mulig \u00e5 vinne over Taliban i det lange l\u00f8p.<\/p>\n<p>Men norske myndigheter burde ogs\u00e5 ha l\u00e6rt av de d\u00e5rlige resultatene av sin politikk overfor Sudan, Libya, Syria og Ukraina\/Russland.<\/p>\n<p>Har Norge verdens dummeste politikere? Dumskap eller lav intelligens m\u00e5les gjerne i manglende evne og vilje til \u00e5 l\u00e6re av erfaringer. S\u00e5nn sett st\u00e5r det sv\u00e6rt d\u00e5rlig til i Norge. Men konkurransen er sterk blant NATO-landenes ledende politikere. N\u00e5 gjenst\u00e5r \u00e5 vente p\u00e5 den f\u00f8rste rapporten fra Ukraina-utvalget. Rapporten om Norges bombing av Libya var for\u00f8vrig ren hvitvasking.<\/p>\n<p><a href=\"https:\/\/www.aftenposten.no\/...\/afghanistanutvalget-i-ny...\" rel=\"nofollow noopener\" target=\"_blank\">https:\/\/www.aftenposten.no\/\u2026\/afghanistanutvalget-i-ny\u2026<\/a><\/p>\n","protected":false},"excerpt":{"rendered":"Den norske diskursen, b\u00e5de offentlig og privat er i full kollaps. Afghanistanutvalget, som ledes av Bj\u00f8rn Tore Godal,&hellip;\n","protected":false},"author":2,"featured_media":81755,"comment_status":"","ping_status":"","sticky":false,"template":"","format":"standard","meta":{"footnotes":""},"categories":[5],"tags":[20,21,24,25,15,19,22,23,17,18,13,30,28,29,14,16,26,27],"class_list":{"0":"post-81754","1":"post","2":"type-post","3":"status-publish","4":"format-standard","5":"has-post-thumbnail","7":"category-overskrifter","8":"tag-breaking-news","9":"tag-breakingnews","10":"tag-featured-news","11":"tag-featurednews","12":"tag-headlines","13":"tag-hovedoppslag","14":"tag-latest-news","15":"tag-latestnews","16":"tag-main-news","17":"tag-mainnews","18":"tag-news","19":"tag-no","20":"tag-norge","21":"tag-norway","22":"tag-nyheter","23":"tag-overskrifter","24":"tag-top-stories","25":"tag-topstories"},"share_on_mastodon":{"url":"https:\/\/pubeurope.com\/@no\/115513896979572709","error":""},"_links":{"self":[{"href":"https:\/\/www.europesays.com\/no\/wp-json\/wp\/v2\/posts\/81754","targetHints":{"allow":["GET"]}}],"collection":[{"href":"https:\/\/www.europesays.com\/no\/wp-json\/wp\/v2\/posts"}],"about":[{"href":"https:\/\/www.europesays.com\/no\/wp-json\/wp\/v2\/types\/post"}],"author":[{"embeddable":true,"href":"https:\/\/www.europesays.com\/no\/wp-json\/wp\/v2\/users\/2"}],"replies":[{"embeddable":true,"href":"https:\/\/www.europesays.com\/no\/wp-json\/wp\/v2\/comments?post=81754"}],"version-history":[{"count":0,"href":"https:\/\/www.europesays.com\/no\/wp-json\/wp\/v2\/posts\/81754\/revisions"}],"wp:featuredmedia":[{"embeddable":true,"href":"https:\/\/www.europesays.com\/no\/wp-json\/wp\/v2\/media\/81755"}],"wp:attachment":[{"href":"https:\/\/www.europesays.com\/no\/wp-json\/wp\/v2\/media?parent=81754"}],"wp:term":[{"taxonomy":"category","embeddable":true,"href":"https:\/\/www.europesays.com\/no\/wp-json\/wp\/v2\/categories?post=81754"},{"taxonomy":"post_tag","embeddable":true,"href":"https:\/\/www.europesays.com\/no\/wp-json\/wp\/v2\/tags?post=81754"}],"curies":[{"name":"wp","href":"https:\/\/api.w.org\/{rel}","templated":true}]}}