{"id":81778,"date":"2025-11-08T12:23:12","date_gmt":"2025-11-08T12:23:12","guid":{"rendered":"https:\/\/www.europesays.com\/no\/81778\/"},"modified":"2025-11-08T12:23:12","modified_gmt":"2025-11-08T12:23:12","slug":"vestkanten-storsenter-nyheter-etterforsker-innbrudd-i-flere-butikker-pa-vestkanten","status":"publish","type":"post","link":"https:\/\/www.europesays.com\/no\/81778\/","title":{"rendered":"Vestkanten storsenter, Nyheter | Etterforsker innbrudd i flere butikker p\u00e5 Vestkanten"},"content":{"rendered":"\n<p>L\u00f8rdag morgen ble politiet kontaktet av en vekter p\u00e5 Vestkanten storsenter i Loddefjord.<\/p>\n<p><b>\u2013 Han meldte om innbrudd og tyveri, sier politiets operasjonsleder Knut Dahl-Michelsen til BA. <\/b><\/p>\n<p>Politiet dro til stedet for \u00e5 gj\u00f8re unders\u00f8kelser.<\/p>\n<p>\u2013 Forel\u00f8pig ser det ut som om at det er \u00e9n person som har brutt seg inn.<\/p>\n<p>   <img decoding=\"async\" width=\"1536\" height=\"1024\" fetchpriority=\"low\"  loading=\"lazy\"  src=\"https:\/\/www.europesays.com\/no\/wp-content\/uploads\/2025\/11\/SE1_2030.JPG\" alt=\"\" class=\"brick-c-cFOWSL\" style=\"--brick-image-ratio: 1536 \/ 1024;\"\/><\/p>\n<p>      Politiet er p\u00e5 Vestkanten etter melding om innbrudd.<br \/>\n      Foto: Skjalg Ekeland\n    <\/p>\n<p>  Ble m\u00f8tt av\u00a0\u00abet voldsomt rot\u00bb<\/p>\n<p>Vedkommende skal ha stj\u00e5let fra flere butikker p\u00e5 senteret, if\u00f8lge politiet.<\/p>\n<p><b>\u2013 Mannen kom seg inn ved \u00e5 bryte seg inn gjennom blomsterbutikken Blomsterforum, sier Dahl-Michelsen.<\/b><\/p>\n<p>   <img decoding=\"async\" width=\"4284\" height=\"5712\" fetchpriority=\"low\"  loading=\"lazy\"  src=\"https:\/\/www.europesays.com\/no\/wp-content\/uploads\/2025\/11\/IMG_5943.jpg\" alt=\"\" class=\"brick-c-cFOWSL\" style=\"--brick-image-ratio: 4284 \/ 5712;\"\/><\/p>\n<p>      Safen hos restauranten Sabrura er brutt opp.<br \/>\n      Foto: Privat\n    <\/p>\n<p>BA har snakket med ansatte i blomsterbutikken, som forteller at gjerningspersonen fikk med seg en del kontanter.<\/p>\n<p>Eieren av restauranten Sabrura, Kaj Kvinge, forteller ogs\u00e5 at de ble rammet av nattens innbrudd.<\/p>\n<p>Da kokken kom p\u00e5 jobb i morgentimene, skal han ha kommet til \u00abet voldsomt rot p\u00e5 bakrommet\u00bb.<\/p>\n<p><b>\u2013 Der har vi en safe, og den var brutt opp. S\u00e5 det har forsvunnet litt cash, og n\u00f8kler har forsvunnet. <\/b><\/p>\n<p>\u2013 Man skj\u00f8nner ikke omfanget f\u00f8rst, men n\u00e5r man ser at det er penger vekke, s\u00e5 forst\u00e5r man jo det, sier han til BA.<\/p>\n<p>   <img decoding=\"async\" width=\"5712\" height=\"4284\" fetchpriority=\"low\"  loading=\"lazy\"  src=\"https:\/\/www.europesays.com\/no\/wp-content\/uploads\/2025\/11\/IMG_6994.jpg\" alt=\"\" class=\"brick-c-cFOWSL\" style=\"--brick-image-ratio: 5712 \/ 4284;\"\/><\/p>\n<p>      Sabrura-sjef Kaj Kvinge.<br \/>\n      Foto: Anna Maud Hersvik\n    <\/p>\n<p>  En d\u00e5rlig start p\u00e5 dagen<\/p>\n<p>Da Mary Christophersen kom p\u00e5 jobb p\u00e5 Narvesen, skj\u00f8nte hun fort at noe var galt.<\/p>\n<p>L\u00e5sen var \u00f8delagt, og hun synes det s\u00e5 ut som at noen hadde fors\u00f8kt \u00e5 komme seg inn.<\/p>\n<p>\u2013 Men det klarte de ikke.<\/p>\n<p>   <img decoding=\"async\" width=\"4794\" height=\"3521\" fetchpriority=\"low\"  loading=\"lazy\"  src=\"https:\/\/www.europesays.com\/no\/wp-content\/uploads\/2025\/11\/IMG_6988.jpg\" alt=\"\" class=\"brick-c-cFOWSL\" style=\"--brick-image-ratio: 4794 \/ 3521;\"\/><\/p>\n<p>      Mary Christophersen p\u00e5 Narvesen synes det er ekkelt at noen har tatt seg inn p\u00e5 senteret.<br \/>\n      Foto: Anna Maud Hersvik\n    <\/p>\n<p>Det klarte heller ikke hun, da l\u00e5sen var sl\u00e5tt ned og det var umulig for henne \u00e5 komme seg inn.<\/p>\n<p><b>\u2013 Jeg har jo tusen ting jeg skal fikse f\u00f8r jeg \u00e5pner, s\u00e5 der ble litt styrete. Jeg m\u00e5 ha g\u00e5tt 2000 skritt, sier hun og ler.<\/b><\/p>\n<p>\u2013 Men heldigvis ble det meste fikset f\u00f8r kundene kom, legger hun til.<\/p>\n<p>Selv om ingen kom seg inn p\u00e5 Narvesen, satt hendelsen en st\u00f8kk i henne.<\/p>\n<p>\u2013 Det var gr\u00e5dig ekkelt \u00e5 komme p\u00e5 jobb \u00e5 vite at noen har v\u00e6rt her inne p\u00e5 senteret.<\/p>\n<p>\u2013 S\u00e5 mann p\u00e5 video<\/p>\n<p>Senterleder Ole Konrad Fjeldstad Iversen sier til at han overlater saken til politiet. Hvilke butikker som er rammet, har han ikke oversikt over, sier han.<\/p>\n<p>Det han kan si, er at det var vektere som meldte fra om innbruddet i morgentimene.<\/p>\n<p>Deler av innbruddet skal ha blitt fanget opp av overv\u00e5kingskamera. Det blir n\u00e5 overlevert til politiet, sier Iversen.<\/p>\n<p>Bildene skal vise at hendelsen skjedde rundt klokken 0200 natt til l\u00f8rdag. Vekteren som meldte om innbruddet har opplyst at en mann er synlig p\u00e5 overv\u00e5kingsbildene, forteller Dahl Michelsen.<\/p>\n<p>Han forteller at politiet er usikre p\u00e5 om det er flere mistenkte.<\/p>\n<p>Skal ha stj\u00e5let 25.000 kroner<\/p>\n<p>Klokken 1240 er politiet ferdige p\u00e5 stedet.<\/p>\n<p>\u2013 Fra de butikkene som ligger \u00e5pent tilgjengelig inne p\u00e5 senteret er det stj\u00e5let kontanter, til sammen rundt 25.000 kroner, melder operasjonslederen.<\/p>\n<p>Hos klesbutikken Hans H. skal pengene ha ligget str\u00f8dd da de ansatte kom p\u00e5 jobb.<\/p>\n<p>\u2013 Hva m\u00f8tte dere her i dag?<\/p>\n<p>\u2013 Rot! sier Birgitte Iversen, som er butikksjef.<\/p>\n<p>\u2013 Kontanter og alt l\u00e5 utover. Og de har f\u00e5tt med seg litt cash her ogs\u00e5, sier hun.<\/p>\n<p>   <img decoding=\"async\" width=\"5712\" height=\"4284\" fetchpriority=\"low\"  loading=\"lazy\"  src=\"https:\/\/www.europesays.com\/no\/wp-content\/uploads\/2025\/11\/IMG_6996.jpg\" alt=\"\" class=\"brick-c-cFOWSL\" style=\"--brick-image-ratio: 5712 \/ 4284;\"\/><\/p>\n<p>      Simen Jacobsen er ikke forn\u00f8yd med at det har v\u00e6rt innbrudd i butikken.<br \/>\n      Foto: Anna Maud Hersvik\n    <\/p>\n<p>Hennes kollega, Simen Jacobsen, sier at det var kjipt \u00e5 h\u00f8re det som hadde skjedd.<\/p>\n<p>\u2013 Det er ikke hyggelig at noen kommer inn i butikken og stjeler, sier Jacobsen.<\/p>\n<p>Politiet har sikret spor fra stedet og etterforsker saken videre.<\/p>\n<p>  <a href=\"https:\/\/www.ba.no\/5-8-3209153\" class=\"related-teaser has-image default-story-teaser article--c-eRUmMG article--c-eRUmMG-jKCPdD-design-default\" rel=\"nofollow noopener\" target=\"_blank\"><\/p>\n<p>    <img decoding=\"async\" loading=\"lazy\"  src=\"https:\/\/www.europesays.com\/no\/wp-content\/uploads\/2025\/11\/1762263492_152_IMG_5358.jpg\" alt=\"\" class=\"brick-c-cFOWSL\" style=\"\"\/><\/p>\n<p>\n            Les ogs\u00e5<\/p>\n<p>              Etterforsker flere innbrudd i sentrum: \u2013 Flere ting er borte\n        <\/p>\n<p>  <\/a><\/p>\n<p>  <a href=\"https:\/\/www.ba.no\/5-8-3210413\" class=\"related-teaser has-image default-story-teaser article--c-eRUmMG article--c-eRUmMG-jKCPdD-design-default\" rel=\"nofollow noopener\" target=\"_blank\"><\/p>\n<p>    <img decoding=\"async\" loading=\"lazy\"  src=\"https:\/\/www.europesays.com\/no\/wp-content\/uploads\/2025\/11\/1762604591_221_IMG_5381.jpg\" alt=\"\" class=\"brick-c-cFOWSL\" style=\"\"\/><\/p>\n<p>\n            Les ogs\u00e5<\/p>\n<p>              Etterforsker gullsmed-brekk: \u2013 S\u00f8lv for store verdier stj\u00e5let\n        <\/p>\n<p>  <\/a><\/p>\n<p>  <a href=\"https:\/\/www.ba.no\/5-8-3212043\" class=\"related-teaser has-image default-story-teaser article--c-eRUmMG article--c-eRUmMG-jKCPdD-design-default\" rel=\"nofollow noopener\" target=\"_blank\"><\/p>\n<p>    <img decoding=\"async\" loading=\"lazy\"  src=\"https:\/\/www.europesays.com\/no\/wp-content\/uploads\/2025\/11\/IMG_2458.jpg\" alt=\"\" class=\"brick-c-cFOWSL\" style=\"\"\/><\/p>\n<p>\n            Les ogs\u00e5<\/p>\n<p>              Oppdaget digert hull i vinduet p\u00e5 gjenbruksbutikken: \u2013 Synd\n        <\/p>\n<p>  <\/a><\/p>\n","protected":false},"excerpt":{"rendered":"L\u00f8rdag morgen ble politiet kontaktet av en vekter p\u00e5 Vestkanten storsenter i Loddefjord. \u2013 Han meldte om innbrudd&hellip;\n","protected":false},"author":2,"featured_media":81779,"comment_status":"","ping_status":"","sticky":false,"template":"","format":"standard","meta":{"footnotes":""},"categories":[5],"tags":[36,20,21,24,25,15,19,3258,22,23,3976,17,18,13,30,28,29,14,16,254,1510,26,27,5650,11066],"class_list":{"0":"post-81778","1":"post","2":"type-post","3":"status-publish","4":"format-standard","5":"has-post-thumbnail","7":"category-overskrifter","8":"tag-art","9":"tag-breaking-news","10":"tag-breakingnews","11":"tag-featured-news","12":"tag-featurednews","13":"tag-headlines","14":"tag-hovedoppslag","15":"tag-innbrudd","16":"tag-latest-news","17":"tag-latestnews","18":"tag-loddefjord","19":"tag-main-news","20":"tag-mainnews","21":"tag-news","22":"tag-no","23":"tag-norge","24":"tag-norway","25":"tag-nyheter","26":"tag-overskrifter","27":"tag-politi","28":"tag-story","29":"tag-top-stories","30":"tag-topstories","31":"tag-vestkanten","32":"tag-vestkanten-storsenter"},"share_on_mastodon":{"url":"https:\/\/pubeurope.com\/@no\/115514061852839351","error":""},"_links":{"self":[{"href":"https:\/\/www.europesays.com\/no\/wp-json\/wp\/v2\/posts\/81778","targetHints":{"allow":["GET"]}}],"collection":[{"href":"https:\/\/www.europesays.com\/no\/wp-json\/wp\/v2\/posts"}],"about":[{"href":"https:\/\/www.europesays.com\/no\/wp-json\/wp\/v2\/types\/post"}],"author":[{"embeddable":true,"href":"https:\/\/www.europesays.com\/no\/wp-json\/wp\/v2\/users\/2"}],"replies":[{"embeddable":true,"href":"https:\/\/www.europesays.com\/no\/wp-json\/wp\/v2\/comments?post=81778"}],"version-history":[{"count":0,"href":"https:\/\/www.europesays.com\/no\/wp-json\/wp\/v2\/posts\/81778\/revisions"}],"wp:featuredmedia":[{"embeddable":true,"href":"https:\/\/www.europesays.com\/no\/wp-json\/wp\/v2\/media\/81779"}],"wp:attachment":[{"href":"https:\/\/www.europesays.com\/no\/wp-json\/wp\/v2\/media?parent=81778"}],"wp:term":[{"taxonomy":"category","embeddable":true,"href":"https:\/\/www.europesays.com\/no\/wp-json\/wp\/v2\/categories?post=81778"},{"taxonomy":"post_tag","embeddable":true,"href":"https:\/\/www.europesays.com\/no\/wp-json\/wp\/v2\/tags?post=81778"}],"curies":[{"name":"wp","href":"https:\/\/api.w.org\/{rel}","templated":true}]}}