{"id":81842,"date":"2025-11-08T14:13:15","date_gmt":"2025-11-08T14:13:15","guid":{"rendered":"https:\/\/www.europesays.com\/no\/81842\/"},"modified":"2025-11-08T14:13:15","modified_gmt":"2025-11-08T14:13:15","slug":"tordentale-savner-historisk-sidestykke","status":"publish","type":"post","link":"https:\/\/www.europesays.com\/no\/81842\/","title":{"rendered":"Tordentale: &#8211; Savner historisk sidestykke"},"content":{"rendered":"<p class=\"kicker \" style=\"\">Sylvi Listhaug:<\/p>\n<p>  Frp-leder Sylvi Listhaug mener det nye stortingsflertallet vil by p\u00e5 kaos &#8211; og en venstredreining av norsk politikk uten sidestykke.<\/p>\n<p>\n    KLAR BESKJED: &#8211; Arbeiderpartiet blir drevet fra skanse til skanse, sier Frp-leder Sylvi Listhaug. Foto: Terje Pedersen \/ NTB\n  <\/p>\n<p>&#8211; Arbeiderpartiet blir drevet fra skanse til skanse vekselvis av Senterpartiet p\u00e5 den ene siden og de tre r\u00f8de trillingene MDG, R\u00f8dt og SV fra den andre siden. Det g\u00e5r mot en venstredreining av norsk politikk som savner historisk sidestykke, sier Listhaug i sin tale til Frps-h\u00f8stkonferanse p\u00e5 Gardermoen l\u00f8rdag formiddag.<\/p>\n<p>    <a itemprop=\"url\" href=\"https:\/\/www.dagbladet.no\/nyheter\/har-sett-hva-det-innebaerer\/83818504\" rel=\"nofollow noopener\" target=\"_blank\"><\/p>\n<p>      <img loading=\"lazy\" decoding=\"async\" src=\"https:\/\/www.europesays.com\/no\/wp-content\/uploads\/2025\/11\/1762611191_741_83819398.webp\" width=\"980\" height=\"441\" title=\"- Har sett hva det inneb\u00e6rer\" alt=\"\" class=\"lazyload\" style=\"--aspect-ratio-image: 2.22; \"\/><\/p>\n<p>        &#8211; Har sett hva det inneb\u00e6rer<\/p>\n<p>    <\/a><\/p>\n<p class=\"font-weight-bold m-font-weight-bold\" data-lab-font_weight=\"font-weight-bold\">Frp-lederen har allerede gjentatte ganger kalt det nye politiske flertallet best\u00e5ende av Ap-regjeringen, Sp, SV, R\u00f8dt og MDG for \u00abkaoskameratene\u00bb. Det fortsetter hun med.<\/p>\n<p>&#8211; Etter to m\u00e5neder med kaoskameratene ved roret ser flere og flere at Norge trenger et stort og sterkt Frp, sier hun.<\/p>\n<p>Neste uke starter forhandlingene om Norges statsbudsjett for neste \u00e5r.<\/p>\n<p>&#8211; Det skal mildt sagt bli interessant \u00e5 f\u00f8lge disse budsjettforhandlingene, sier Frp-lederen.<\/p>\n<p>    <a itemprop=\"url\" href=\"https:\/\/www.dagbladet.no\/nyheter\/rokker-ved-tilliten\/83814655\" rel=\"nofollow noopener\" target=\"_blank\"><\/p>\n<p>      <img loading=\"lazy\" decoding=\"async\" src=\"https:\/\/www.europesays.com\/no\/wp-content\/uploads\/2025\/11\/83814865.webp\" width=\"980\" height=\"441\" title=\"- Rokker ved tilliten\" alt=\"\" class=\"lazyload\" style=\"--aspect-ratio-image: 2.22; \"\/><\/p>\n<p>        &#8211; Rokker ved tilliten<\/p>\n<p>    <\/a><\/p>\n<p>Refser SV\t<\/p>\n<p>Hun trekker fram flere poenger som hun mener beviser utfordringene p\u00e5 r\u00f8dgr\u00f8nn side:<\/p>\n<p>&#8211; Senterpartiet har sagt at de nekter \u00e5 sitte i samme rom som de r\u00f8de trillingene. MDG skal fortsette klappjakten p\u00e5 Norges viktigste n\u00e6ring, og de skal presse gjennom en s\u00e5kalt omstillingsavgift for \u00e5 presse opp kostnadene for olje- og gassn\u00e6ringen v\u00e5r, sier Listhaug.<\/p>\n<p class=\"font-weight-bold m-font-weight-bold\" data-lab-font_weight=\"font-weight-bold\">Videre refser Listhaug SV for \u00e5 ha bes\u00f8kt moskeer i valgkampen og lovet ultimatum for at oljefondet skulle trekke seg ut av Israel, noe partiet senere gikk tilbake p\u00e5.<\/p>\n<p>    <a itemprop=\"url\" href=\"https:\/\/www.dagbladet.no\/nyheter\/jeg-ble-truet-av-hoyre\/83811739\" rel=\"nofollow noopener\" target=\"_blank\"><\/p>\n<p>      <img loading=\"lazy\" decoding=\"async\" src=\"https:\/\/www.europesays.com\/no\/wp-content\/uploads\/2025\/11\/1762611193_964_83811827.webp\" width=\"980\" height=\"441\" title=\"- Jeg ble truet av H\u00f8yre\" alt=\"\" class=\"lazyload\" style=\"--aspect-ratio-image: 2.22; \"\/><\/p>\n<p>        &#8211; Jeg ble truet av H\u00f8yre<\/p>\n<p>    <\/a><\/p>\n<p>&#8211; Feministpartiet SV. Med kvinnekamp og kvinnefrigj\u00f8ring som hjertesak i alle \u00e5r. Brukte valgkampen p\u00e5 \u00e5 reise rundt i konservative moskeer og muslimske milj\u00f8er, noen av dem med et middelaldersk kvinnesyn, sa Listhaug.<\/p>\n<p>&#8211; Selv om SV er desperat, er dette et lavm\u00e5l. Frp skal bekjempe verdier og holdninger som ikke h\u00f8rer hjemme i Norge, vi skal ikke smiske med dem.<\/p>\n<p>&#8211; M\u00e5 v\u00e6re \u00e6rlige\t<\/p>\n<p>I talen tok Listhaug til orde for en streng innvandringspolitikk, utsending av kriminelle utlendinger og at vi stiller langt strengere krav i integreringspolitikken.<\/p>\n<p>    <a itemprop=\"url\" href=\"https:\/\/www.dagbladet.no\/nyheter\/kjempesmell-for-ap\/83811352\" rel=\"nofollow noopener\" target=\"_blank\"><\/p>\n<p>      <img loading=\"lazy\" decoding=\"async\" src=\"https:\/\/www.europesays.com\/no\/wp-content\/uploads\/2025\/11\/1762611194_175_83811382.webp\" width=\"980\" height=\"441\" title=\"Kjempesmell for Ap\" alt=\"\" class=\"lazyload\" style=\"--aspect-ratio-image: 2.22; \"\/><\/p>\n<p>        Kjempesmell for Ap <\/p>\n<p>    <\/a><\/p>\n<p>&#8211; Ogs\u00e5 av hensyn til alle lovlydige innvandrere som jobber, bidrar, integrerer seg, er det p\u00e5 tide \u00e5 sette foten ned for de som ikke gj\u00f8r det, sier hun.<\/p>\n<p>Hun mener det ikke trengs en perspektivmelding om integrering:<\/p>\n<p>&#8211; Vi trenger \u00e5 stoppe innvandring fra land der vi har d\u00e5rlige integreringsresultater. Folkens, skal vi ta tryggheten tilbake, m\u00e5 vi ogs\u00e5 v\u00e6re \u00e6rlige om at vi har et integreringsproblem, sier hun.<\/p>\n<p>Teknisk kr\u00f8ll\t<\/p>\n<p>Frp-politikere fra hele landet er samlet til h\u00f8stkonferanse p\u00e5 Gardermoen, men har slitt med tekniske problemer.<\/p>\n<p>    <a itemprop=\"url\" href=\"https:\/\/www.dagbladet.no\/nyheter\/sterke-reaksjoner-boyer-seg-for-trump\/83806823\" rel=\"nofollow noopener\" target=\"_blank\"><\/p>\n<p>      <img loading=\"lazy\" decoding=\"async\" src=\"https:\/\/www.europesays.com\/no\/wp-content\/uploads\/2025\/11\/1762611194_582_83806974.webp\" width=\"980\" height=\"441\" title=\"Sterke reaksjoner: - B\u00f8yer seg for Trump\" alt=\"\" class=\"lazyload\" style=\"--aspect-ratio-image: 2.22; \"\/><\/p>\n<p>        Sterke reaksjoner: &#8211; B\u00f8yer seg for Trump<\/p>\n<p>    <\/a><\/p>\n<p>Klokka 11.35 var det fremdeles ingen Frp-leder p\u00e5 podiet, og noen f\u00e5 minutter seinere, ble det klart at talen ble utsatt til klokka 12.30.<\/p>\n<p>&#8211; Det har v\u00e6rt en fullstendig kollaps i hotellets tekniske anlegg. Vi skal gj\u00f8re noen justeringer for \u00e5 hente oss inn igjen. I mellomtida inviterer vi til lunsj, opplyste assisterende generalsekret\u00e6r Helge Fossum fra scenen.<\/p>\n","protected":false},"excerpt":{"rendered":"Sylvi Listhaug: Frp-leder Sylvi Listhaug mener det nye stortingsflertallet vil by p\u00e5 kaos &#8211; og en venstredreining av&hellip;\n","protected":false},"author":2,"featured_media":81843,"comment_status":"","ping_status":"","sticky":false,"template":"","format":"standard","meta":{"footnotes":""},"categories":[10],"tags":[20,21,24,25,680,15,9885,22,23,13,30,28,29,14,16,41,200,26,27],"class_list":{"0":"post-81842","1":"post","2":"type-post","3":"status-publish","4":"format-standard","5":"has-post-thumbnail","7":"category-norge","8":"tag-breaking-news","9":"tag-breakingnews","10":"tag-featured-news","11":"tag-featurednews","12":"tag-frp","13":"tag-headlines","14":"tag-konferanse","15":"tag-latest-news","16":"tag-latestnews","17":"tag-news","18":"tag-no","19":"tag-norge","20":"tag-norway","21":"tag-nyheter","22":"tag-overskrifter","23":"tag-politikk","24":"tag-sylvi-listhaug","25":"tag-top-stories","26":"tag-topstories"},"share_on_mastodon":{"url":"https:\/\/pubeurope.com\/@no\/115514495167891960","error":""},"_links":{"self":[{"href":"https:\/\/www.europesays.com\/no\/wp-json\/wp\/v2\/posts\/81842","targetHints":{"allow":["GET"]}}],"collection":[{"href":"https:\/\/www.europesays.com\/no\/wp-json\/wp\/v2\/posts"}],"about":[{"href":"https:\/\/www.europesays.com\/no\/wp-json\/wp\/v2\/types\/post"}],"author":[{"embeddable":true,"href":"https:\/\/www.europesays.com\/no\/wp-json\/wp\/v2\/users\/2"}],"replies":[{"embeddable":true,"href":"https:\/\/www.europesays.com\/no\/wp-json\/wp\/v2\/comments?post=81842"}],"version-history":[{"count":0,"href":"https:\/\/www.europesays.com\/no\/wp-json\/wp\/v2\/posts\/81842\/revisions"}],"wp:featuredmedia":[{"embeddable":true,"href":"https:\/\/www.europesays.com\/no\/wp-json\/wp\/v2\/media\/81843"}],"wp:attachment":[{"href":"https:\/\/www.europesays.com\/no\/wp-json\/wp\/v2\/media?parent=81842"}],"wp:term":[{"taxonomy":"category","embeddable":true,"href":"https:\/\/www.europesays.com\/no\/wp-json\/wp\/v2\/categories?post=81842"},{"taxonomy":"post_tag","embeddable":true,"href":"https:\/\/www.europesays.com\/no\/wp-json\/wp\/v2\/tags?post=81842"}],"curies":[{"name":"wp","href":"https:\/\/api.w.org\/{rel}","templated":true}]}}