{"id":81861,"date":"2025-11-08T14:36:06","date_gmt":"2025-11-08T14:36:06","guid":{"rendered":"https:\/\/www.europesays.com\/no\/81861\/"},"modified":"2025-11-08T14:36:06","modified_gmt":"2025-11-08T14:36:06","slug":"sport-fotball-na-har-han-reist-hjem","status":"publish","type":"post","link":"https:\/\/www.europesays.com\/no\/81861\/","title":{"rendered":"Sport, Fotball | N\u00e5 har han reist hjem"},"content":{"rendered":"\n<p><b>FOTBALL: <\/b>L\u00f8rdag morgen <a rel=\"Follow nofollow noopener\" href=\"https:\/\/www.fkh.no\/nyheter\/forlater-fk-haugesund-ved-sesongslutt\" target=\"_blank\">melder FKH<\/a> p\u00e5 sine nettsider at midtstopper Ilir Kukleci gir seg i klubben ved nytt\u00e5r. Det til tross for at 27-\u00e5ringen hadde kontrakt med klubben ut 2027.<\/p>\n<p>Kukleci kom gratis til FKH f\u00f8r sesongen, etter at han ikke forlenget kontrakten med Moss.<\/p>\n<p>\u2013 Skader preget oppholdet<\/p>\n<p>Debutsesongen i FKH har i stor del blitt \u00f8delagt av skader.<\/p>\n<p>Selv om partene ikke terminerer kontrakten f\u00f8r ved nytt\u00e5r, har Kukleci allerede reist hjem.<\/p>\n<p>\u00c5rsaken er at han likevel ikke hadde blitt spilleklar til sesongens tre siste kamper.<\/p>\n<p><b>\u2013 Vi har i fellesskap kommet fram til at Ilir returnerer til \u00d8stlandet allerede n\u00e5 og fortsetter rehabiliteringen p\u00e5 egen h\u00e5nd. Vi er ogs\u00e5 enige om \u00e5 avslutte kontraktsforholdet fra nytt\u00e5r slik at han st\u00e5r fritt til \u00e5 finne seg en ny klubb til neste sesong. Dessverre har skader preget oppholdet hans hos oss, men han har spilt med hjertet utenp\u00e5 drakten n\u00e5r han har v\u00e6rt i aksjon i trening og kamp og vi \u00f8nsker Ilir lykke til dit hvor neste steg f\u00f8rer han i fotballkarrieren, <a rel=\"Follow nofollow noopener\" href=\"https:\/\/www.fkh.no\/nyheter\/forlater-fk-haugesund-ved-sesongslutt\" target=\"_blank\">sier avtroppende sportslig leder Jostein Grindhaug i FKH til klubbens nettsider<\/a>.<\/b><\/p>\n<p>   <img decoding=\"async\" width=\"3827\" height=\"2551\" fetchpriority=\"low\"  loading=\"lazy\"  src=\"https:\/\/www.europesays.com\/no\/wp-content\/uploads\/2025\/11\/NTB_qAzoM6yTBQg.jpg\" alt=\"Fredrikstad 20250831. &#10;Haugesunds Ilir Kukleci under eliteseriekampen i fotball mellom Fredrikstad og Haugesund p\u00e5 Fredrikstad stadion.&#10;Foto: Thomas Andersen \/ NTB\" class=\"brick-c-cFOWSL\" style=\"--brick-image-ratio: 3827 \/ 2551;\"\/><\/p>\n<p>      FIKK SJU KAMPER: Ilir Kukleci.<br \/>\n      Foto: Thomas Andersen\/NTB\n    <\/p>\n<p>Dermed stopper Ilir Kukleci p\u00e5 sju offisielle kamper for FKH. Han noterte seg for en scoring, i 2-3-tapet hjemme mot V\u00e5lerenga 24. august.<\/p>\n<p>F\u00e5tt med deg ukens Frelst?<\/p>\n<p>    Vil du se neste video?<\/p>\n<p>    <a href=\"https:\/\/www.h-avis.no\/havner-i-nestenulykke-sa-du-det\/v\/5-62-1945523\" class=\"recommend-poster\" data-adp-clicklabel=\"video-recommend\" data-adp-clickvalue=\"poster\" rel=\"nofollow noopener\" target=\"_blank\"><br \/>\n      <img decoding=\"async\" width=\"200\" height=\"200\" loading=\"lazy\" src=\"https:\/\/www.europesays.com\/no\/wp-content\/uploads\/2025\/11\/Footage.00_00_00_00.Still002.jpg\" alt=\"\" class=\"brick-c-cFOWSL\" style=\"--brick-image-ratio: 200 \/ 200;\"\/><\/p>\n<p>Havner i nestenulykke: \u2013 S\u00e5 du det?1:23<\/p>\n<p>    <\/a><\/p>\n","protected":false},"excerpt":{"rendered":"FOTBALL: L\u00f8rdag morgen melder FKH p\u00e5 sine nettsider at midtstopper Ilir Kukleci gir seg i klubben ved nytt\u00e5r.&hellip;\n","protected":false},"author":2,"featured_media":81862,"comment_status":"","ping_status":"","sticky":false,"template":"","format":"standard","meta":{"footnotes":""},"categories":[59],"tags":[36,617,92,30,28,29,83,82,1510],"class_list":{"0":"post-81861","1":"post","2":"type-post","3":"status-publish","4":"format-standard","5":"has-post-thumbnail","7":"category-sport","8":"tag-art","9":"tag-fkh","10":"tag-fotball","11":"tag-no","12":"tag-norge","13":"tag-norway","14":"tag-sport","15":"tag-sports","16":"tag-story"},"share_on_mastodon":{"url":"https:\/\/pubeurope.com\/@no\/115514584896216114","error":""},"_links":{"self":[{"href":"https:\/\/www.europesays.com\/no\/wp-json\/wp\/v2\/posts\/81861","targetHints":{"allow":["GET"]}}],"collection":[{"href":"https:\/\/www.europesays.com\/no\/wp-json\/wp\/v2\/posts"}],"about":[{"href":"https:\/\/www.europesays.com\/no\/wp-json\/wp\/v2\/types\/post"}],"author":[{"embeddable":true,"href":"https:\/\/www.europesays.com\/no\/wp-json\/wp\/v2\/users\/2"}],"replies":[{"embeddable":true,"href":"https:\/\/www.europesays.com\/no\/wp-json\/wp\/v2\/comments?post=81861"}],"version-history":[{"count":0,"href":"https:\/\/www.europesays.com\/no\/wp-json\/wp\/v2\/posts\/81861\/revisions"}],"wp:featuredmedia":[{"embeddable":true,"href":"https:\/\/www.europesays.com\/no\/wp-json\/wp\/v2\/media\/81862"}],"wp:attachment":[{"href":"https:\/\/www.europesays.com\/no\/wp-json\/wp\/v2\/media?parent=81861"}],"wp:term":[{"taxonomy":"category","embeddable":true,"href":"https:\/\/www.europesays.com\/no\/wp-json\/wp\/v2\/categories?post=81861"},{"taxonomy":"post_tag","embeddable":true,"href":"https:\/\/www.europesays.com\/no\/wp-json\/wp\/v2\/tags?post=81861"}],"curies":[{"name":"wp","href":"https:\/\/api.w.org\/{rel}","templated":true}]}}