{"id":81877,"date":"2025-11-08T15:12:18","date_gmt":"2025-11-08T15:12:18","guid":{"rendered":"https:\/\/www.europesays.com\/no\/81877\/"},"modified":"2025-11-08T15:12:18","modified_gmt":"2025-11-08T15:12:18","slug":"demenssyke-bruce-willis-viste-seg-pa-tur","status":"publish","type":"post","link":"https:\/\/www.europesays.com\/no\/81877\/","title":{"rendered":"Demenssyke Bruce Willis viste seg p\u00e5 tur"},"content":{"rendered":"<p class=\"kicker \" style=\"\">Bruce Willis:<\/p>\n<p>  Sammen med pleieren sin tok Bruce Willis en sjelden tur ut i offentligheten.\u00a0<\/p>\n<p>\n    ALVORLIG SYK: Bruce Willis fikk i 2023 en aggresiv demensdiagnose. N\u00e5 har han blitt sett p\u00e5 rusletur med pleieren sin. Foto: AFP\/NTB\n  <\/p>\n<p>Det har g\u00e5tt tre og et halvt \u00e5r siden omverdenen fikk vite at Hollywood-stjernen Bruce Willis (70) var blitt syk.\u00a0<\/p>\n<p>    <a itemprop=\"url\" href=\"https:\/\/www.seher.no\/kjendis\/vurderte-skilsmisse\/83577180\" rel=\"nofollow noopener\" target=\"_blank\"><\/p>\n<p>      <img loading=\"lazy\" decoding=\"async\" src=\"https:\/\/www.europesays.com\/no\/wp-content\/uploads\/2025\/11\/83576407.webp\" width=\"980\" height=\"441\" title=\"- Vurderte skilsmisse\" alt=\"\" class=\"lazyload\" style=\"--aspect-ratio-image: 2.22; \"\/><\/p>\n<p>        &#8211; Vurderte skilsmisse<\/p>\n<p>    <\/a><\/p>\n<p>V\u00e5ren 2022 delte familien den brutale nyheten om at Bruce s\u00e5 seg n\u00f8dt til \u00e5 pensjonere seg fra skuespillerkarrieren. Grunnen var at han hadde blitt diagnostisert med afasi, som gir kognitive vansker.<\/p>\n<p>Ett \u00e5r senere delte familien nok en hjerteskj\u00e6rende oppdatering. Afasien var et symptom p\u00e5 det som viste seg \u00e5 v\u00e6re en aggressiv form for demens kalt frontotemporal demens (FTD). <\/p>\n<p>          <img loading=\"lazy\" decoding=\"async\" src=\"https:\/\/www.europesays.com\/no\/wp-content\/uploads\/2025\/11\/83825087.webp\" width=\"686\" height=\"522\" title=\"HOLDER SAMMEN: Emma st\u00e5r st\u00f8dig ved Bruces side. Foto: Instagram @emmahemingwillis\" alt=\"\" class=\"\" style=\"--aspect-ratio-image: 1.31; \"\/><\/p>\n<p>\n          HOLDER SAMMEN: Emma st\u00e5r st\u00f8dig ved Bruces side. Foto: Instagram @emmahemingwillis\n      <\/p>\n<p>I sommer ble det kjent at <a href=\"https:\/\/www.seher.no\/kjendis\/flyttet-ut-vanskeligste-avgjorelsen\/83517873\" rel=\"nofollow noopener\" target=\"_blank\">Bruce har flyttet ut<\/a> fra hjemmet sitt &#8211; som han deler med kona Emma Heming Willis (47) og barna Mabel (13) og Evelyn (11).\u00a0<\/p>\n<p>        Bruce Willis og hele hans familie var samlet for \u00e5 feire skuespillerens bursdag. Video: Klaus Fjellro \/ R\u00f8d L\u00f8per \/ Demi Moore via Instagram.<\/p>\n<p>Bruce bor n\u00e5 med et pleieteam p\u00e5 fulltid i en enetasjes bolig. P\u00e5 grunn av hvordan helsetilstanden hans utvikler seg, har han behov som stadig blir mer krevende og omfattende.<\/p>\n<p>Trengte st\u00f8tte p\u00e5 tur\t<\/p>\n<p>Torsdag denne uken ble Bruce fotografert under en sjelden offentlig tur. Langs strandpromenaden i Los Angeles gikk han sammen med en av pleierne sine.\u00a0<\/p>\n<p>    <a itemprop=\"url\" href=\"https:\/\/www.seher.no\/kjendis\/slar-tilbake-mot-kritikken\/83278282\" rel=\"nofollow noopener\" target=\"_blank\"><\/p>\n<p>      <img loading=\"lazy\" decoding=\"async\" src=\"https:\/\/www.europesays.com\/no\/wp-content\/uploads\/2025\/11\/83278000.webp\" width=\"980\" height=\"441\" title=\"Sl\u00e5r tilbake mot kritikken\" alt=\"\" class=\"lazyload\" style=\"--aspect-ratio-image: 2.22; \"\/><\/p>\n<p>        Sl\u00e5r tilbake mot kritikken<\/p>\n<p>    <\/a><\/p>\n<p>Bildene viser at 60-\u00e5ringen m\u00e5tte holde pleierens h\u00e5nd mens de gikk p\u00e5 turen. I ett \u00f8yeblikk m\u00e5tte han ogs\u00e5 strekke seg etter et rekkverk for \u00e5 f\u00e5 st\u00f8tte.\u00a0<\/p>\n<p>          <img loading=\"lazy\" decoding=\"async\" src=\"https:\/\/www.europesays.com\/no\/wp-content\/uploads\/2025\/11\/83825054.webp\" width=\"686\" height=\"981\" title=\"P\u00c5 TUR: Bruce fikk st\u00f8tte av pleieren sin under turen. Foto: Image Direct\" alt=\"\" class=\"\" style=\"--aspect-ratio-image: 0.70; \"\/><\/p>\n<p>\n          P\u00c5 TUR: Bruce fikk st\u00f8tte av pleieren sin under turen. Foto: Image Direct\n      <\/p>\n<p>B\u00e5de Bruce og pleieren var kledd i komfortable kl\u00e6r. Hollywood-stjernen skjermet seg fra solen med solbriller og en bl\u00e5 caps p\u00e5 hodet.\u00a0<\/p>\n<p>          <img loading=\"lazy\" decoding=\"async\" src=\"https:\/\/www.europesays.com\/no\/wp-content\/uploads\/2025\/11\/83825056.webp\" width=\"686\" height=\"961\" title=\"LENGE SIDEN SIST: Bruce hadde p\u00e5 seg komfortable kl\u00e6r p\u00e5 turen i Los Angeles. Han har ikke v\u00e6rt \u00e5 se i offentligheten siden januar. Foto: Image Direct\" alt=\"\" class=\"\" style=\"--aspect-ratio-image: 0.71; \"\/><\/p>\n<p>\n          LENGE SIDEN SIST: Bruce hadde p\u00e5 seg komfortable kl\u00e6r p\u00e5 turen i Los Angeles. Han har ikke v\u00e6rt \u00e5 se i offentligheten siden januar. Foto: Image Direct\n      <\/p>\n<p>Dette er <a href=\"https:\/\/www.seher.no\/kjendis\/dukket-opp-hjertet-mitt\/82530318\" rel=\"nofollow noopener\" target=\"_blank\">f\u00f8rste gang siden januar<\/a> at Bruce har blitt observert i offentligheten. Da tok han turen ut for \u00e5 takke de ansatte i brannvesenet for jobben de gjorde under brannen i Los Angeles.\u00a0<\/p>\n<p>&#8211; Hjernen svikter\t<\/p>\n<p>I august gjorde kona Emma et stort intervju med ABCs Diane Sawyer. Der fortalte hun at Bruce klarer seg fint fysisk, men at det er verre med det kognitive.\u00a0<\/p>\n<p>          <img loading=\"lazy\" decoding=\"async\" src=\"https:\/\/www.europesays.com\/no\/wp-content\/uploads\/2025\/11\/83825072.webp\" width=\"686\" height=\"440\" title=\"SMASK: Emma og Bruce har v\u00e6rt gift siden 2009. Her er de p\u00e5 premieren til Bruces film \u00abA Good Day to Die Hard\u00bb i Berlin i 2013. Foto: AP\/NTB\" alt=\"\" class=\"\" style=\"--aspect-ratio-image: 1.56; \"\/><\/p>\n<p>\n          SMASK: Emma og Bruce har v\u00e6rt gift siden 2009. Her er de p\u00e5 premieren til Bruces film \u00abA Good Day to Die Hard\u00bb i Berlin i 2013. Foto: AP\/NTB\n      <\/p>\n<p>&#8211; Bruce er fortsatt sv\u00e6rt mobil. Bruce har generelt sett virkelig god helse. Det er bare hjernen hans som svikter ham.<\/p>\n<p>Sykdommen p\u00e5virker ogs\u00e5 hvordan familien f\u00e5r kommunisert sammen, kunne Emma fortelle.\u00a0<\/p>\n<p>        T\u00c5RER: Tale Torp Torjussen tar til t\u00e5rene under framf\u00f8ringen p\u00e5 Skal vi danse.<\/p>\n<p>&#8211; Spr\u00e5ket forsvinner, og vi har l\u00e6rt oss \u00e5 tilpasse oss. Vi har en m\u00e5te \u00e5 kommunisere med ham p\u00e5 som bare er annerledes.<\/p>\n<p>P\u00e5virker d\u00f8trene\t<\/p>\n<p>Emma har uttalt at valget om \u00e5 flytte Bruce p\u00e5 et hjem var <a href=\"https:\/\/www.seher.no\/kjendis\/flyttet-ut-vanskeligste-avgjorelsen\/83517873\" rel=\"nofollow noopener\" target=\"_blank\">den vanskeligste avgj\u00f8relsen hun har tatt<\/a>. Familien passer derfor p\u00e5 \u00e5 komme ofte p\u00e5 bes\u00f8k.\u00a0<\/p>\n<p>    <a itemprop=\"url\" href=\"https:\/\/www.seher.no\/kjendis\/i-dag-er-en-tung-dag\/83223728\" rel=\"nofollow noopener\" target=\"_blank\"><\/p>\n<p>      <img loading=\"lazy\" decoding=\"async\" src=\"https:\/\/www.europesays.com\/no\/wp-content\/uploads\/2025\/11\/83223684.webp\" width=\"980\" height=\"441\" title=\"- I dag er en tung dag\" alt=\"\" class=\"lazyload\" style=\"--aspect-ratio-image: 2.22; \"\/><\/p>\n<p>        &#8211; I dag er en tung dag<\/p>\n<p>    <\/a><\/p>\n<p>&#8211; Det er v\u00e5rt andre hjem, s\u00e5 jentene har tingene sine der. Det er et hus som er fylt med kj\u00e6rlighet og varme og omsorg og latter. Det har v\u00e6rt vakkert \u00e5 se det &#8211; \u00e5 se hvor mange av Bruce sine venner som fortsetter \u00e5 stille opp for ham. De bringer liv og glede, sa Emma i ABC-programmet \u00abEmma &amp; Bruce Willis: The Unexpected Journey\u00bb.<\/p>\n<p>          <img loading=\"lazy\" decoding=\"async\" src=\"https:\/\/www.europesays.com\/no\/wp-content\/uploads\/2025\/11\/83825068.webp\" width=\"686\" height=\"783\" title=\"FAMILIEBILDE: Emma, Bruce, Evelyn og Mabel p\u00e5 en familieferie for noen \u00e5r tilbake. Foto: Instagram @brucewillisbw\" alt=\"\" class=\"\" style=\"--aspect-ratio-image: 0.88; \"\/><\/p>\n<p>\n          FAMILIEBILDE: Emma, Bruce, Evelyn og Mabel p\u00e5 en familieferie for noen \u00e5r tilbake. Foto: Instagram @brucewillisbw\n      <\/p>\n<p>N\u00e5 som Bruce har flyttet til et hjem, kan Emma konsentrere seg om \u00e5 bare v\u00e6re kona hans &#8211; og ikke en pleier.\u00a0<\/p>\n<p>Men hun legger ikke skjul p\u00e5 at de unge d\u00f8trene savner \u00e5 ha faren sin hjemme.\u00a0<\/p>\n<p>        F\u00c5 UT FINGER&#8217;N: I Bartekampens oppsiktsvekkende kampanje, f\u00e5r vi se flere kjente norske menn st\u00e5 opp i kampen mot prostatakreft. Video: Bartekampen \/ Per Heimly \/ Mikkel Hauge \/\/ Reporter: H\u00e5vard Bj\u00f8rnerem <\/p>\n<p>&#8211; Jeg tror det g\u00e5r bra med dem, til tross for alt. Men det er vanskelig. De er i sorg, de savner faren sin s\u00e5 mye. Han g\u00e5r glipp av store \u00f8yeblikk, som er t\u00f8ft for dem (&#8230;.) Jeg vet ikke om barna noen gang vil klare \u00e5 komme seg helt, men de l\u00e6rer og det gj\u00f8r jeg ogs\u00e5, sa hun til <a href=\"https:\/\/www.vogue.com.au\/culture\/features\/emma-heming-willis-on-grief-love-and-dementia-this-is-bigger-than-bruce-and-its-bigger-than-my-story\/news-story\/1cf17bc4068bd4c8e36e398c39bb3b63\" rel=\"nofollow noopener\" target=\"_blank\">Vogue Australia<\/a> i oktober.\u00a0\u00a0<\/p>\n<p>          <img loading=\"lazy\" decoding=\"async\" src=\"https:\/\/www.europesays.com\/no\/wp-content\/uploads\/2025\/11\/83825070.webp\" width=\"686\" height=\"467\" title=\"FILMSTJERNE: Bruce er mest kjent for \u00abDie Hard\u00bb-filmene. Her er han i \u00abDie Hard: With A Vengeance\u00bb. Foto: REX\/NTB\" alt=\"\" class=\"\" style=\"--aspect-ratio-image: 1.47; \"\/><\/p>\n<p>\n          FILMSTJERNE: Bruce er mest kjent for \u00abDie Hard\u00bb-filmene. Her er han i \u00abDie Hard: With A Vengeance\u00bb. Foto: REX\/NTB\n      <\/p>\n<p>St\u00e5r sammen\t<\/p>\n<p>I tillegg til d\u00f8trene med Emma, har Bruce d\u00f8trene Rumer (37), Scout (34) og Tallulah (31) med ekskona Demi Moore (62).\u00a0<\/p>\n<p>    <a itemprop=\"url\" href=\"https:\/\/www.seher.no\/kjendis\/usikker-pa-hva-han-vet\/83198379\" rel=\"nofollow noopener\" target=\"_blank\"><\/p>\n<p>      <img loading=\"lazy\" decoding=\"async\" src=\"https:\/\/www.europesays.com\/no\/wp-content\/uploads\/2025\/11\/83198403.webp\" width=\"980\" height=\"441\" title=\"- Usikker p\u00e5 hva han vet\" alt=\"\" class=\"lazyload\" style=\"--aspect-ratio-image: 2.22; \"\/><\/p>\n<p>        &#8211; Usikker p\u00e5 hva han vet<\/p>\n<p>    <\/a><\/p>\n<p>Emma og Demi har f\u00e5tt et enda tettere forhold etter at Bruce ble syk, til tross for \u00abdine og mine\u00bb barn.\u00a0<\/p>\n<p>&#8211; Vi vil alltid v\u00e6re en familie, bare p\u00e5 en litt annerledes m\u00e5te, har <a href=\"https:\/\/www.seher.no\/kjendis\/vi-vil-for-alltid-vaere-en-familie\/82683432\" rel=\"nofollow noopener\" target=\"_blank\">Demi tidligere fortalt<\/a>.<\/p>\n<p>          <img loading=\"lazy\" decoding=\"async\" src=\"https:\/\/www.europesays.com\/no\/wp-content\/uploads\/2025\/11\/83825080.webp\" width=\"686\" height=\"858\" title=\"FAMILIETID: Demi og d\u00f8trene bruker mye tid sammen med Bruce. Foto: Instagram @demimoore\" alt=\"\" class=\"\" style=\"--aspect-ratio-image: 0.80; \"\/><\/p>\n<p>\n          FAMILIETID: Demi og d\u00f8trene bruker mye tid sammen med Bruce. Foto: Instagram @demimoore\n      <\/p>\n<p>Ogs\u00e5 de voksne d\u00f8trene har uttalt seg om helsetilstanden til Bruce. Da skogbrannen herjet i California p\u00e5 starten av \u00e5ret, samlet alle i familien seg for \u00e5 vise hverandre st\u00f8tte.<\/p>\n<p>&#8211; Vi er alle s\u00e5 n\u00e6re, og det er s\u00e5 fint hvordan vi samler oss rundt hverandre. Vi er virkelig en enhet, uttalte <a href=\"https:\/\/www.seher.no\/kjendis\/ny-oppdatering-kjempebra\/82630734\" rel=\"nofollow noopener\" target=\"_blank\">Rumer p\u00e5 talkshowet \u00abLoose Women\u00bb<\/a>.\u00a0<\/p>\n","protected":false},"excerpt":{"rendered":"Bruce Willis: Sammen med pleieren sin tok Bruce Willis en sjelden tur ut i offentligheten.\u00a0 ALVORLIG SYK: Bruce&hellip;\n","protected":false},"author":2,"featured_media":81878,"comment_status":"","ping_status":"","sticky":false,"template":"","format":"standard","meta":{"footnotes":""},"categories":[58],"tags":[3321,3322,71,479,2543,30,28,29,72],"class_list":{"0":"post-81877","1":"post","2":"type-post","3":"status-publish","4":"format-standard","5":"has-post-thumbnail","7":"category-underholdning","8":"tag-bruce-willis","9":"tag-emma-heming-willis","10":"tag-entertainment","11":"tag-kjendis","12":"tag-kjendisdesken","13":"tag-no","14":"tag-norge","15":"tag-norway","16":"tag-underholdning"},"share_on_mastodon":{"url":"https:\/\/pubeurope.com\/@no\/115514726545073366","error":""},"_links":{"self":[{"href":"https:\/\/www.europesays.com\/no\/wp-json\/wp\/v2\/posts\/81877","targetHints":{"allow":["GET"]}}],"collection":[{"href":"https:\/\/www.europesays.com\/no\/wp-json\/wp\/v2\/posts"}],"about":[{"href":"https:\/\/www.europesays.com\/no\/wp-json\/wp\/v2\/types\/post"}],"author":[{"embeddable":true,"href":"https:\/\/www.europesays.com\/no\/wp-json\/wp\/v2\/users\/2"}],"replies":[{"embeddable":true,"href":"https:\/\/www.europesays.com\/no\/wp-json\/wp\/v2\/comments?post=81877"}],"version-history":[{"count":0,"href":"https:\/\/www.europesays.com\/no\/wp-json\/wp\/v2\/posts\/81877\/revisions"}],"wp:featuredmedia":[{"embeddable":true,"href":"https:\/\/www.europesays.com\/no\/wp-json\/wp\/v2\/media\/81878"}],"wp:attachment":[{"href":"https:\/\/www.europesays.com\/no\/wp-json\/wp\/v2\/media?parent=81877"}],"wp:term":[{"taxonomy":"category","embeddable":true,"href":"https:\/\/www.europesays.com\/no\/wp-json\/wp\/v2\/categories?post=81877"},{"taxonomy":"post_tag","embeddable":true,"href":"https:\/\/www.europesays.com\/no\/wp-json\/wp\/v2\/tags?post=81877"}],"curies":[{"name":"wp","href":"https:\/\/api.w.org\/{rel}","templated":true}]}}