{"id":81895,"date":"2025-11-08T15:28:20","date_gmt":"2025-11-08T15:28:20","guid":{"rendered":"https:\/\/www.europesays.com\/no\/81895\/"},"modified":"2025-11-08T15:28:20","modified_gmt":"2025-11-08T15:28:20","slug":"dagens-ros-ungdom-dagens-ros-til-skulen-og-fau","status":"publish","type":"post","link":"https:\/\/www.europesays.com\/no\/81895\/","title":{"rendered":"Dagens ros, Ungdom | Dagens ros til skulen og Fau"},"content":{"rendered":"\n<p>\u2013 Vi i Ungdomsbase Nord i Rosendal vil gjerne takka og fortelja kor stor pris vi sette p\u00e5 det framifr\u00e5 samarbeidet med Rosendal ungdomsskule n\u00e5r det gjeld Halloween-festen vi hadde torsdag 30. oktober. B\u00e5de dei tilsette p\u00e5 skulen og Fau var heilt fantastiske og avgjerande for at det blei ein flott fest for ungdommane v\u00e5re. Tusen takk! helsar ungdomsleiar Maur\u00edcio Weimar ved Ungdomsbase Nord.<\/p>\n","protected":false},"excerpt":{"rendered":"\u2013 Vi i Ungdomsbase Nord i Rosendal vil gjerne takka og fortelja kor stor pris vi sette p\u00e5&hellip;\n","protected":false},"author":2,"featured_media":81896,"comment_status":"","ping_status":"","sticky":false,"template":"","format":"standard","meta":{"footnotes":""},"categories":[56],"tags":[36,60,11070,61,11071,8568,62,30,28,29,1941,1510,3985],"class_list":{"0":"post-81895","1":"post","2":"type-post","3":"status-publish","4":"format-standard","5":"has-post-thumbnail","7":"category-naeringsliv","8":"tag-art","9":"tag-business","10":"tag-dagens-ros","11":"tag-economy","12":"tag-fau","13":"tag-halloween","14":"tag-naeringsliv","15":"tag-no","16":"tag-norge","17":"tag-norway","18":"tag-skule","19":"tag-story","20":"tag-ungdom"},"share_on_mastodon":{"url":"https:\/\/pubeurope.com\/@no\/115514789285310106","error":""},"_links":{"self":[{"href":"https:\/\/www.europesays.com\/no\/wp-json\/wp\/v2\/posts\/81895","targetHints":{"allow":["GET"]}}],"collection":[{"href":"https:\/\/www.europesays.com\/no\/wp-json\/wp\/v2\/posts"}],"about":[{"href":"https:\/\/www.europesays.com\/no\/wp-json\/wp\/v2\/types\/post"}],"author":[{"embeddable":true,"href":"https:\/\/www.europesays.com\/no\/wp-json\/wp\/v2\/users\/2"}],"replies":[{"embeddable":true,"href":"https:\/\/www.europesays.com\/no\/wp-json\/wp\/v2\/comments?post=81895"}],"version-history":[{"count":0,"href":"https:\/\/www.europesays.com\/no\/wp-json\/wp\/v2\/posts\/81895\/revisions"}],"wp:featuredmedia":[{"embeddable":true,"href":"https:\/\/www.europesays.com\/no\/wp-json\/wp\/v2\/media\/81896"}],"wp:attachment":[{"href":"https:\/\/www.europesays.com\/no\/wp-json\/wp\/v2\/media?parent=81895"}],"wp:term":[{"taxonomy":"category","embeddable":true,"href":"https:\/\/www.europesays.com\/no\/wp-json\/wp\/v2\/categories?post=81895"},{"taxonomy":"post_tag","embeddable":true,"href":"https:\/\/www.europesays.com\/no\/wp-json\/wp\/v2\/tags?post=81895"}],"curies":[{"name":"wp","href":"https:\/\/api.w.org\/{rel}","templated":true}]}}