{"id":81923,"date":"2025-11-08T16:03:29","date_gmt":"2025-11-08T16:03:29","guid":{"rendered":"https:\/\/www.europesays.com\/no\/81923\/"},"modified":"2025-11-08T16:03:29","modified_gmt":"2025-11-08T16:03:29","slug":"christine-flack-avslorer-sannheten-om-caroline-flacks-tragiske-bortgang","status":"publish","type":"post","link":"https:\/\/www.europesays.com\/no\/81923\/","title":{"rendered":"Christine Flack avsl\u00f8rer sannheten om Caroline Flacks tragiske bortgang"},"content":{"rendered":"<p class=\"kicker \" style=\"\">Christine Flack:\u00a0<\/p>\n<p>  Caroline Flacks mor r\u00f8rt til t\u00e5rer: &#8211; Ikke tro p\u00e5 alt du leser.\u00a0<\/p>\n<p>\n    KYSS: Caroline Flack gir et kyss til moren Christine Flack i 2016. Foto: Instagram \/ @carolineflack\n  <\/p>\n<p> Moren til avd\u00f8de Caroline Flack var sterkt preget da hun gjestet TV-programmet \u00abThis Morning\u00bb fredag morgen.<\/p>\n<p>    <a itemprop=\"url\" href=\"https:\/\/www.seher.no\/kjendis\/det-var-helt-forferdelig\/83823745\" rel=\"nofollow noopener\" target=\"_blank\"><\/p>\n<p>      <img loading=\"lazy\" decoding=\"async\" src=\"https:\/\/www.europesays.com\/no\/wp-content\/uploads\/2025\/11\/83824671.webp\" width=\"980\" height=\"441\" title=\"- Det var helt forferdelig\" alt=\"\" class=\"lazyload\" style=\"--aspect-ratio-image: 2.22; \"\/><\/p>\n<p>        &#8211; Det var helt forferdelig<\/p>\n<p>    <\/a><\/p>\n<p> Her delte hun \u00e5pent om den nye dokumentaren som tar for seg datterens liv &#8211; og altfor tidlige d\u00f8d.<\/p>\n<p class=\"font-weight-bold m-font-weight-bold\" data-lab-font_weight=\"font-weight-bold\">Den popul\u00e6re \u00abX Factor\u00bb og \u00abLove Island\u00bb-programlederen <a href=\"https:\/\/www.seher.no\/kjendis\/savner-henne-hver-dag\/72750391\" rel=\"nofollow noopener\" target=\"_blank\">tok sitt eget liv<\/a> i februar 2020, bare 40 \u00e5r gammel.<\/p>\n<p>          <img loading=\"lazy\" decoding=\"async\" src=\"https:\/\/www.europesays.com\/no\/wp-content\/uploads\/2025\/11\/83824959.webp\" width=\"686\" height=\"501\" title=\"SNAKKER UT: I \u00abThis Morning\u00bb-programmet fredag morgen delte Caroline Flacks mor sine tanker om d\u00f8dsfallet og situasjonen datteren befant seg i. Foto: Ken McKay\/ITV\/Shutterstock\/NTB\" alt=\"\" class=\"\" style=\"--aspect-ratio-image: 1.37; \"\/><\/p>\n<p>\n          SNAKKER UT: I \u00abThis Morning\u00bb-programmet fredag morgen delte Caroline Flacks mor sine tanker om d\u00f8dsfallet og situasjonen datteren befant seg i. Foto: Ken McKay\/ITV\/Shutterstock\/NTB\n      <\/p>\n<p class=\"font-weight-normal m-font-weight-normal\" data-lab-font_weight=\"font-weight-normal\">Tidligere i \u00e5r annonserte <a href=\"https:\/\/www.disneyplus.com\/nb-no?gclsrc=aw.ds&amp;cid=DSS-Search-Google-17944753176-&amp;s_kwcid=AL!8468!3!615985468741!b!!g!!135215378810-345498587914&amp;gad_source=1&amp;gad_campaignid=17944753176&amp;gbraid=0AAAAACzWEUERd8w9Y9BEsDdmnj-fU3XZY&amp;gclid=CjwKCAiAzrbIBhA3EiwAUBaUdQw3F98teESOwla5wsWqLcguK5dknUQNKEb-Omwb7FeZZwsY1mAe1RoC5d4QAvD_BwE\" style=\"font-weight: 400;\" rel=\"nofollow noopener\" target=\"_blank\">Disney+<\/a>\u00a0en ny dokumentar med nettopp Christine Flack i fokus. Her f\u00f8lger vi Christine som pr\u00f8ver \u00e5 forst\u00e5 den siste perioden i datterens liv.<\/p>\n<p>    <a itemprop=\"url\" href=\"https:\/\/www.seher.no\/kjendis\/vi-har-et-naert-forhold\/83730425\" rel=\"nofollow noopener\" target=\"_blank\"><\/p>\n<p>      <img loading=\"lazy\" decoding=\"async\" src=\"https:\/\/www.europesays.com\/no\/wp-content\/uploads\/2025\/11\/1762617808_147_83730435.webp\" width=\"980\" height=\"441\" title=\"- Vi har et n\u00e6rt forhold\" alt=\"\" class=\"lazyload\" style=\"--aspect-ratio-image: 2.22; \"\/><\/p>\n<p>        &#8211; Vi har et n\u00e6rt forhold<\/p>\n<p>    <\/a><\/p>\n<p class=\"font-weight-bold m-font-weight-bold\" data-lab-font_weight=\"font-weight-bold\"> I tillegg til dokumentaren, snakket hun ogs\u00e5 om den mye omtalte saken der Caroline angivelig skal ha\u00a0<a href=\"https:\/\/www.seher.no\/kjendis\/programleder-trekker-seg-etter-voldssiktelse\/71946494\" rel=\"nofollow noopener\" target=\"_blank\">skadet kj\u00e6resten Lewis Burton (33) med en lampe:<\/a>\u00a0<\/p>\n<p>          <img loading=\"lazy\" decoding=\"async\" src=\"https:\/\/www.europesays.com\/no\/wp-content\/uploads\/2025\/11\/83824968.webp\" width=\"686\" height=\"686\" title=\"MOR OG DATTER: Caroline Flack sammen med mamma Christine Flack p\u00e5 kaffedate tilbake i 2015. Foto: Instagram \/ @carolineflack\" alt=\"\" class=\"\" style=\"--aspect-ratio-image: 1.00; \"\/><\/p>\n<p>\n          MOR OG DATTER: Caroline Flack sammen med mamma Christine Flack p\u00e5 kaffedate tilbake i 2015. Foto: Instagram \/ @carolineflack\n      <\/p>\n<p>\u00a0&#8211; Jeg vil at myten om lampen skal forsvinne. Denne dokumentarfilmen beviser nettopp det. Ikke tro p\u00e5 alt du leser.\u00a0 Det viktigste er \u00e5 huske henne som hun virkelig var. N\u00e5r hun kom inn i et rom, s\u00e5 forandret hun det, forteller hun.\u00a0<\/p>\n<p> Christine mener at hvis Caroline hadde klart \u00e5 h\u00e5ndtere problemene sine, ville hun ha kommet seg tilbake i jobben:<\/p>\n<p>        VEKKER OPPSIKT: 21 \u00e5r gamle Gabby McCarthy g\u00e5r viralt etter sin innsjekk i \u00abLove Island Australia\u00bb-villaen. Video: TV 2 Play \/ R\u00f8d L\u00f8per<\/p>\n<p>&#8211; Hun s\u00f8kte hjelp innimellom, fordi hun var ikke perfekt. Hun hadde mange vanskelige perioder, perioder som andre kanskje ville ha taklet, men det gjorde ikke hun.<\/p>\n<p>          <img loading=\"lazy\" decoding=\"async\" src=\"https:\/\/www.europesays.com\/no\/wp-content\/uploads\/2025\/11\/83824977.webp\" width=\"980\" height=\"559\" title=\"MINNE: Christine Flack (i midten), moren til Caroline Flack, under avdukingen av en benk til minne om Caroline, satt opp for \u00e5 fremme selvmordsforebygging i 2024. Foto: Yui Mok \/ NTB\" alt=\"\" class=\"\" style=\"--aspect-ratio-image: 1.75; \"\/><\/p>\n<p>\n          MINNE: Christine Flack (i midten), moren til Caroline Flack, under avdukingen av en benk til minne om Caroline, satt opp for \u00e5 fremme selvmordsforebygging i 2024. Foto: Yui Mok \/ NTB\n      <\/p>\n<p>Hun fortsetter:\u00a0<\/p>\n<p>&#8211; Hele verden hennes forsvant, b\u00e5de hjemmet og jobbene hennes. Man kan forst\u00e5 hvorfor hun m\u00e5tte trekke seg fra jobben den gangen, men jeg tror hun ville ha f\u00e5tt den tilbake, forteller hun.<\/p>\n<p class=\"font-weight-bold m-font-weight-bold\" data-lab-font_weight=\"font-weight-bold\"><a href=\"https:\/\/www.seher.no\/kjendis\/hun-var-sa-trist\/72161227\" rel=\"nofollow noopener\" target=\"_blank\">Caroline trakk seg fra jobben som programleder<\/a> for det popul\u00e6re programmet \u00abLove Island\u00bb etter \u00e5 ha blitt arrestert og siktet for vold mot kj\u00e6resten tilbake i 2020.\u00a0<\/p>\n<p>          <img loading=\"lazy\" decoding=\"async\" src=\"https:\/\/www.europesays.com\/no\/wp-content\/uploads\/2025\/11\/83825179.webp\" width=\"686\" height=\"961\" title=\"\u00abLOVE ISLAND\u00bb: Caroline Flack ble verdenskjent som programleder for \u00abLove Island\u00bb. Foto: James Gourley \/ REX via NTB\" alt=\"\" class=\"\" style=\"--aspect-ratio-image: 0.71; \"\/><\/p>\n<p>\n          \u00abLOVE ISLAND\u00bb: Caroline Flack ble verdenskjent som programleder for \u00abLove Island\u00bb. Foto: James Gourley \/ REX via NTB\n      <\/p>\n<p>Den nye dokumentaren \u00abCaroline Flack: Search For The Truth\u00bb slippes mandag 10. november. I traileren ser vi blant annet Christine som deler tekstmeldinger og talemeldinger Caroline sendte til familie og venner f\u00f8r hun d\u00f8de.\u00a0<\/p>\n<p>&#8211; Jeg skulle \u00f8nske jeg hadde gjort noe tidligere, f\u00f8r hun tok sitt eget liv. Det er min st\u00f8rste sorg og anger, avslutter hun.<\/p>\n","protected":false},"excerpt":{"rendered":"Christine Flack:\u00a0 Caroline Flacks mor r\u00f8rt til t\u00e5rer: &#8211; Ikke tro p\u00e5 alt du leser.\u00a0 KYSS: Caroline Flack&hellip;\n","protected":false},"author":2,"featured_media":81924,"comment_status":"","ping_status":"","sticky":false,"template":"","format":"standard","meta":{"footnotes":""},"categories":[58],"tags":[11075,11074,71,479,4466,30,28,29,72],"class_list":{"0":"post-81923","1":"post","2":"type-post","3":"status-publish","4":"format-standard","5":"has-post-thumbnail","7":"category-underholdning","8":"tag-caroline-flack","9":"tag-christine-flack","10":"tag-entertainment","11":"tag-kjendis","12":"tag-love-island","13":"tag-no","14":"tag-norge","15":"tag-norway","16":"tag-underholdning"},"share_on_mastodon":{"url":"https:\/\/pubeurope.com\/@no\/115514927014371593","error":""},"_links":{"self":[{"href":"https:\/\/www.europesays.com\/no\/wp-json\/wp\/v2\/posts\/81923","targetHints":{"allow":["GET"]}}],"collection":[{"href":"https:\/\/www.europesays.com\/no\/wp-json\/wp\/v2\/posts"}],"about":[{"href":"https:\/\/www.europesays.com\/no\/wp-json\/wp\/v2\/types\/post"}],"author":[{"embeddable":true,"href":"https:\/\/www.europesays.com\/no\/wp-json\/wp\/v2\/users\/2"}],"replies":[{"embeddable":true,"href":"https:\/\/www.europesays.com\/no\/wp-json\/wp\/v2\/comments?post=81923"}],"version-history":[{"count":0,"href":"https:\/\/www.europesays.com\/no\/wp-json\/wp\/v2\/posts\/81923\/revisions"}],"wp:featuredmedia":[{"embeddable":true,"href":"https:\/\/www.europesays.com\/no\/wp-json\/wp\/v2\/media\/81924"}],"wp:attachment":[{"href":"https:\/\/www.europesays.com\/no\/wp-json\/wp\/v2\/media?parent=81923"}],"wp:term":[{"taxonomy":"category","embeddable":true,"href":"https:\/\/www.europesays.com\/no\/wp-json\/wp\/v2\/categories?post=81923"},{"taxonomy":"post_tag","embeddable":true,"href":"https:\/\/www.europesays.com\/no\/wp-json\/wp\/v2\/tags?post=81923"}],"curies":[{"name":"wp","href":"https:\/\/api.w.org\/{rel}","templated":true}]}}