{"id":81935,"date":"2025-11-08T16:38:10","date_gmt":"2025-11-08T16:38:10","guid":{"rendered":"https:\/\/www.europesays.com\/no\/81935\/"},"modified":"2025-11-08T16:38:10","modified_gmt":"2025-11-08T16:38:10","slug":"listhaug-det-gar-mot-en-historisk-venstredreining-av-norsk-politikk","status":"publish","type":"post","link":"https:\/\/www.europesays.com\/no\/81935\/","title":{"rendered":"Listhaug: \u2013 Det g\u00e5r mot en histo\u00adrisk venstre\u00addrei\u00adning av norsk poli\u00adtikk"},"content":{"rendered":"<p>\u2013 Arbeiderpartiet blir drevet fra skanse til skanse vekselvis av Senterpartiet p\u00e5 den ene siden og de tre r\u00f8de trillingene MDG, R\u00f8dt og SV fra den andre siden. Det g\u00e5r mot en venstredreining av norsk politikk som savner historisk sidestykke, sa Listhaug i sin tale til Frps-h\u00f8stkonferanse p\u00e5 Gardermoen l\u00f8rdag, der Frp-politikere fra hele landet er samlet.<\/p>\n<p>Frp-lederen har allerede gjentatte ganger kalt det nye politiske flertallet best\u00e5ende av Ap-regjeringen, Sp, SV, R\u00f8dt og MDG for \u00abkaoskameratene\u00bb. Det fortsetter hun med.<\/p>\n<p>\u2013 Etter to m\u00e5neder med kaoskameratene ved roret ser flere og flere at Norge trenger et stort og sterkt Frp, sa hun.<\/p>\n<p>Neste uke starter disse partiene forhandlingene om Norges statsbudsjett for 2026.<\/p>\n<p>\u2013 Det skal mildt sagt bli interessant \u00e5 f\u00f8lge.<\/p>\n<p>Refser SV<\/p>\n<p>Listhaug trekker fram flere poenger som hun mener beviser utfordringene p\u00e5 r\u00f8dgr\u00f8nn side:<\/p>\n<p>\u2013 Senterpartiet har sagt at de nekter \u00e5 sitte i samme rom som de r\u00f8de trillingene. MDG skal fortsette klappjakten p\u00e5 Norges viktigste n\u00e6ring, og de skal presse gjennom en s\u00e5kalt omstillingsavgift for \u00e5 presse opp kostnadene for olje- og gassn\u00e6ringen v\u00e5r, sa Listhaug.<\/p>\n<p>Videre refset hun SV for \u00e5 ha bes\u00f8kt moskeer i valgkampen og lovet ultimatum for at oljefondet skulle trekke seg ut av Israel, noe partiet senere gikk tilbake p\u00e5.<\/p>\n<p>\u2013 Feministpartiet SV. Med kvinnekamp og kvinnefrigj\u00f8ring som hjertesak i alle \u00e5r. Brukte valgkampen p\u00e5 \u00e5 reise rundt i konservative moskeer og muslimske milj\u00f8er, noen av dem med et middelaldersk kvinnesyn, sa Listhaug.<\/p>\n<p>\u2013 Selv om SV er desperat, er dette et lavm\u00e5l. Frp skal bekjempe verdier og holdninger som ikke h\u00f8rer hjemme i Norge, vi skal ikke smiske med dem.<\/p>\n<p>\u2013 M\u00e5 v\u00e6re \u00e6rlige<\/p>\n<p>I talen tok Listhaug til orde for en streng innvandringspolitikk, utsending av kriminelle utlendinger og at vi stiller langt strengere krav i integreringspolitikken.<\/p>\n<p>\u2013 Ogs\u00e5 av hensyn til alle lovlydige innvandrere som jobber, bidrar, integrerer seg, er det p\u00e5 tide \u00e5 sette foten ned for de som ikke gj\u00f8r det, sa hun.<\/p>\n<p>Hun mener det ikke trengs en perspektivmelding om integrering:<\/p>\n<p>\u2013 Vi trenger \u00e5 stoppe innvandring fra land der vi har d\u00e5rlige integreringsresultater. Folkens, skal vi ta tryggheten tilbake, m\u00e5 vi ogs\u00e5 v\u00e6re \u00e6rlige om at vi har et integreringsproblem.<\/p>\n<p>Ukraina-budskap<\/p>\n<p>Listhaug sier at Frp fortsatt st\u00e5r helhjertet bak Ukraina-st\u00f8tten, men varsler samtidig at det g\u00e5r en grense for hvor mye man kan gi.<\/p>\n<p>\u2013 Det kommer stadig krav fra blant annet MDG og Venstre om \u00e5 \u00f8ke hjelpen. Det h\u00f8res litt ut som de snakker om lekepenger der de kaster ut tall p\u00e5 det som er svimlende summer, sa hun.<\/p>\n<p>Hun vil ikke v\u00e6re med p\u00e5 en budkrig der partiene kappes om \u00e5 overby hverandre.<\/p>\n<p>Frp vil heller ikke v\u00e6re med p\u00e5 \u00e5 stille som garantist for et gigantisk EU-l\u00e5n til Ukraina, slik flere partier har tatt til orde for.<\/p>\n<p>\u2013 Det kommer ikke Frp til \u00e5 bidra til. Vi st\u00f8tter Ukraina, men ikke \u00e5 sette store bel\u00f8p av v\u00e5re felles sparepenger p\u00e5 spill.<\/p>\n<p>Forventninger til ny H\u00f8yre-leder<\/p>\n<p>Alt i alt mener Frp-lederen vi har spennende tider i vente. Og hun ser fram til at en ny H\u00f8yre-ledelse skal velges i februar.<\/p>\n<p>\u2013 Jeg h\u00e5per p\u00e5 et godt samarbeid mellom v\u00e5re to partier. Slik at vi kan jobbe for \u00e5 f\u00e5 p\u00e5 plass en ny regjering fram mot 2029, sa hun.<\/p>\n<p>Etter alle solemerker blir det Ine Eriksen S\u00f8reide Frp skal samarbeide med som H\u00f8yre-leder.<\/p>\n<p>\u2013 Jeg h\u00e5per p\u00e5 en ny politisk kurs i H\u00f8yre. Ikke minst i klimapolitikken der partiet har rotet seg helt bort. Den symbolske klimapolitikken m\u00e5 bort og realismen tilbake. Det h\u00e5per jeg ogs\u00e5 i H\u00f8yre snart, sa Listhaug til applaus fra salen.<\/p>\n","protected":false},"excerpt":{"rendered":"\u2013 Arbeiderpartiet blir drevet fra skanse til skanse vekselvis av Senterpartiet p\u00e5 den ene siden og de tre&hellip;\n","protected":false},"author":2,"featured_media":81936,"comment_status":"","ping_status":"","sticky":false,"template":"","format":"standard","meta":{"footnotes":""},"categories":[10],"tags":[20,21,24,25,577,15,22,23,13,30,28,29,14,16,200,26,27],"class_list":{"0":"post-81935","1":"post","2":"type-post","3":"status-publish","4":"format-standard","5":"has-post-thumbnail","7":"category-norge","8":"tag-breaking-news","9":"tag-breakingnews","10":"tag-featured-news","11":"tag-featurednews","12":"tag-fremskrittspartiet-frp","13":"tag-headlines","14":"tag-latest-news","15":"tag-latestnews","16":"tag-news","17":"tag-no","18":"tag-norge","19":"tag-norway","20":"tag-nyheter","21":"tag-overskrifter","22":"tag-sylvi-listhaug","23":"tag-top-stories","24":"tag-topstories"},"share_on_mastodon":{"url":"https:\/\/pubeurope.com\/@no\/115515064640542518","error":""},"_links":{"self":[{"href":"https:\/\/www.europesays.com\/no\/wp-json\/wp\/v2\/posts\/81935","targetHints":{"allow":["GET"]}}],"collection":[{"href":"https:\/\/www.europesays.com\/no\/wp-json\/wp\/v2\/posts"}],"about":[{"href":"https:\/\/www.europesays.com\/no\/wp-json\/wp\/v2\/types\/post"}],"author":[{"embeddable":true,"href":"https:\/\/www.europesays.com\/no\/wp-json\/wp\/v2\/users\/2"}],"replies":[{"embeddable":true,"href":"https:\/\/www.europesays.com\/no\/wp-json\/wp\/v2\/comments?post=81935"}],"version-history":[{"count":0,"href":"https:\/\/www.europesays.com\/no\/wp-json\/wp\/v2\/posts\/81935\/revisions"}],"wp:featuredmedia":[{"embeddable":true,"href":"https:\/\/www.europesays.com\/no\/wp-json\/wp\/v2\/media\/81936"}],"wp:attachment":[{"href":"https:\/\/www.europesays.com\/no\/wp-json\/wp\/v2\/media?parent=81935"}],"wp:term":[{"taxonomy":"category","embeddable":true,"href":"https:\/\/www.europesays.com\/no\/wp-json\/wp\/v2\/categories?post=81935"},{"taxonomy":"post_tag","embeddable":true,"href":"https:\/\/www.europesays.com\/no\/wp-json\/wp\/v2\/tags?post=81935"}],"curies":[{"name":"wp","href":"https:\/\/api.w.org\/{rel}","templated":true}]}}