{"id":81941,"date":"2025-11-08T16:46:11","date_gmt":"2025-11-08T16:46:11","guid":{"rendered":"https:\/\/www.europesays.com\/no\/81941\/"},"modified":"2025-11-08T16:46:11","modified_gmt":"2025-11-08T16:46:11","slug":"priskrig-mat-og-drikke-priskrigen-er-i-gang","status":"publish","type":"post","link":"https:\/\/www.europesays.com\/no\/81941\/","title":{"rendered":"Priskrig, Mat og drikke | Priskrigen er i gang"},"content":{"rendered":"\n<p><a rel=\"noopener nofollow\" href=\"https:\/\/www.tv2.no\/nyheter\/innenriks\/kun-fem-kroner-ingen-teknisk-feil\/18267370\/\" target=\"_blank\">TV 2<\/a> skriver at pepperkakeprisen har gjort et kraftig fall l\u00f8rdag morgen.<\/p>\n<p><b>Det begynte med at Coop Extra satte ned prisen p\u00e5 Berthas pepperkaker fra 24,90 kroner til 5 kroner.<\/b><\/p>\n<p>\u2013 Extra markerer at jula n\u00e6rmer seg med en spinnvill pris. Det er et superpopul\u00e6rt produkt i disse tider, og en tredel av salget skjer i oktober og november, sier Harald Kristiansen, kommunikasjonsdirekt\u00f8r Coop til <a rel=\"noopener nofollow\" href=\"https:\/\/www.vg.no\/nyheter\/i\/5Emr7K\/julens-priskrig-i-gang-pepperkakene-paa-coop-extra-koster-fem-kroner\" target=\"_blank\">VG<\/a> , som ogs\u00e5 har skrevet om priskrigen.<\/p>\n<p>  <a href=\"https:\/\/www.tb.no\/5-76-2711831\" class=\"related-teaser has-image default-story-teaser article--c-eRUmMG article--c-eRUmMG-jKCPdD-design-default\" rel=\"nofollow noopener\" target=\"_blank\"><\/p>\n<p>    <img decoding=\"async\" loading=\"lazy\"  src=\"https:\/\/www.europesays.com\/no\/wp-content\/uploads\/2025\/11\/IMG_9882.jpg\" alt=\"\" class=\"brick-c-cFOWSL\" style=\"\"\/><\/p>\n<p>\n            Les ogs\u00e5<\/p>\n<p>              \u2013 H\u00e5per for Guds skyld at ingen kj\u00f8per disse til fullpris\n        <\/p>\n<p>  <\/a><\/p>\n<p><b>Kiwi har svart p\u00e5 prisfallet, og satte l\u00f8rdag ogs\u00e5 ned sine pepperkakepriser. Kiwi-sjef Vegard Kjuus forteller at de ogs\u00e5 har gode priser p\u00e5 k\u00e5lrot (9,90 kroner kiloen).<\/b><\/p>\n<p>Folk som vil sikre seg billige pepperkaker, b\u00f8r skynde seg. Prisene varer neppe lenge, antyder Kristiansen i Coop. Det er ogs\u00e5 en begrensning p\u00e5 tre bokser per kunde.<\/p>\n<p>  <a href=\"https:\/\/www.tb.no\/5-76-2671190\" class=\"related-teaser has-image default-story-teaser article--c-eRUmMG article--c-eRUmMG-jKCPdD-design-default\" rel=\"nofollow noopener\" target=\"_blank\"><\/p>\n<p>    <img decoding=\"async\" loading=\"lazy\"  src=\"https:\/\/www.europesays.com\/no\/wp-content\/uploads\/2025\/11\/IMG_5241.JPG\" alt=\"\" class=\"brick-c-cFOWSL\" style=\"\"\/><\/p>\n<p>\n            Les ogs\u00e5<\/p>\n<p>              Priskrig p\u00e5 laks: Elleville prisforskjeller\n        <\/p>\n<p>  <\/a><\/p>\n","protected":false},"excerpt":{"rendered":"TV 2 skriver at pepperkakeprisen har gjort et kraftig fall l\u00f8rdag morgen. Det begynte med at Coop Extra&hellip;\n","protected":false},"author":2,"featured_media":81942,"comment_status":"","ping_status":"","sticky":false,"template":"","format":"standard","meta":{"footnotes":""},"categories":[5],"tags":[36,20,21,24,25,15,19,22,23,17,18,2036,13,30,28,29,14,16,7627,7636,1510,26,27],"class_list":{"0":"post-81941","1":"post","2":"type-post","3":"status-publish","4":"format-standard","5":"has-post-thumbnail","7":"category-overskrifter","8":"tag-art","9":"tag-breaking-news","10":"tag-breakingnews","11":"tag-featured-news","12":"tag-featurednews","13":"tag-headlines","14":"tag-hovedoppslag","15":"tag-latest-news","16":"tag-latestnews","17":"tag-main-news","18":"tag-mainnews","19":"tag-mat-og-drikke","20":"tag-news","21":"tag-no","22":"tag-norge","23":"tag-norway","24":"tag-nyheter","25":"tag-overskrifter","26":"tag-pepperkaker","27":"tag-priskrig","28":"tag-story","29":"tag-top-stories","30":"tag-topstories"},"share_on_mastodon":{"url":"https:\/\/pubeurope.com\/@no\/115515096205047690","error":""},"_links":{"self":[{"href":"https:\/\/www.europesays.com\/no\/wp-json\/wp\/v2\/posts\/81941","targetHints":{"allow":["GET"]}}],"collection":[{"href":"https:\/\/www.europesays.com\/no\/wp-json\/wp\/v2\/posts"}],"about":[{"href":"https:\/\/www.europesays.com\/no\/wp-json\/wp\/v2\/types\/post"}],"author":[{"embeddable":true,"href":"https:\/\/www.europesays.com\/no\/wp-json\/wp\/v2\/users\/2"}],"replies":[{"embeddable":true,"href":"https:\/\/www.europesays.com\/no\/wp-json\/wp\/v2\/comments?post=81941"}],"version-history":[{"count":0,"href":"https:\/\/www.europesays.com\/no\/wp-json\/wp\/v2\/posts\/81941\/revisions"}],"wp:featuredmedia":[{"embeddable":true,"href":"https:\/\/www.europesays.com\/no\/wp-json\/wp\/v2\/media\/81942"}],"wp:attachment":[{"href":"https:\/\/www.europesays.com\/no\/wp-json\/wp\/v2\/media?parent=81941"}],"wp:term":[{"taxonomy":"category","embeddable":true,"href":"https:\/\/www.europesays.com\/no\/wp-json\/wp\/v2\/categories?post=81941"},{"taxonomy":"post_tag","embeddable":true,"href":"https:\/\/www.europesays.com\/no\/wp-json\/wp\/v2\/tags?post=81941"}],"curies":[{"name":"wp","href":"https:\/\/api.w.org\/{rel}","templated":true}]}}