{"id":81943,"date":"2025-11-08T16:52:19","date_gmt":"2025-11-08T16:52:19","guid":{"rendered":"https:\/\/www.europesays.com\/no\/81943\/"},"modified":"2025-11-08T16:52:19","modified_gmt":"2025-11-08T16:52:19","slug":"konsert-folken-heftig-trengsel-i-forbindelse-med-konsert","status":"publish","type":"post","link":"https:\/\/www.europesays.com\/no\/81943\/","title":{"rendered":"Konsert, Folken | Heftig trengsel i forbindelse med konsert"},"content":{"rendered":"\n<p>Fredag klokken 21.43 rykket politiet ut til L\u00f8kkeveien i Stavanger.<\/p>\n<p><b>\u2013 Politiet er p\u00e5 et utested etter melding om br\u00e5k og trengsel der, sa operasjonsleder Olaug Bj\u00f8rnsen kort tid etter utrykningen.<\/b><\/p>\n<p>(Artikkelen fortsetter under bildet)<\/p>\n<p>   <img decoding=\"async\" width=\"4080\" height=\"3060\" fetchpriority=\"low\"  loading=\"lazy\"  src=\"https:\/\/www.europesays.com\/no\/wp-content\/uploads\/2025\/11\/20251107_215814.jpg\" alt=\"\" class=\"brick-c-cFOWSL\" style=\"--brick-image-ratio: 4080 \/ 3060;\"\/><\/p>\n<p>Det skal ha v\u00e6rt flere russegrupper til stede for \u00e5 overv\u00e6re en konsert p\u00e5 Folken.<\/p>\n<p>To politibiler var p\u00e5 plass klokken 22.00.<\/p>\n<p><b>\u2013 De roper i h\u00f8yttalere at arrangementet er avsluttet. L\u00f8kkeveien er stengt i et felt, sa Sandnespostens reporter p\u00e5 stedet litt over klokken 22.00.<\/b><\/p>\n<p>Politiet var raskt p\u00e5 plass.<\/p>\n<p>\u2013 Det var trengsel og kaos der, og var fare for at folk kunne bli skadet. Politiet fors\u00f8ker \u00e5 f\u00e5 gjestene ut fra inngangspartiet og lokalet, sa Bj\u00f8rnsen klokken 22.15.<\/p>\n<p>Lokalet var i ferd med \u00e5 t\u00f8mmes klokken 22.25.<\/p>\n<p><b>\u2013 Politiet har avsluttet arrangementet, melder operasjonsleder Bj\u00f8rnsen.<\/b><\/p>\n<p>    Vil du se neste video?<\/p>\n<p>    <a href=\"https:\/\/www.sandnesposten.no\/marthe-forlot-helsevesenet-etter-fem-ar-matte-ga-for-dette\/v\/5-105-1248407\" class=\"recommend-poster\" data-adp-clicklabel=\"video-recommend\" data-adp-clickvalue=\"poster\" rel=\"nofollow noopener\" target=\"_blank\"><br \/>\n      <img decoding=\"async\" width=\"200\" height=\"200\" loading=\"lazy\" src=\"https:\/\/www.europesays.com\/no\/wp-content\/uploads\/2025\/11\/Helsearbeider.jpg\" alt=\"\" class=\"brick-c-cFOWSL\" style=\"--brick-image-ratio: 200 \/ 200;\"\/><\/p>\n<p>Marthe forlot helsevesenet etter fem \u00e5r: \u2013 M\u00e5tte g\u00e5 for dette1:29<\/p>\n<p>    <\/a><\/p>\n","protected":false},"excerpt":{"rendered":"Fredag klokken 21.43 rykket politiet ut til L\u00f8kkeveien i Stavanger. \u2013 Politiet er p\u00e5 et utested etter melding&hellip;\n","protected":false},"author":2,"featured_media":81944,"comment_status":"","ping_status":"","sticky":false,"template":"","format":"standard","meta":{"footnotes":""},"categories":[10],"tags":[36,20,21,24,25,11077,15,155,22,23,13,30,28,29,14,16,1306,1510,26,27],"class_list":{"0":"post-81943","1":"post","2":"type-post","3":"status-publish","4":"format-standard","5":"has-post-thumbnail","7":"category-norge","8":"tag-art","9":"tag-breaking-news","10":"tag-breakingnews","11":"tag-featured-news","12":"tag-featurednews","13":"tag-folken","14":"tag-headlines","15":"tag-konsert","16":"tag-latest-news","17":"tag-latestnews","18":"tag-news","19":"tag-no","20":"tag-norge","21":"tag-norway","22":"tag-nyheter","23":"tag-overskrifter","24":"tag-stavanger","25":"tag-story","26":"tag-top-stories","27":"tag-topstories"},"share_on_mastodon":{"url":"https:\/\/pubeurope.com\/@no\/115515119789835454","error":""},"_links":{"self":[{"href":"https:\/\/www.europesays.com\/no\/wp-json\/wp\/v2\/posts\/81943","targetHints":{"allow":["GET"]}}],"collection":[{"href":"https:\/\/www.europesays.com\/no\/wp-json\/wp\/v2\/posts"}],"about":[{"href":"https:\/\/www.europesays.com\/no\/wp-json\/wp\/v2\/types\/post"}],"author":[{"embeddable":true,"href":"https:\/\/www.europesays.com\/no\/wp-json\/wp\/v2\/users\/2"}],"replies":[{"embeddable":true,"href":"https:\/\/www.europesays.com\/no\/wp-json\/wp\/v2\/comments?post=81943"}],"version-history":[{"count":0,"href":"https:\/\/www.europesays.com\/no\/wp-json\/wp\/v2\/posts\/81943\/revisions"}],"wp:featuredmedia":[{"embeddable":true,"href":"https:\/\/www.europesays.com\/no\/wp-json\/wp\/v2\/media\/81944"}],"wp:attachment":[{"href":"https:\/\/www.europesays.com\/no\/wp-json\/wp\/v2\/media?parent=81943"}],"wp:term":[{"taxonomy":"category","embeddable":true,"href":"https:\/\/www.europesays.com\/no\/wp-json\/wp\/v2\/categories?post=81943"},{"taxonomy":"post_tag","embeddable":true,"href":"https:\/\/www.europesays.com\/no\/wp-json\/wp\/v2\/tags?post=81943"}],"curies":[{"name":"wp","href":"https:\/\/api.w.org\/{rel}","templated":true}]}}