{"id":81952,"date":"2025-11-08T17:06:09","date_gmt":"2025-11-08T17:06:09","guid":{"rendered":"https:\/\/www.europesays.com\/no\/81952\/"},"modified":"2025-11-08T17:06:09","modified_gmt":"2025-11-08T17:06:09","slug":"eiker-trafikk-veien-apnes-delvis-etter-ras-gatt-bedre-enn-forventet","status":"publish","type":"post","link":"https:\/\/www.europesays.com\/no\/81952\/","title":{"rendered":"Eiker, Trafikk | Veien \u00e5pnes delvis etter ras: \u2013 G\u00e5tt bedre enn forventet"},"content":{"rendered":"\n<p><b>\u00d8VRE EIKER:<\/b> Ordf\u00f8rer i \u00d8vre Eiker, Adrian Tollefsen, kommer med en gladnyhet: veien ble \u00e5pnet klokken 15 i dag, og vil v\u00e6re delvis \u00e5pnet mens arbeidene p\u00e5g\u00e5r.<\/p>\n<p>\u2013 Arbeidene med den midlertidige sikringen har g\u00e5tt bedre enn forventet, skriver han til Drammens Tidende.<\/p>\n<p>Kommunen, fylkeskommunen og andre etater var i m\u00f8te vedr\u00f8rende raset l\u00f8rdag ettermiddag. De kan allerede fortelle at veien kommer til \u00e5 v\u00e6re \u00e5pen fram til klokken \u00e5tte mandag morgen for trafikk med totalvekt inntil fire tonn.<\/p>\n<p><b>\u2013 Fra mandag til fredag vil veien v\u00e6re \u00e5pen en halvtime midt p\u00e5 dagen, og fra 17 til 18 i perioder mens arbeidene p\u00e5g\u00e5r, legger han til.<\/b><\/p>\n<p>I tillegg til dette vil veien v\u00e6re \u00e5pen i helgene.<\/p>\n<p>   <img decoding=\"async\" width=\"2048\" height=\"1536\" fetchpriority=\"low\"  loading=\"lazy\"  src=\"https:\/\/www.europesays.com\/no\/wp-content\/uploads\/2025\/11\/att.Ks4lq1X8HKjcnfz09NIOxaGdaQBCeoaEgvtw-Gw9bQc.jpeg\" alt=\"\" class=\"brick-c-cFOWSL\" style=\"--brick-image-ratio: 2048 \/ 1536;\"\/><\/p>\n<p>      DELVIS \u00c5PNET: Det vil n\u00e5 v\u00e6re mulig \u00e5 bruke Hakavikveien deler av d\u00f8gnet.<br \/>\n      Foto: \u00d8vre Eiker R\u00f8de Kors\n    <\/p>\n<p><b>Raset har isolert mellom 50 til 100 mennesker, som har brukt b\u00e5ten MS Eikern som framkomstmiddel mens veien var stengt. B\u00e5ten vil kj\u00f8re de planlagte avgangene s\u00f8ndag, men vil avvikles etter dette.<\/b><\/p>\n<p>\u2013 Det er viktig med forutsigbarhet for innbyggerne, selv om veien er \u00e5pen, forteller ordf\u00f8reren.<\/p>\n<p>Skolevei<\/p>\n<p>N\u00e5 som veien \u00e5pnes vil skolebussen igjen g\u00e5 som vanlig.<\/p>\n<p><b>\u2013 G\u00e5ende og syklende vil kunne passere hele tiden, men m\u00e5 vente til de blir ledet forbi arbeidsstedet.<\/b><\/p>\n<p>Tidsrommet veien \u00e5pnes kan endres ettersom arbeidene g\u00e5r fremover. Endringene vil varsles fra Buskerud fylkeskommune per SMS til beboere.<\/p>\n<p>  <a href=\"https:\/\/www.dt.no\/5-57-2728466\" class=\"related-teaser has-image default-story-teaser article--c-eRUmMG article--c-eRUmMG-jKCPdD-design-default\" rel=\"nofollow noopener\" target=\"_blank\"><\/p>\n<p>    <img decoding=\"async\" loading=\"lazy\"  src=\"https:\/\/www.europesays.com\/no\/wp-content\/uploads\/2025\/11\/3b20f541-f6a6-4396-8944-b561c717ec8a+%281%29.jpg\" alt=\"\" class=\"brick-c-cFOWSL\" style=\"\"\/><\/p>\n<p>\n            Les ogs\u00e5<\/p>\n<p>              Kan bli stengt i flere uker: \u2013 Veldig usikkert\n        <\/p>\n<p>  <\/a><\/p>\n<p>  <a href=\"https:\/\/www.dt.no\/5-57-2727777\" class=\"related-teaser has-image default-story-teaser article--c-eRUmMG article--c-eRUmMG-jKCPdD-design-default\" rel=\"nofollow noopener\" target=\"_blank\"><\/p>\n<p>    <img decoding=\"async\" loading=\"lazy\"  src=\"https:\/\/www.europesays.com\/no\/wp-content\/uploads\/2025\/11\/574643161_823377627082375_8470252515082497019_n+%281%29.jpg\" alt=\"\" class=\"brick-c-cFOWSL\" style=\"\"\/><\/p>\n<p>\n            Les ogs\u00e5<\/p>\n<p>              Fortviler etter raset: \u2013 Det blir tungvint\n        <\/p>\n<p>  <\/a><\/p>\n<p>  <a href=\"https:\/\/www.dt.no\/5-57-2727455\" class=\"related-teaser has-image default-story-teaser article--c-eRUmMG article--c-eRUmMG-jKCPdD-design-default\" rel=\"nofollow noopener\" target=\"_blank\"><\/p>\n<p>    <img decoding=\"async\" loading=\"lazy\"  src=\"https:\/\/www.europesays.com\/no\/wp-content\/uploads\/2025\/11\/1762621569_317_3b20f541-f6a6-4396-8944-b561c717ec8a+%281%29.jpg\" alt=\"\" class=\"brick-c-cFOWSL\" style=\"\"\/><\/p>\n<p>\n            Les ogs\u00e5<\/p>\n<p>              Flere innestengt etter ras: \u2013 Veien kan klappe sammen\n        <\/p>\n<p>  <\/a><\/p>\n","protected":false},"excerpt":{"rendered":"\u00d8VRE EIKER: Ordf\u00f8rer i \u00d8vre Eiker, Adrian Tollefsen, kommer med en gladnyhet: veien ble \u00e5pnet klokken 15 i&hellip;\n","protected":false},"author":2,"featured_media":81953,"comment_status":"","ping_status":"","sticky":false,"template":"","format":"standard","meta":{"footnotes":""},"categories":[10],"tags":[36,20,21,454,24,25,15,22,23,13,30,28,29,14,16,778,1510,26,27,224],"class_list":{"0":"post-81952","1":"post","2":"type-post","3":"status-publish","4":"format-standard","5":"has-post-thumbnail","7":"category-norge","8":"tag-art","9":"tag-breaking-news","10":"tag-breakingnews","11":"tag-eiker","12":"tag-featured-news","13":"tag-featurednews","14":"tag-headlines","15":"tag-latest-news","16":"tag-latestnews","17":"tag-news","18":"tag-no","19":"tag-norge","20":"tag-norway","21":"tag-nyheter","22":"tag-overskrifter","23":"tag-ovre-eiker","24":"tag-story","25":"tag-top-stories","26":"tag-topstories","27":"tag-trafikk"},"share_on_mastodon":{"url":"https:\/\/pubeurope.com\/@no\/115515174859855546","error":""},"_links":{"self":[{"href":"https:\/\/www.europesays.com\/no\/wp-json\/wp\/v2\/posts\/81952","targetHints":{"allow":["GET"]}}],"collection":[{"href":"https:\/\/www.europesays.com\/no\/wp-json\/wp\/v2\/posts"}],"about":[{"href":"https:\/\/www.europesays.com\/no\/wp-json\/wp\/v2\/types\/post"}],"author":[{"embeddable":true,"href":"https:\/\/www.europesays.com\/no\/wp-json\/wp\/v2\/users\/2"}],"replies":[{"embeddable":true,"href":"https:\/\/www.europesays.com\/no\/wp-json\/wp\/v2\/comments?post=81952"}],"version-history":[{"count":0,"href":"https:\/\/www.europesays.com\/no\/wp-json\/wp\/v2\/posts\/81952\/revisions"}],"wp:featuredmedia":[{"embeddable":true,"href":"https:\/\/www.europesays.com\/no\/wp-json\/wp\/v2\/media\/81953"}],"wp:attachment":[{"href":"https:\/\/www.europesays.com\/no\/wp-json\/wp\/v2\/media?parent=81952"}],"wp:term":[{"taxonomy":"category","embeddable":true,"href":"https:\/\/www.europesays.com\/no\/wp-json\/wp\/v2\/categories?post=81952"},{"taxonomy":"post_tag","embeddable":true,"href":"https:\/\/www.europesays.com\/no\/wp-json\/wp\/v2\/tags?post=81952"}],"curies":[{"name":"wp","href":"https:\/\/api.w.org\/{rel}","templated":true}]}}