{"id":81954,"date":"2025-11-08T17:09:12","date_gmt":"2025-11-08T17:09:12","guid":{"rendered":"https:\/\/www.europesays.com\/no\/81954\/"},"modified":"2025-11-08T17:09:12","modified_gmt":"2025-11-08T17:09:12","slug":"derfor-har-de-en-helt-spesiell-relasjon","status":"publish","type":"post","link":"https:\/\/www.europesays.com\/no\/81954\/","title":{"rendered":"Derfor har de en helt spesiell relasjon"},"content":{"rendered":"<p>Under forrige \u00abSkal vi Danse\u00bb-sending dedikerte \u00abGod morgen Norge\u00bb-programleder Desta Beeder (37) dansen til venninne og journalist Vilde Worren.\u00a0 \u00a0<\/p>\n<p>Beeder fortalte innledningsvis hvordan hun hadde f\u00f8lt seg alene i barndommen, men at livet ble lettere etter at hun m\u00f8tte Worren gjennom jobb i 2011.<\/p>\n<p>        <img class=\"image__img lazyload\" itemprop=\"image\" title=\"Foto: Thomas Andersen \/ TV 2 \/ TV 2 \/ NTB\" alt=\"EMOSJONELT: P\u00e5 slutten av dansen kom venninnen l\u00f8pende ut p\u00e5 parketten for \u00e5 gi Desta en klem. Foto: Thomas Andersen \/ TV 2 \/ TV 2 \/ NTB\" width=\"675\" height=\"453\" bad-src=\"https:\/\/www.europesays.com\/no\/wp-content\/uploads\/2025\/11\/18266961.webp\" fetchpriority=\"auto\" \/><\/p>\n<p>      EMOSJONELT: P\u00e5 slutten av dansen kom venninnen l\u00f8pende ut p\u00e5 parketten for \u00e5 gi Desta en klem.<br \/>\n         Foto: Thomas Andersen \/ TV 2 \/ TV 2 \/ NTB<\/p>\n<p class=\"bold m-bold\" data-lab-font_weight=\"bold\">\u2013 Hun sa \u00abjeg heter Vilde og vi skal bli venner\u00bb. Jeg f\u00f8lte jeg pustet for f\u00f8rste gang, og da bare lukket jeg det kapittelet, fortalte programlederen i sendingen.\u00a0<\/p>\n<p>\u2013 Har v\u00e6rt veldig fint\u00a0<\/p>\n<p>Da TV 2 m\u00f8tte Beeder p\u00e5 dansesenteret tidligere denne uken, forteller hun om fine og triste meldinger fra andre som kjente seg igjen i det \u00e5 v\u00e6re ensom.\u00a0<\/p>\n<p>        <img class=\"image__img lazyload\" itemprop=\"image\" title=\"Foto: TV 2\" alt=\"P\u00c5 DANSESENTERET: Desta Marie Beeder. Foto: TV 2\" width=\"675\" height=\"453\" bad-src=\"https:\/\/www.europesays.com\/no\/wp-content\/uploads\/2025\/11\/18266967.webp\" fetchpriority=\"auto\" \/><\/p>\n<p>      P\u00c5 DANSESENTERET: Desta Marie Beeder.<br \/>\n         Foto: TV 2<\/p>\n<p>\u2013 Det har v\u00e6rt veldig fint. Jeg var litt spent p\u00e5 hvordan det skulle g\u00e5 \u00e5 v\u00e6re s\u00e5 personlig, men jeg er glad jeg gjorde det, forteller hun.<\/p>\n<p>Gift med \u00abGod morgen Norge\u00bb-kollega\u00a0<\/p>\n<p>Venninnene har ogs\u00e5 en annen kobling, da Vilde er gift med Beeders \u00abGod morgen Norge\u00bb-kollega Espen Fiveland (51).\u00a0<\/p>\n<p>\u2013 Jeg er ogs\u00e5 veldig god venn med Espen, men enda bedre venn med Vilde, humrer hun og forteller at de blant annet er p\u00e5 ferie sammen.\u00a0<\/p>\n<p>        <img class=\"image__img lazyload\" itemprop=\"image\" title=\"Foto: Haakon Liberg \/ TV 2\" alt=\"\u00abGOD MORGEN NORGE\u00bb: (F.v.) Espen Fiveland, Peter Bubresko og Desta Marie Beeder. Foto: Haakon Liberg \/ TV 2\" width=\"675\" height=\"574\" bad-src=\"https:\/\/www.europesays.com\/no\/wp-content\/uploads\/2025\/11\/16755016.webp\" fetchpriority=\"auto\" \/><\/p>\n<p>      \u00abGOD MORGEN NORGE\u00bb: (F.v.) Espen Fiveland, Peter Bubresko og Desta Marie Beeder.<br \/>\n         Foto: Haakon Liberg \/ TV 2<\/p>\n<p>\u2013 Jeg bes\u00f8ker dem veldig ofte, og de har begge v\u00e6rt \u00e5 sette p\u00e5 sendingen. Det er et veldig n\u00e6rt og godt forhold som jeg setter veldig stor pris p\u00e5.\u00a0<\/p>\n<p>Beeder startet jobben i som programleder for \u00abGod morgen Norge\u00bb i 2018, og Fiveland i 2014.\u00a0<\/p>\n<p>\u2013 N\u00e5r vi er hjemme hos hverandre p\u00e5 bes\u00f8k s\u00e5 legger vi jobb helt vekk, s\u00e5 da har vi en annen tone. Det fungerer veldig bra. Det kan aldri bli for mye Espen.\u00a0<\/p>\n","protected":false},"excerpt":{"rendered":"Under forrige \u00abSkal vi Danse\u00bb-sending dedikerte \u00abGod morgen Norge\u00bb-programleder Desta Beeder (37) dansen til venninne og journalist Vilde&hellip;\n","protected":false},"author":2,"featured_media":81955,"comment_status":"","ping_status":"","sticky":false,"template":"","format":"standard","meta":{"footnotes":""},"categories":[58],"tags":[71,30,28,29,72],"class_list":{"0":"post-81954","1":"post","2":"type-post","3":"status-publish","4":"format-standard","5":"has-post-thumbnail","7":"category-underholdning","8":"tag-entertainment","9":"tag-no","10":"tag-norge","11":"tag-norway","12":"tag-underholdning"},"share_on_mastodon":{"url":"https:\/\/pubeurope.com\/@no\/115515186383566050","error":""},"_links":{"self":[{"href":"https:\/\/www.europesays.com\/no\/wp-json\/wp\/v2\/posts\/81954","targetHints":{"allow":["GET"]}}],"collection":[{"href":"https:\/\/www.europesays.com\/no\/wp-json\/wp\/v2\/posts"}],"about":[{"href":"https:\/\/www.europesays.com\/no\/wp-json\/wp\/v2\/types\/post"}],"author":[{"embeddable":true,"href":"https:\/\/www.europesays.com\/no\/wp-json\/wp\/v2\/users\/2"}],"replies":[{"embeddable":true,"href":"https:\/\/www.europesays.com\/no\/wp-json\/wp\/v2\/comments?post=81954"}],"version-history":[{"count":0,"href":"https:\/\/www.europesays.com\/no\/wp-json\/wp\/v2\/posts\/81954\/revisions"}],"wp:featuredmedia":[{"embeddable":true,"href":"https:\/\/www.europesays.com\/no\/wp-json\/wp\/v2\/media\/81955"}],"wp:attachment":[{"href":"https:\/\/www.europesays.com\/no\/wp-json\/wp\/v2\/media?parent=81954"}],"wp:term":[{"taxonomy":"category","embeddable":true,"href":"https:\/\/www.europesays.com\/no\/wp-json\/wp\/v2\/categories?post=81954"},{"taxonomy":"post_tag","embeddable":true,"href":"https:\/\/www.europesays.com\/no\/wp-json\/wp\/v2\/tags?post=81954"}],"curies":[{"name":"wp","href":"https:\/\/api.w.org\/{rel}","templated":true}]}}