{"id":81960,"date":"2025-11-08T17:20:07","date_gmt":"2025-11-08T17:20:07","guid":{"rendered":"https:\/\/www.europesays.com\/no\/81960\/"},"modified":"2025-11-08T17:20:07","modified_gmt":"2025-11-08T17:20:07","slug":"trafikk-eiker-full-utrykning-til-nytt-ras","status":"publish","type":"post","link":"https:\/\/www.europesays.com\/no\/81960\/","title":{"rendered":"Trafikk, Eiker | Full utrykning til nytt ras"},"content":{"rendered":"\n<p><b>\u00d8VRE EIKER: <\/b>L\u00f8rdag ettermiddag har det g\u00e5tt et nytt ras p\u00e5 Hakavikveien i Hakavik i \u00d8vre Eiker. Det bekrefter b\u00e5de politiet og fylkeskommunen overfor Drammens Tidende.<\/p>\n<p><b>Samtlige n\u00f8detater er p\u00e5 vei til stedet.<\/b><\/p>\n<p>Stengt \u2013 igjen<\/p>\n<p>Operasjonsleder \u00d8ystein Eikedalen i politiet sier meldingen akkurat har kommet inn.<\/p>\n<p>\u2013 V\u00e5r forel\u00f8pige situasjonsforst\u00e5else er at massene som har blitt fylt opp igjen der oppe, n\u00e5 har rast ut igjen i Eikern. Kommunen og fylkeskommunen er varslet, sier han.<\/p>\n<p>Veien ble <a href=\"https:\/\/www.dt.no\/veien-apnes-delvis-etter-ras-gatt-bedre-enn-forutsett\/s\/5-57-2730331\" rel=\"Follow nofollow noopener\" target=\"_blank\">gjen\u00e5pnet l\u00f8rdag ettermiddag<\/a>, men er n\u00e5 helt stengt igjen, if\u00f8lge politiet og fylkeskommunen.<\/p>\n<p>\u2013 Vi er p\u00e5 vei sammen med brann og helse, for \u00e5 utelukke at noen kan ha g\u00e5tt i vannet, sier Eikedalen som samtidig understreker at de ikke har grunn til \u00e5 tro at noen er skadet i raset.<\/p>\n<p>R\u00f8de Kors har v\u00e6rt p\u00e5 stedet, og er sikre p\u00e5 at ingen personer er tatt av raset, men vil for sikkerhetsskyld sende opp en drone.<\/p>\n<p>Saken blir oppdatert!<\/p>\n","protected":false},"excerpt":{"rendered":"\u00d8VRE EIKER: L\u00f8rdag ettermiddag har det g\u00e5tt et nytt ras p\u00e5 Hakavikveien i Hakavik i \u00d8vre Eiker. Det&hellip;\n","protected":false},"author":2,"featured_media":24401,"comment_status":"","ping_status":"","sticky":false,"template":"","format":"standard","meta":{"footnotes":""},"categories":[10],"tags":[36,20,21,454,24,25,15,22,23,13,30,28,29,14,16,778,1510,26,27,224],"class_list":{"0":"post-81960","1":"post","2":"type-post","3":"status-publish","4":"format-standard","5":"has-post-thumbnail","7":"category-norge","8":"tag-art","9":"tag-breaking-news","10":"tag-breakingnews","11":"tag-eiker","12":"tag-featured-news","13":"tag-featurednews","14":"tag-headlines","15":"tag-latest-news","16":"tag-latestnews","17":"tag-news","18":"tag-no","19":"tag-norge","20":"tag-norway","21":"tag-nyheter","22":"tag-overskrifter","23":"tag-ovre-eiker","24":"tag-story","25":"tag-top-stories","26":"tag-topstories","27":"tag-trafikk"},"share_on_mastodon":{"url":"https:\/\/pubeurope.com\/@no\/115515229776332627","error":""},"_links":{"self":[{"href":"https:\/\/www.europesays.com\/no\/wp-json\/wp\/v2\/posts\/81960","targetHints":{"allow":["GET"]}}],"collection":[{"href":"https:\/\/www.europesays.com\/no\/wp-json\/wp\/v2\/posts"}],"about":[{"href":"https:\/\/www.europesays.com\/no\/wp-json\/wp\/v2\/types\/post"}],"author":[{"embeddable":true,"href":"https:\/\/www.europesays.com\/no\/wp-json\/wp\/v2\/users\/2"}],"replies":[{"embeddable":true,"href":"https:\/\/www.europesays.com\/no\/wp-json\/wp\/v2\/comments?post=81960"}],"version-history":[{"count":0,"href":"https:\/\/www.europesays.com\/no\/wp-json\/wp\/v2\/posts\/81960\/revisions"}],"wp:featuredmedia":[{"embeddable":true,"href":"https:\/\/www.europesays.com\/no\/wp-json\/wp\/v2\/media\/24401"}],"wp:attachment":[{"href":"https:\/\/www.europesays.com\/no\/wp-json\/wp\/v2\/media?parent=81960"}],"wp:term":[{"taxonomy":"category","embeddable":true,"href":"https:\/\/www.europesays.com\/no\/wp-json\/wp\/v2\/categories?post=81960"},{"taxonomy":"post_tag","embeddable":true,"href":"https:\/\/www.europesays.com\/no\/wp-json\/wp\/v2\/tags?post=81960"}],"curies":[{"name":"wp","href":"https:\/\/api.w.org\/{rel}","templated":true}]}}