{"id":81961,"date":"2025-11-08T17:21:12","date_gmt":"2025-11-08T17:21:12","guid":{"rendered":"https:\/\/www.europesays.com\/no\/81961\/"},"modified":"2025-11-08T17:21:12","modified_gmt":"2025-11-08T17:21:12","slug":"lsk-ble-historiske-da-ik-start-rykket-opp-til-eliteserien","status":"publish","type":"post","link":"https:\/\/www.europesays.com\/no\/81961\/","title":{"rendered":"LSK ble historiske da IK Start rykket opp til Eliteserien"},"content":{"rendered":"\n<p class=\"_lead_o9xde_2 _lead_xtcu6_50 layout-component text-serif-m layout-normal text-serif-l layout-component layout-wide layout-padded _wide_17hqh_1 layout-padded\">LSK ble historiske i Obos-ligaen, men p\u00e5 den siste dagen handlet alt om den elleville kampen om den siste direkte opprykksplassen.<\/p>\n<p><img alt=\"EUFORI: Det blir eliteseriefotball i Kristiansand i 2026.  Foto: MARIUS SIMENSEN \/ Bildbyr\u00e5n\" class=\"_image_qp4xg_65 layout-component layout-wide\" data-fullscreen- data-track-element-type=\"Article image fullscreen\" data-track-name=\"ImageFullscreen\" fetchpriority=\"high\" decoding=\"sync\" loading=\"eager\" height=\"2729\" itemprop=\"image\"  src=\"https:\/\/www.europesays.com\/no\/wp-content\/uploads\/2025\/11\/d584ab2a-effb-46cb-bb80-7f39b8b00c21\"  style=\"object-position:0% 0%\" width=\"4101\"\/>EUFORI: Det blir eliteseriefotball i Kristiansand i 2026.  Foto: MARIUS SIMENSEN \/ Bildbyr\u00e5n Oppdatert l\u00f8rdag 8. november kl. 18:17     <\/p>\n<p class=\"_paragraph_o9xde_4 _paragraph_xtcu6_10 layout-component text-serif-m layout-normal text-serif-m layout-padded\">F\u00f8r siste runde kunne b\u00e5de Kongsvinger, Start og Aalesund ta andreplassen og rykke opp til Eliteserien.<\/p>\n<p class=\"_paragraph_o9xde_4 _paragraph_xtcu6_10 layout-component text-serif-m layout-normal text-serif-m layout-padded\">Det var Start som sikret opprykket p\u00e5 dramatisk vis, og s\u00f8rlendingene kunne slippe jubelen l\u00f8s i hovestaden etter en dr\u00f8mmeomgang med to scoringer fra H\u00e5kon Lorentzen.<\/p>\n<p class=\"_paragraph_o9xde_4 _paragraph_xtcu6_10 layout-component text-serif-m layout-normal text-serif-m layout-padded\">\u2013 Det er s\u00e5 deilig, sier Lorentzen til TV 2 f\u00f8r han ble overfalt av bortesupportere p\u00e5 gressmatten p\u00e5 Bislett.<\/p>\n<p><img alt=\"Foto: Terje Pedersen \/ NTB\" class=\"_image_qp4xg_65 layout-component layout-normal\" data-fullscreen- data-track-element-type=\"Article image fullscreen\" data-track-name=\"ImageFullscreen\" decoding=\"async\" loading=\"lazy\" height=\"4000\" itemprop=\"image\"  src=\"https:\/\/www.europesays.com\/no\/wp-content\/uploads\/2025\/11\/5eb51f4b-e95d-4cf9-8b71-d6fc2406f171\"  style=\"object-position:0% 0%\" width=\"6000\"\/>Foto: Terje Pedersen \/ NTB<\/p>\n<p class=\"_paragraph_o9xde_4 _paragraph_xtcu6_10 layout-component text-serif-m layout-normal text-serif-m layout-padded\">Azar Karadas og Start-spillerne fulgte sluttminuttene mellom \u00c5sane og Kongsvinger p\u00e5 mobil. Etter noen dramatiske minutter kunne de gulkledde juble for opprykket etter fem strake sesonger p\u00e5 niv\u00e5 to.<\/p>\n<p class=\"_paragraph_o9xde_4 _paragraph_xtcu6_10 layout-component text-serif-m layout-normal text-serif-m layout-padded\"><strong class=\"_strong_o9xde_25\">\u2013 Se p\u00e5 den gjengen her. Se p\u00e5 de. Det er en gjeng med krigere. Det er s\u00e5 fortjent &#8211; det er s\u00e5 fortjent, sier en adrenalinfyllt Azar Karadas til TV 2 mens han peker p\u00e5 de tilreisende Start-supporterne etter at opprykket var sikret.<\/strong><\/p>\n<p class=\"_paragraph_o9xde_4 _paragraph_xtcu6_10 layout-component text-serif-m layout-normal text-serif-m layout-padded\">Noen sekunder senere var gressmatten i hovedstaden overfylt med bortesupportere.<\/p>\n<p><img alt=\"Foto: Terje Pedersen \/ NTB\" class=\"_image_qp4xg_65 layout-component layout-normal\" data-fullscreen- data-track-element-type=\"Article image fullscreen\" data-track-name=\"ImageFullscreen\" decoding=\"async\" loading=\"lazy\" height=\"3887\" itemprop=\"image\"  src=\"https:\/\/www.europesays.com\/no\/wp-content\/uploads\/2025\/11\/4510314f-2d28-47ed-bc3d-a25cec458835\"  style=\"object-position:0% 0%\" width=\"5831\"\/>Foto: Terje Pedersen \/ NTB<\/p>\n<p class=\"_paragraph_o9xde_4 _paragraph_xtcu6_10 layout-component text-serif-m layout-normal text-serif-m layout-padded\">Lillestr\u00f8m var allerede klare for opprykk etter \u00e5 ha vunnet <a href=\"https:\/\/www.vg.no\/tag\/obos-ligaen?utm_source=vg-article&amp;utm_medium=auto-tagger&amp;utm_campaign=dRgr7q\" class=\"_link_o9xde_39\" rel=\"nofollow noopener\" target=\"_blank\">Obos-ligaen<\/a> soleklart, uten \u00e5 ha tapt en eneste kamp. <\/p>\n<p class=\"_paragraph_o9xde_4 _paragraph_xtcu6_10 layout-component text-serif-m layout-normal text-serif-m layout-padded\"><strong class=\"_strong_o9xde_25\">L\u00f8rdag ble Hans-Erik \u00d8degaards lag historiske \u2013 da de seiret mot Stab\u00e6k og ble f\u00f8rste lag i moderne tid som har g\u00e5tt ubeseiret gjennom niv\u00e5 to en hel sesong.<\/strong><\/p>\n<p class=\"_paragraph_o9xde_4 _paragraph_xtcu6_10 layout-component text-serif-m layout-normal text-serif-m layout-padded\">P\u00e5 plassene bak dem var det spenning til siste spark p\u00e5 ballen.<\/p>\n<p><img alt=\"OVERLEGNE: Eric Kitolano satte 3\u20130 for Lillestr\u00f8m mot Stab\u00e6k. Det ga LSK deres 25. seier for sesongen.   Foto: Stian Lysberg Solum \/ NTB\" class=\"_image_qp4xg_65 layout-component layout-normal\" data-fullscreen- data-track-element-type=\"Article image fullscreen\" data-track-name=\"ImageFullscreen\" decoding=\"async\" loading=\"lazy\" height=\"5416\" itemprop=\"image\"  src=\"https:\/\/www.europesays.com\/no\/wp-content\/uploads\/2025\/11\/46331f68-d842-4a3a-82aa-46eb6a465bfb\"  style=\"object-position:0% 0%\" width=\"8124\"\/>OVERLEGNE: Eric Kitolano satte 3\u20130 for Lillestr\u00f8m mot Stab\u00e6k. Det ga LSK deres 25. seier for sesongen.   Foto: Stian Lysberg Solum \/ NTB<\/p>\n<p class=\"_paragraph_o9xde_4 _paragraph_xtcu6_10 layout-component text-serif-m layout-normal text-serif-m layout-padded\">Start gjorde jobben p\u00e5 Bislett. <\/p>\n<ul class=\"_list_o9xde_3 _list_xtcu6_9 _unordered_o9xde_106 layout-component text-serif-m layout-normal text-serif-m layout-padded\">\n<li class=\"_item_o9xde_30\"> Etter en halvtime kriget H\u00e5kon Lorentzen inn 1\u20130 over Lyn \u2013 og det tok av i det gulkledde bortefeltet.<\/li>\n<li class=\"_item_o9xde_30\">Like f\u00f8r hvilen var samme mann fremp\u00e5 p\u00e5 ny og doblet ledelsen med en lekker flikk.<\/li>\n<\/ul>\n<p class=\"_paragraph_o9xde_4 _paragraph_xtcu6_10 layout-component text-serif-m layout-normal text-serif-m layout-padded\"><strong class=\"_strong_o9xde_25\">Til pause hadde Start en fot i Eliteserien. Med femogf\u00f8rti minutter igjen av sesongen var det opp til AaFK og Kongsvinger \u00e5 svare.<\/strong><\/p>\n<p><img alt=\"H\u00e5kon Lorentzen ble helten for Start.  Foto: Terje Pedersen \/ NTB\" class=\"_image_qp4xg_65 layout-component layout-normal\" data-fullscreen- data-track-element-type=\"Article image fullscreen\" data-track-name=\"ImageFullscreen\" decoding=\"async\" loading=\"lazy\" height=\"3536\" itemprop=\"image\"  src=\"https:\/\/www.europesays.com\/no\/wp-content\/uploads\/2025\/11\/3c299b8b-1ab9-4ede-be4d-6b6b1c2e889b\"  style=\"object-position:0% 0%\" width=\"5304\"\/>H\u00e5kon Lorentzen ble helten for Start.  Foto: Terje Pedersen \/ NTB<\/p>\n<p class=\"_paragraph_o9xde_4 _paragraph_xtcu6_10 layout-component text-serif-m layout-normal text-serif-m layout-padded\">I Oslo sikret Sander Sj\u00f8kvist seieren for Start fra straffemerket. <\/p>\n<p class=\"_paragraph_o9xde_4 _paragraph_xtcu6_10 layout-component text-serif-m layout-normal text-serif-m layout-padded\">I \u00c5sane var det et drama uten sidestykke. Vertene og Kongsvinger fikk hver sin store sjanse rett etter sidebytte, s\u00e6rlig Aalesund som fikk et fors\u00f8k reddet p\u00e5 strek.<\/p>\n<p class=\"_paragraph_o9xde_4 _paragraph_xtcu6_10 layout-component text-serif-m layout-normal text-serif-m layout-padded\">S\u00e5 ble det vanskelig for gjestene i \u00e5sane. Sondre Norheim fikk marsjordre for de opprykksjagende gjestene. <\/p>\n<p class=\"_paragraph_o9xde_4 _paragraph_xtcu6_10 layout-component text-serif-m layout-normal text-serif-m layout-padded\">Dr\u00f8mmen var i ferd med \u00e5 bli en realitet for s\u00f8rlendingene. <\/p>\n<p class=\"_paragraph_o9xde_4 _paragraph_xtcu6_10 layout-component text-serif-m layout-normal text-serif-m layout-padded\">Det haglet med r\u00f8de kort i Bergen, \u00c5sane fikk en mann utvist. Treneren deres Eirik Bakke fikk ogs\u00e5 r\u00f8dt.<\/p>\n<p class=\"_paragraph_o9xde_4 _paragraph_xtcu6_10 layout-component text-serif-m layout-normal text-serif-m layout-padded\">Kongsvinger presset p\u00e5 med alt de hadde. Daniel Lysg\u00e5rd fikk en enorm mulighet p\u00e5 overtid av overtiden, men det holdt ikke. Det endte 0\u20130. <\/p>\n<p><img alt=\"SKUFFELSE: Kongsvinger l\u00e5 p\u00e5 annenplass f\u00f8r runden, men klarte ikke \u00e5 levere varene borte mot \u00c5sane.   Foto: Paul S. Amundsen \/ NTB\" class=\"_image_qp4xg_65 layout-component layout-normal\" data-fullscreen- data-track-element-type=\"Article image fullscreen\" data-track-name=\"ImageFullscreen\" decoding=\"async\" loading=\"lazy\" height=\"2409\" itemprop=\"image\"  src=\"https:\/\/www.europesays.com\/no\/wp-content\/uploads\/2025\/11\/10b5cbff-0162-4e5f-b58b-8cb3d9350a0e\"  style=\"object-position:0% 0%\" width=\"3613\"\/>SKUFFELSE: Kongsvinger l\u00e5 p\u00e5 annenplass f\u00f8r runden, men klarte ikke \u00e5 levere varene borte mot \u00c5sane.   Foto: Paul S. Amundsen \/ NTB<\/p>\n<p class=\"_paragraph_o9xde_4 _paragraph_xtcu6_10 layout-component text-serif-m layout-normal text-serif-m layout-padded\">Odd fikk en pinlig avslutning p\u00e5 det som har v\u00e6rt en skrekkelig sesong for den tidligere eliteserieklubben. <\/p>\n<p class=\"_paragraph_o9xde_4 _paragraph_xtcu6_10 layout-component text-serif-m layout-normal text-serif-m layout-padded\">De tapte hele 5\u20132 mot nedrykksklare Skeid. De tok sin andre seier p\u00e5 det 30. fors\u00f8ket for OBOS-liga sesongen. <\/p>\n<p class=\"_paragraph_o9xde_4 _paragraph_xtcu6_10 layout-component text-serif-m layout-normal text-serif-m layout-padded\">Klubben som m\u00e5tte ta den tunge turen sammen med Skeid ned til andre divisjon ble Mj\u00f8ndalen. <\/p>\n<p class=\"_paragraph_o9xde_4 _paragraph_xtcu6_10 layout-component text-serif-m layout-normal text-serif-m layout-padded\">Nedrykket for dem s\u00e5 lenge ut som et selvf\u00f8lge, men de brunkledde tok to seiere p\u00e5 rappen f\u00f8r siste runde. <\/p>\n<p class=\"_paragraph_o9xde_4 _paragraph_xtcu6_10 layout-component text-serif-m layout-normal text-serif-m layout-padded\">Mot Egersund ble det for t\u00f8ft for bruntr\u00f8yene, noe som gir Moss muligheten til \u00e5 kjempe til seg ny kontrakt i OBOS-ligaen via kvalik. <\/p>\n<p class=\"_paragraph_o9xde_4 _paragraph_xtcu6_10 layout-component text-serif-m layout-normal text-serif-m layout-padded\">Moss spilte nemlig uavgjort mot Raufoss p\u00e5 hjemmebane. Det gj\u00f8r at Raufoss kunne puste lettet ut p\u00e5 trygg plass. <\/p>\n<p class=\"_paragraph_o9xde_4 _paragraph_xtcu6_10 layout-component text-serif-m layout-normal text-serif-m layout-padded\">Egersund sl\u00e5r f\u00f8lge med Kongsvinger, Aalesund og Ranheim til sluttspillet. <\/p>\n<p class=\"_paragraph_o9xde_4 _paragraph_xtcu6_10 layout-component text-serif-m layout-normal text-serif-m layout-padded\"><strong class=\"_strong_o9xde_25\">Tr\u00f8nderne vant 3\u20130 borte mot Sogndal og sn\u00f8t Lyn for sjetteplassen. <\/strong><\/p>\n","protected":false},"excerpt":{"rendered":"LSK ble historiske i Obos-ligaen, men p\u00e5 den siste dagen handlet alt om den elleville kampen om den&hellip;\n","protected":false},"author":2,"featured_media":81962,"comment_status":"","ping_status":"","sticky":false,"template":"","format":"standard","meta":{"footnotes":""},"categories":[5],"tags":[302,20,21,24,25,92,15,19,303,9833,22,23,17,18,13,30,28,29,14,337,16,26,27],"class_list":{"0":"post-81961","1":"post","2":"type-post","3":"status-publish","4":"format-standard","5":"has-post-thumbnail","7":"category-overskrifter","8":"tag-aalesunds-fk","9":"tag-breaking-news","10":"tag-breakingnews","11":"tag-featured-news","12":"tag-featurednews","13":"tag-fotball","14":"tag-headlines","15":"tag-hovedoppslag","16":"tag-ik-start","17":"tag-kongsvinger-il","18":"tag-latest-news","19":"tag-latestnews","20":"tag-main-news","21":"tag-mainnews","22":"tag-news","23":"tag-no","24":"tag-norge","25":"tag-norway","26":"tag-nyheter","27":"tag-obos-ligaen","28":"tag-overskrifter","29":"tag-top-stories","30":"tag-topstories"},"share_on_mastodon":{"url":"https:\/\/pubeurope.com\/@no\/115515233770398281","error":""},"_links":{"self":[{"href":"https:\/\/www.europesays.com\/no\/wp-json\/wp\/v2\/posts\/81961","targetHints":{"allow":["GET"]}}],"collection":[{"href":"https:\/\/www.europesays.com\/no\/wp-json\/wp\/v2\/posts"}],"about":[{"href":"https:\/\/www.europesays.com\/no\/wp-json\/wp\/v2\/types\/post"}],"author":[{"embeddable":true,"href":"https:\/\/www.europesays.com\/no\/wp-json\/wp\/v2\/users\/2"}],"replies":[{"embeddable":true,"href":"https:\/\/www.europesays.com\/no\/wp-json\/wp\/v2\/comments?post=81961"}],"version-history":[{"count":0,"href":"https:\/\/www.europesays.com\/no\/wp-json\/wp\/v2\/posts\/81961\/revisions"}],"wp:featuredmedia":[{"embeddable":true,"href":"https:\/\/www.europesays.com\/no\/wp-json\/wp\/v2\/media\/81962"}],"wp:attachment":[{"href":"https:\/\/www.europesays.com\/no\/wp-json\/wp\/v2\/media?parent=81961"}],"wp:term":[{"taxonomy":"category","embeddable":true,"href":"https:\/\/www.europesays.com\/no\/wp-json\/wp\/v2\/categories?post=81961"},{"taxonomy":"post_tag","embeddable":true,"href":"https:\/\/www.europesays.com\/no\/wp-json\/wp\/v2\/tags?post=81961"}],"curies":[{"name":"wp","href":"https:\/\/api.w.org\/{rel}","templated":true}]}}