{"id":81991,"date":"2025-11-08T18:02:17","date_gmt":"2025-11-08T18:02:17","guid":{"rendered":"https:\/\/www.europesays.com\/no\/81991\/"},"modified":"2025-11-08T18:02:17","modified_gmt":"2025-11-08T18:02:17","slug":"dette-hjertesukket-fikk-ordforer-til-a-reagere-med-en-advarende-pekefinger","status":"publish","type":"post","link":"https:\/\/www.europesays.com\/no\/81991\/","title":{"rendered":"Dette hjertesukket fikk\u00a0ordf\u00f8rer til \u00e5 reagere med en advarende pekefinger"},"content":{"rendered":"<p>Under formannskapsm\u00f8tet fjerde\u00a0november var<a href=\"https:\/\/www.tronderbladet.no\/nyheter\/n\/VzO1nd\/gang-paa-gang-stilte-politikerne-samme-spoersmaal-uten-aa-faa-svar-saa-signerte-de-avtalen-likevel\" rel=\"noopener nofollow\" target=\"_blank\">\u00a0saken om signering av utbyggingsavtalen av\u00a0Gims\u00f8ya\u00a0med TOBB oppe til behandling<\/a>.<\/p>\n<p>Dette ble dagen da kommune-tv sendte dagens mest interessante program. Dette satte den TV2-sendte championsleague-kampen p\u00e5 Aspmyra mellom Bod\u00f8\/ Glimt og Monaco i skyggen.<\/p>\n<p>Hva er de \u00f8konomiske forpliktelsene til kommunen i <a href=\"https:\/\/www.tronderbladet.no\/nyheter\/n\/B08Ax9\/tidenes-stoerste-byggeprosjekt-kan-bli-veltet-av-en-enkelt-stemme-vi-har-ingen-plan-b\" rel=\"noopener nofollow\" target=\"_blank\">Gims\u00f8yasaken, <\/a>var et sp\u00f8rsm\u00e5l som ble stilt flere ganger. Dette sp\u00f8rsm\u00e5let ble ikke besvart.<\/p>\n<p>Kanskje det ikke er noe svar p\u00e5 sp\u00f8rsm\u00e5let. Til slutt ble svaret at det har ingen konsekvenser for kommunen om man utsetter signering av avtalen fra r\u00e5dmannens representant.<\/p>\n<p>Det kan se ut til at fungerende r\u00e5dmann, som er ansatt for \u00e5 rydde opp i kommune\u00f8konomien, har glemt sitt mantra om \u00f8konomisk kontroll n\u00e5r det gjelder plan og utviklingsetaten han og er kommunalsjef for.<\/p>\n<p><strong>Jeg forst\u00e5r godt Lillian Ofstads oppgitthet over r\u00e5dmannens representant da hun spurte om man visste at kommunestyrets vedtak fra juni 2024 var bare tull da det ble vedtatt?<\/strong><\/p>\n<p>Dette hjertesukket fikk\u00a0ordf\u00f8rer til \u00e5 reagere med en advarende pekefinger.<\/p>\n<p><strong>Har aldri sett at ordf\u00f8rer reagere p\u00e5 at fungerende r\u00e5dmann\u00a0bryter inn n\u00e5r andre har ordet eller n\u00e5r fungerende r\u00e5dmann\u00a0 \u00abrefser\u00bb politikere.<\/strong><\/p>\n<p>Da r\u00e5dmannen m\u00e5tte slutte i mars var en av \u00e5rsakene at politiske vedtak ikke var fulgt opp, om jeg husker riktig. Har ikke sett at ordf\u00f8rer stiller samme krav til fungerende r\u00e5dmann n\u00e5r politiske vedtak n\u00e5 ikke er fulgt opp.<\/p>\n<p>Rolf Lund, Pensjonistpartiet<\/p>\n","protected":false},"excerpt":{"rendered":"Under formannskapsm\u00f8tet fjerde\u00a0november var\u00a0saken om signering av utbyggingsavtalen av\u00a0Gims\u00f8ya\u00a0med TOBB oppe til behandling. Dette ble dagen da kommune-tv&hellip;\n","protected":false},"author":2,"featured_media":81992,"comment_status":"","ping_status":"","sticky":false,"template":"","format":"standard","meta":{"footnotes":""},"categories":[10],"tags":[20,21,24,25,15,806,22,23,2382,13,30,28,29,14,16,26,27],"class_list":{"0":"post-81991","1":"post","2":"type-post","3":"status-publish","4":"format-standard","5":"has-post-thumbnail","7":"category-norge","8":"tag-breaking-news","9":"tag-breakingnews","10":"tag-featured-news","11":"tag-featurednews","12":"tag-headlines","13":"tag-kommuneokonomi","14":"tag-latest-news","15":"tag-latestnews","16":"tag-melhus-kommune","17":"tag-news","18":"tag-no","19":"tag-norge","20":"tag-norway","21":"tag-nyheter","22":"tag-overskrifter","23":"tag-top-stories","24":"tag-topstories"},"share_on_mastodon":{"url":"https:\/\/pubeurope.com\/@no\/115515394967501972","error":""},"_links":{"self":[{"href":"https:\/\/www.europesays.com\/no\/wp-json\/wp\/v2\/posts\/81991","targetHints":{"allow":["GET"]}}],"collection":[{"href":"https:\/\/www.europesays.com\/no\/wp-json\/wp\/v2\/posts"}],"about":[{"href":"https:\/\/www.europesays.com\/no\/wp-json\/wp\/v2\/types\/post"}],"author":[{"embeddable":true,"href":"https:\/\/www.europesays.com\/no\/wp-json\/wp\/v2\/users\/2"}],"replies":[{"embeddable":true,"href":"https:\/\/www.europesays.com\/no\/wp-json\/wp\/v2\/comments?post=81991"}],"version-history":[{"count":0,"href":"https:\/\/www.europesays.com\/no\/wp-json\/wp\/v2\/posts\/81991\/revisions"}],"wp:featuredmedia":[{"embeddable":true,"href":"https:\/\/www.europesays.com\/no\/wp-json\/wp\/v2\/media\/81992"}],"wp:attachment":[{"href":"https:\/\/www.europesays.com\/no\/wp-json\/wp\/v2\/media?parent=81991"}],"wp:term":[{"taxonomy":"category","embeddable":true,"href":"https:\/\/www.europesays.com\/no\/wp-json\/wp\/v2\/categories?post=81991"},{"taxonomy":"post_tag","embeddable":true,"href":"https:\/\/www.europesays.com\/no\/wp-json\/wp\/v2\/tags?post=81991"}],"curies":[{"name":"wp","href":"https:\/\/api.w.org\/{rel}","templated":true}]}}