{"id":82163,"date":"2025-11-08T22:21:34","date_gmt":"2025-11-08T22:21:34","guid":{"rendered":"https:\/\/www.europesays.com\/no\/82163\/"},"modified":"2025-11-08T22:21:34","modified_gmt":"2025-11-08T22:21:34","slug":"davina-mccall-avslorer-brystkreftdiagnose-etter-hjernesvulst","status":"publish","type":"post","link":"https:\/\/www.europesays.com\/no\/82163\/","title":{"rendered":"Davina McCall avsl\u00f8rer brystkreftdiagnose etter hjernesvulst"},"content":{"rendered":"<p class=\"kicker \" style=\"\">Davina McCall:<\/p>\n<p>  Den popul\u00e6re TV-profilen avsl\u00f8rer ny kreftdiagnose &#8211; bare ett \u00e5r etter at hun fikk fjernet en hjernesvulst.<\/p>\n<p>\n    SYK IGJEN: Davina McCall deler at hun nok en gang er kreftsyk. Foto: Pa Photos\/NTB\n  <\/p>\n<p>Det er i en video p\u00e5 <a href=\"https:\/\/www.instagram.com\/p\/DQyw-o9DSgl\/\" rel=\"nofollow noopener\" target=\"_blank\">Instagram<\/a> at Davina McCall (58) deler den sjokkerende nyheten om at hun n\u00e5 har f\u00e5tt brystkreft.\u00a0<\/p>\n<p>    <a itemprop=\"url\" href=\"https:\/\/www.seher.no\/kjendis\/har-ikke-tid\/83825896\" rel=\"nofollow noopener\" target=\"_blank\"><\/p>\n<p>      <img loading=\"lazy\" decoding=\"async\" src=\"https:\/\/www.europesays.com\/no\/wp-content\/uploads\/2025\/11\/83819645.webp\" width=\"980\" height=\"441\" title=\"- Har ikke tid\" alt=\"\" class=\"lazyload\" style=\"--aspect-ratio-image: 2.22; \"\/><\/p>\n<p>        &#8211; Har ikke tid<\/p>\n<p>    <\/a><\/p>\n<p>Hun oppdaget en kul i brystet for noen uker siden.\u00a0<\/p>\n<p>&#8211; Den kom og gikk litt, men s\u00e5 jobbet jeg p\u00e5 \u00abThe Masked Singer\u00bb og \u00abLorraine\u00bb og Lorraine Kelly hadde satt opp skilt p\u00e5 baksiden av d\u00f8ra med \u00absjekk brystene dine\u00bb. S\u00e5 hver gang jeg gikk p\u00e5 do, s\u00e5 gjorde jeg det, sier McCall.\u00a0<\/p>\n<p>Hun forteller at kulen ikke forsvant, og at hun en morgen bestemte seg for \u00e5 f\u00e5 den unders\u00f8kt. Etter en biopsi fikk hun beskjeden om at det var kreft.<\/p>\n<p>Kulen, som hun beskriver som \u00abveldig, veldig liten\u00bb, fikk hun fjernet for tre uker siden.<\/p>\n<p>    <a itemprop=\"url\" href=\"https:\/\/www.seher.no\/kjendis\/rorende-oyeblikk-pa-tur-savner-ham-hver-dag\/83824705\" rel=\"nofollow noopener\" target=\"_blank\"><\/p>\n<p>      <img loading=\"lazy\" decoding=\"async\" src=\"https:\/\/www.europesays.com\/no\/wp-content\/uploads\/2025\/11\/1762640494_834_83825054.webp\" width=\"980\" height=\"441\" title=\"R\u00f8rende \u00f8yeblikk p\u00e5 tur: - Savner ham hver dag\" alt=\"\" class=\"lazyload\" style=\"--aspect-ratio-image: 2.22; \"\/><\/p>\n<p>        R\u00f8rende \u00f8yeblikk p\u00e5 tur: &#8211; Savner ham hver dag<\/p>\n<p>    <\/a><\/p>\n<p>&#8211; Jeg er s\u00e5 lettet over \u00e5 ha f\u00e5tt det fjernet og \u00e5 vite at det ikke har spredt seg. Det var ingen spredning til lymfeknutene, s\u00e5 jeg trengte ikke \u00e5 f\u00e5 fjernet noen. Alt jeg skal gj\u00f8re n\u00e5 er fem dager med str\u00e5lebehandling i januar, som en slags forsikring, forklarte hun. <\/p>\n<p>Kreftdiagnosen kommer bare ett \u00e5r etter at McCall <a href=\"https:\/\/www.seher.no\/kjendis\/britisk-tv-stjerne-har-fatt-hjernesvulst\/82243966https:\/\/www.dagbladet.no\/kjendis\/britisk-tv-stjerne-har-fatt-hjernesvulst\/82243937\" rel=\"nofollow noopener\" target=\"_blank\">avsl\u00f8rte at hun hadde en godartet hjernesvulst<\/a>, som hun beskrev som \u00abveldig sjelden\u00bb.<\/p>\n<p>        VONDT: Det g\u00e5r ikke helt etter planen n\u00e5r komiker Javad El Bakali m\u00e5 farge h\u00e5ret under innspillingen av \u00abJaget\u00bb. N\u00e5 forteller han om smertene som oppstod like etter. Video: TVNorge\/HBO Max \/ Thea Hope\/ R\u00f8d L\u00f8per<\/p>\n<p>Svulsten ble funnet ved en tilfeldig helsesjekk, og ble fjernet kirurgisk.\u00a0<\/p>\n<p>McCall, kjent for \u00e5 ha v\u00e6rt programleder for \u00abBig Brother\u00bb, mistet s\u00f8steren sin til lungekreft i 2012.<\/p>\n<p><script async src=\"\/\/www.instagram.com\/embed.js\"><\/script><\/p>\n","protected":false},"excerpt":{"rendered":"Davina McCall: Den popul\u00e6re TV-profilen avsl\u00f8rer ny kreftdiagnose &#8211; bare ett \u00e5r etter at hun fikk fjernet en&hellip;\n","protected":false},"author":2,"featured_media":82164,"comment_status":"","ping_status":"","sticky":false,"template":"","format":"standard","meta":{"footnotes":""},"categories":[58],"tags":[2138,11094,71,479,2543,30,28,29,72],"class_list":{"0":"post-82163","1":"post","2":"type-post","3":"status-publish","4":"format-standard","5":"has-post-thumbnail","7":"category-underholdning","8":"tag-brystkreft","9":"tag-davina-mccall","10":"tag-entertainment","11":"tag-kjendis","12":"tag-kjendisdesken","13":"tag-no","14":"tag-norge","15":"tag-norway","16":"tag-underholdning"},"share_on_mastodon":{"url":"https:\/\/pubeurope.com\/@no\/115516413315180631","error":""},"_links":{"self":[{"href":"https:\/\/www.europesays.com\/no\/wp-json\/wp\/v2\/posts\/82163","targetHints":{"allow":["GET"]}}],"collection":[{"href":"https:\/\/www.europesays.com\/no\/wp-json\/wp\/v2\/posts"}],"about":[{"href":"https:\/\/www.europesays.com\/no\/wp-json\/wp\/v2\/types\/post"}],"author":[{"embeddable":true,"href":"https:\/\/www.europesays.com\/no\/wp-json\/wp\/v2\/users\/2"}],"replies":[{"embeddable":true,"href":"https:\/\/www.europesays.com\/no\/wp-json\/wp\/v2\/comments?post=82163"}],"version-history":[{"count":0,"href":"https:\/\/www.europesays.com\/no\/wp-json\/wp\/v2\/posts\/82163\/revisions"}],"wp:featuredmedia":[{"embeddable":true,"href":"https:\/\/www.europesays.com\/no\/wp-json\/wp\/v2\/media\/82164"}],"wp:attachment":[{"href":"https:\/\/www.europesays.com\/no\/wp-json\/wp\/v2\/media?parent=82163"}],"wp:term":[{"taxonomy":"category","embeddable":true,"href":"https:\/\/www.europesays.com\/no\/wp-json\/wp\/v2\/categories?post=82163"},{"taxonomy":"post_tag","embeddable":true,"href":"https:\/\/www.europesays.com\/no\/wp-json\/wp\/v2\/tags?post=82163"}],"curies":[{"name":"wp","href":"https:\/\/api.w.org\/{rel}","templated":true}]}}