{"id":82204,"date":"2025-11-08T23:56:27","date_gmt":"2025-11-08T23:56:27","guid":{"rendered":"https:\/\/www.europesays.com\/no\/82204\/"},"modified":"2025-11-08T23:56:27","modified_gmt":"2025-11-08T23:56:27","slug":"forsvaret-rakner-pokrovsk-blir-oppslukt","status":"publish","type":"post","link":"https:\/\/www.europesays.com\/no\/82204\/","title":{"rendered":"Forsvaret rakner: \u2013 Pokrovsk blir oppslukt"},"content":{"rendered":"<p><strong>Kampene i det \u00f8stlige Ukraina har n\u00e5 n\u00e5dd et kritisk punkt. Ukrainske styrker holder fortsatt ut i Pokrovsk, men flere kilder beskriver situasjonen som h\u00e5pl\u00f8s og stadig mer kaotisk.<\/strong><\/p>\n<p>If\u00f8lge <a href=\"https:\/\/kyivindependent.com\/ukraines-defense-of-pokrovsk-on-a-knife-edge-as-high-command-resists-calls-to-withdraw\/\" rel=\"nofollow noopener\" target=\"_blank\">The Kyiv Independent<\/a> fortsetter ukrainske soldater \u00e5 kjempe i og rundt byen Pokrovsk, til tross for vedvarende russiske angrep og faren for \u00e5 bli fullstendig omringet. Flere beskriver situasjonen som uoversiktlig og desperat, med blandede styrker i gatene og stadig skiftende frontlinjer.<\/p>\n<p>\u2013 Det er et kaos, med v\u00e5re soldater og fienden om hverandre, sa en ukrainsk dronepilot til avisen p\u00e5 betingelse av anonymitet.<\/p>\n<p>Etter at de ukrainske linjene s\u00f8r for byen br\u00f8t sammen, har russiske styrker str\u00f8mmet inn i omr\u00e5det. If\u00f8lge <a href=\"https:\/\/deepstatemap.live\/en#11\/48.3069476\/37.3123169\" rel=\"nofollow noopener\" target=\"_blank\">\u00e5pne kartdata<\/a> fra <a href=\"https:\/\/t.me\/s\/DeepStateUA\" rel=\"nofollow\">Telegram-kanalen Deep State<\/a>, som f\u00f8lges tett i Ukraina, er store deler av Pokrovsk n\u00e5 en s\u00e5kalt \u00abgr\u00e5sone\u00bb uten tydelig kontroll.<\/p>\n<p>Roman Pohorilyi, medgrunnlegger av Deep State-prosjektet, sier til Kyiv Independent at byen ikke lenger kan sies \u00e5 v\u00e6re \u00abomringet\u00bb \u2013 den blir rett og slett absorbert.<\/p>\n<p>\u2013 Fienden siver inn og etablerer stillinger, sa han.<\/p>\n<p><strong>Tap av utstyr og mannskap<\/strong><\/p>\n<p>Mangelen p\u00e5 forsyningslinjer og det h\u00f8ye presset fra russiske droner gj\u00f8r situasjonen enda verre.<\/p>\n<p>\u2013 For en m\u00e5ned siden sto \u00e9n \u00f8delagt bil p\u00e5 veien til fronten. N\u00e5 st\u00e5r det over ti, sa droneoperat\u00f8ren Artem Fysun fra enheten Peaky Blinders til avisen.<\/p>\n<p><a href=\"https:\/\/www.reuters.com\/world\/europe\/russia-says-its-forces-advance-pokrovsk-house-to-house-battles-2025-11-06\/\" rel=\"nofollow noopener\" target=\"_blank\">Reuters<\/a> melder at russiske styrker kjemper hus for hus i Pokrovsk, og at Moskva omtaler byen som \u00abporten til Donetsk\u00bb. If\u00f8lge det russiske <a href=\"https:\/\/tass.com\/politics\/2039965\" rel=\"nofollow noopener\" target=\"_blank\">forsvarsdepartementet har de erobret<\/a> flere titalls bygninger det siste d\u00f8gnet og rykket n\u00e6rmere byen Myrnohrad, som ligger tett p\u00e5 Pokrovsk, der de gjenv\u00e6rende ukrainske styrkene fortsatt fors\u00f8ker \u00e5 holde linjen.<\/p>\n<p>Kyiv har innr\u00f8mmet at situasjonen er vanskelig, men avviser at styrkene er omringet.<\/p>\n<p><strong>Intern kritikk mot ukrainsk ledelse<\/strong><\/p>\n<p>Flere ukrainske kommentatorer og veteraner stiller sp\u00f8rsm\u00e5l ved beslutningen om \u00e5 fortsette forsvaret av Pokrovsk og Myrnohrad.<\/p>\n<p>\u2013 Hvis ingen gir ordre om tilbaketrekning, kan vi miste mange av v\u00e5re mest erfarne soldater, skrev journalisten og frontfrivillige Vitalii Deineha p\u00e5 Facebook.<\/p>\n<p>Han advarer mot at falske rapporter og overdreven optimisme i Kyiv bidrar til \u00e5 forverre situasjonen.<\/p>\n<p>\u2013 I realiteten har vi praktisk talt mistet Pokrovsk. Det er ingen grunn til \u00e5 holde p\u00e5 Myrnohrad heller, la han til.<\/p>\n<p><strong>Politisk symbolkamp<\/strong><\/p>\n<p>B\u00e5de Russland og Ukraina ser ut til \u00e5 tillegge slaget om Pokrovsk stor symbolverdi f\u00f8r vinteren setter inn. President Volodymyr Zelenskyj bes\u00f8kte nylig omr\u00e5det for \u00e5 styrke moralen, slik han tidligere gjorde ved frontlinjene i Bakhmut og Avdiivka \u2013 begge byer som senere falt.<\/p>\n<p>Samtidig har Russland brukt fremgangen i Pokrovsk som et tegn p\u00e5 at offensiven i Donbas g\u00e5r som planlagt. M\u00e5let er \u00e5 ta full kontroll over regionen, skriver Reuters.<\/p>\n<p><strong>En by i ferd med \u00e5 forsvinne<\/strong><\/p>\n<p>Kampene fortsetter i gatene, og if\u00f8lge observat\u00f8rer fra begge sider er Pokrovsk n\u00e5 mer et \u00f8delagt slagfelt enn en fungerende by.<\/p>\n<p>\u2013 Pokrovsk er i ferd med \u00e5 bli oppslukt, sa en ukrainsk offiser til The Kyiv Independent.<br \/>\u2013 Vi kjemper gate for gate, men uten forsyninger og st\u00f8tte bakfra er det bare et sp\u00f8rsm\u00e5l om tid.<\/p>\n","protected":false},"excerpt":{"rendered":"Kampene i det \u00f8stlige Ukraina har n\u00e5 n\u00e5dd et kritisk punkt. Ukrainske styrker holder fortsatt ut i Pokrovsk,&hellip;\n","protected":false},"author":2,"featured_media":82205,"comment_status":"","ping_status":"","sticky":false,"template":"","format":"standard","meta":{"footnotes":""},"categories":[12],"tags":[20,21,24,25,15,179,22,23,13,30,28,29,14,16,9905,188,26,27,42,43,44,45,6495],"class_list":{"0":"post-82204","1":"post","2":"type-post","3":"status-publish","4":"format-standard","5":"has-post-thumbnail","7":"category-verden","8":"tag-breaking-news","9":"tag-breakingnews","10":"tag-featured-news","11":"tag-featurednews","12":"tag-headlines","13":"tag-krigen-i-ukraina","14":"tag-latest-news","15":"tag-latestnews","16":"tag-news","17":"tag-no","18":"tag-norge","19":"tag-norway","20":"tag-nyheter","21":"tag-overskrifter","22":"tag-pokrovsk","23":"tag-russland","24":"tag-top-stories","25":"tag-topstories","26":"tag-verden","27":"tag-world","28":"tag-world-news","29":"tag-worldnews","30":"tag-zelenskyj"},"share_on_mastodon":{"url":"https:\/\/pubeurope.com\/@no\/115516786807821358","error":""},"_links":{"self":[{"href":"https:\/\/www.europesays.com\/no\/wp-json\/wp\/v2\/posts\/82204","targetHints":{"allow":["GET"]}}],"collection":[{"href":"https:\/\/www.europesays.com\/no\/wp-json\/wp\/v2\/posts"}],"about":[{"href":"https:\/\/www.europesays.com\/no\/wp-json\/wp\/v2\/types\/post"}],"author":[{"embeddable":true,"href":"https:\/\/www.europesays.com\/no\/wp-json\/wp\/v2\/users\/2"}],"replies":[{"embeddable":true,"href":"https:\/\/www.europesays.com\/no\/wp-json\/wp\/v2\/comments?post=82204"}],"version-history":[{"count":0,"href":"https:\/\/www.europesays.com\/no\/wp-json\/wp\/v2\/posts\/82204\/revisions"}],"wp:featuredmedia":[{"embeddable":true,"href":"https:\/\/www.europesays.com\/no\/wp-json\/wp\/v2\/media\/82205"}],"wp:attachment":[{"href":"https:\/\/www.europesays.com\/no\/wp-json\/wp\/v2\/media?parent=82204"}],"wp:term":[{"taxonomy":"category","embeddable":true,"href":"https:\/\/www.europesays.com\/no\/wp-json\/wp\/v2\/categories?post=82204"},{"taxonomy":"post_tag","embeddable":true,"href":"https:\/\/www.europesays.com\/no\/wp-json\/wp\/v2\/tags?post=82204"}],"curies":[{"name":"wp","href":"https:\/\/api.w.org\/{rel}","templated":true}]}}