{"id":82216,"date":"2025-11-09T00:59:09","date_gmt":"2025-11-09T00:59:09","guid":{"rendered":"https:\/\/www.europesays.com\/no\/82216\/"},"modified":"2025-11-09T00:59:09","modified_gmt":"2025-11-09T00:59:09","slug":"fengsel-kongsvinger-innsatt-funnet-dod-i-kongsvinger-fengsel","status":"publish","type":"post","link":"https:\/\/www.europesays.com\/no\/82216\/","title":{"rendered":"Fengsel, Kongsvinger | Innsatt funnet d\u00f8d i Kongsvinger fengsel"},"content":{"rendered":"\n<p>En innsatt mann ble funnet d\u00f8d i Kongsvinger fengsel l\u00f8rdag.<\/p>\n<p>\u2013 Det er en mann som ble funnet d\u00f8d p\u00e5 cellen sin i Kongsvinger fengsel i dag, opplyser politiadvokat Elisabeth Palfi til <a rel=\"noopener nofollow\" href=\"https:\/\/www.vg.no\/nyheter\/i\/jQVr7o\/innsatt-funnet-doed-i-kongsvinger-fengsel\" target=\"_blank\">VG<\/a>.<\/p>\n<p>Politiet ble varslet av Kriminalomsorgen l\u00f8rdag ettermiddag klokken 13.27, sier Palfi.<\/p>\n<p>D\u00f8ds\u00e5rsaken er forel\u00f8pig ukjent, og den avd\u00f8de skal obduseres.\u00a0<\/p>\n<p>Politiet sier at det ikke er noen holdepunkter for at det har skjedd en straffbar handling.<\/p>\n<p>Kongsvinger fengsel ligger i Kongsvinger i Innlandet og er underlagt Kriminalomsorgens region nord\u00f8st.\u00a0<\/p>\n<p>Fengselet har to lokaliteter der den eldste ligger i sentrum av byen og den nye ligger p\u00e5 Vard\u00e5sen 2 kilometer lenger nord.\u00a0<\/p>\n<p>Fengselet har rundt 90 plasser.\u00a0<\/p>\n<p>  <a href=\"https:\/\/www.ostlendingen.no\/80-69-137662\" class=\"related-teaser has-image default-story-teaser article--c-eRUmMG article--c-eRUmMG-jKCPdD-design-default\" rel=\"nofollow noopener\" target=\"_blank\"><\/p>\n<p>    <img decoding=\"async\" loading=\"lazy\"  src=\"https:\/\/www.europesays.com\/no\/wp-content\/uploads\/2025\/11\/elgp%C3%A5kj%C3%B8rsel-sladdet2.jpg\" alt=\"\" class=\"brick-c-cFOWSL\" style=\"\"\/><\/p>\n<p>\n            Les ogs\u00e5<\/p>\n<p>              To til sjukehus etter elgp\u00e5kj\u00f8rsel i Elverum\n        <\/p>\n<p>  <\/a><\/p>\n<p>  <a href=\"https:\/\/www.ostlendingen.no\/80-69-137593\" class=\"related-teaser default-story-teaser article--c-eRUmMG article--c-eRUmMG-jKCPdD-design-default article--c-eRUmMG-kpKLOW-cv\" rel=\"nofollow noopener\" target=\"_blank\"><\/p>\n<p>\n            Les ogs\u00e5<\/p>\n<p>              Hevdet han ble sl\u00e5tt flere ganger\n        <\/p>\n<p>  <\/a><\/p>\n<p>  <a href=\"https:\/\/www.ostlendingen.no\/80-69-137587\" class=\"related-teaser default-story-teaser article--c-eRUmMG article--c-eRUmMG-jKCPdD-design-default article--c-eRUmMG-kpKLOW-cv\" rel=\"nofollow noopener\" target=\"_blank\"><\/p>\n<p>\n            Les ogs\u00e5<\/p>\n<p>              To mistet lappen for r\u00e5kj\u00f8ring\n        <\/p>\n<p>  <\/a><\/p>\n","protected":false},"excerpt":{"rendered":"En innsatt mann ble funnet d\u00f8d i Kongsvinger fengsel l\u00f8rdag. \u2013 Det er en mann som ble funnet&hellip;\n","protected":false},"author":2,"featured_media":286,"comment_status":"","ping_status":"","sticky":false,"template":"","format":"standard","meta":{"footnotes":""},"categories":[5],"tags":[36,20,21,24,25,2507,15,19,551,22,23,17,18,13,30,28,29,14,16,1510,26,27],"class_list":{"0":"post-82216","1":"post","2":"type-post","3":"status-publish","4":"format-standard","5":"has-post-thumbnail","7":"category-overskrifter","8":"tag-art","9":"tag-breaking-news","10":"tag-breakingnews","11":"tag-featured-news","12":"tag-featurednews","13":"tag-fengsel","14":"tag-headlines","15":"tag-hovedoppslag","16":"tag-kongsvinger","17":"tag-latest-news","18":"tag-latestnews","19":"tag-main-news","20":"tag-mainnews","21":"tag-news","22":"tag-no","23":"tag-norge","24":"tag-norway","25":"tag-nyheter","26":"tag-overskrifter","27":"tag-story","28":"tag-top-stories","29":"tag-topstories"},"share_on_mastodon":{"url":"https:\/\/pubeurope.com\/@no\/115517034616537580","error":""},"_links":{"self":[{"href":"https:\/\/www.europesays.com\/no\/wp-json\/wp\/v2\/posts\/82216","targetHints":{"allow":["GET"]}}],"collection":[{"href":"https:\/\/www.europesays.com\/no\/wp-json\/wp\/v2\/posts"}],"about":[{"href":"https:\/\/www.europesays.com\/no\/wp-json\/wp\/v2\/types\/post"}],"author":[{"embeddable":true,"href":"https:\/\/www.europesays.com\/no\/wp-json\/wp\/v2\/users\/2"}],"replies":[{"embeddable":true,"href":"https:\/\/www.europesays.com\/no\/wp-json\/wp\/v2\/comments?post=82216"}],"version-history":[{"count":0,"href":"https:\/\/www.europesays.com\/no\/wp-json\/wp\/v2\/posts\/82216\/revisions"}],"wp:featuredmedia":[{"embeddable":true,"href":"https:\/\/www.europesays.com\/no\/wp-json\/wp\/v2\/media\/286"}],"wp:attachment":[{"href":"https:\/\/www.europesays.com\/no\/wp-json\/wp\/v2\/media?parent=82216"}],"wp:term":[{"taxonomy":"category","embeddable":true,"href":"https:\/\/www.europesays.com\/no\/wp-json\/wp\/v2\/categories?post=82216"},{"taxonomy":"post_tag","embeddable":true,"href":"https:\/\/www.europesays.com\/no\/wp-json\/wp\/v2\/tags?post=82216"}],"curies":[{"name":"wp","href":"https:\/\/api.w.org\/{rel}","templated":true}]}}