{"id":82223,"date":"2025-11-09T01:39:09","date_gmt":"2025-11-09T01:39:09","guid":{"rendered":"https:\/\/www.europesays.com\/no\/82223\/"},"modified":"2025-11-09T01:39:09","modified_gmt":"2025-11-09T01:39:09","slug":"russisk-befal-dreper-sine-egne-i-ukraina","status":"publish","type":"post","link":"https:\/\/www.europesays.com\/no\/82223\/","title":{"rendered":"Russisk befal dreper sine egne i Ukraina"},"content":{"rendered":"\n<p class=\"_prefix_nfjwc_1 layout-padded\">Meninger<br \/>Kommentar<\/p>\n<p class=\"_lead_o9xde_2 _lead_xtcu6_50 layout-component text-serif-m layout-normal text-serif-l _lead_1eue0_21 layout-component layout-normal layout-padded layout-padded\">Vladimir Putin sliter kraftig med disiplinen blant sine krigsmenn.<\/p>\n<p>Skriver om krigen i Ukraina, sjakk, Formel 1, idrettspolitikk, m.m.. Utdannet ved NMBU og Moskvas statsuniversitet. Hobbybonde.<\/p>\n<p><a href=\"https:\/\/www.vg.no\/nyheter\/i\/93j20W\/mailto:ole.kristian.strom@vg.no\" class=\"_button_6bkpv_2 button-label-large _filled_6bkpv_106 _button_1t7m8_75\" rel=\"nofollow noopener\" target=\"_blank\">E-post<\/a><img alt=\"Ungdommer gjennomg\u00e5r v\u00e5pentrening i en russisk-patriotisk leir i Donetsk-regionen i den russiskokkuperte delen av Ukraina. Bildet er tatt 18. oktober 2025. De har ingen sammenheng med databasen til Vjortska. Foto: Alexander Ermochenko \/ Reuters \/ NTB\" class=\"_image_qp4xg_65 layout-component layout-wide\" data-fullscreen- data-track-element-type=\"Article image fullscreen\" data-track-name=\"ImageFullscreen\" fetchpriority=\"high\" decoding=\"sync\" loading=\"eager\" height=\"3739\" itemprop=\"image\"  src=\"https:\/\/www.europesays.com\/no\/wp-content\/uploads\/2025\/11\/503eefb5-bed7-436e-8048-2122a5a77a1b\"  style=\"object-position:0% 0%\" width=\"5609\"\/>Ungdommer gjennomg\u00e5r v\u00e5pentrening i en russisk-patriotisk leir i Donetsk-regionen i den russiskokkuperte delen av Ukraina. Bildet er tatt 18. oktober 2025. De har ingen sammenheng med databasen til Vjortska. Foto: Alexander Ermochenko \/ Reuters \/ NTBS\u00f8ndag 9. november kl. 02:08     <\/p>\n<p class=\"_paragraph_o9xde_4 _paragraph_xtcu6_10 layout-component text-serif-m layout-normal text-serif-m layout-padded\">Russisk befal dreper sine egne i Ukraina, avsl\u00f8rer det uavhengige russiske mediet <a href=\"https:\/\/verstka.media\/obnuliteli\" class=\"_link_o9xde_39\" rel=\"nofollow noopener\" target=\"_blank\">Vjorstka<\/a>.<\/p>\n<p class=\"_paragraph_o9xde_4 _paragraph_xtcu6_10 layout-component text-serif-m layout-normal text-serif-m layout-padded\">De har samlet en database med rundt 100 offiserer som beskyldes for \u00e5 ha drept sine medsoldater. <\/p>\n<p class=\"_paragraph_o9xde_4 _paragraph_xtcu6_10 layout-component text-serif-m layout-normal text-serif-m layout-padded\">Fem av dem er av president Vladimir Putin utnevnt til \u00abhelter av Russland\u00bb, if\u00f8lge Vjorstka.<\/p>\n<p class=\"_paragraph_o9xde_4 _paragraph_xtcu6_10 layout-component text-serif-m layout-normal text-serif-m layout-padded\">Journalistene har navn p\u00e5 150 soldater som har mistet livet, men tror at det er store m\u00f8rketall.<\/p>\n<p class=\"_paragraph_o9xde_4 _paragraph_xtcu6_10 layout-component text-serif-m layout-normal text-serif-m layout-padded\"><strong class=\"_strong_o9xde_25\">Her treffer en russisk drone \u2013 se video: <\/strong><\/p>\n<p class=\"_paragraph_o9xde_4 _paragraph_xtcu6_10 layout-component text-serif-m layout-normal text-serif-m layout-padded\">I russisk slang kalles de \u00abannulat\u00f8rer\u00bb, et ord som ironisk og kynisk brukes om russiske befal og soldater som tilintetgj\u00f8r sine egne, alts\u00e5 \u00abnullstiller\u00bb dem, som om de ikke eksisterer lenger.<\/p>\n<p class=\"_paragraph_o9xde_4 _paragraph_xtcu6_10 layout-component text-serif-m layout-normal text-serif-m layout-padded\">\u00c5sne Seierstad skriver i sin nye Russland-bok \u00abUfred\u00bb at den beste soldaten for den russiske h\u00e6ren er han som ingen vil savne.<\/p>\n<p class=\"_paragraph_o9xde_4 _paragraph_xtcu6_10 layout-component text-serif-m layout-normal text-serif-m layout-padded\">Nesten ingen av soldatene som kriger ved fronten i Ukraina er fra storbyer som Moskva og St. Petersburg. Rikingene og politikerne der sender i stedet sine d\u00f8tre og s\u00f8nner til prestisjefylte universiteter i Vesten &#8211; eller kanskje i Kina. Soldatene kommer fra det som russerne gjerne kaller for glubinkaglubinkaGlubinka er et russisk uttrykk som beskriver avsidesliggende eller landlige omr\u00e5der, ofte med lavere levestandard enn i byene., og som best kanskje kan oversettes med utkanten. Foreldrene deres f\u00e5r omtrent en halv million kroner om s\u00f8nnen deres skulle bli drept. Det er en formue hvis de bor i grisgrendte str\u00f8k, med l\u00f8nninger som bare er en br\u00f8kdel av niv\u00e5et i storbyene og der de skyh\u00f8yre soldatl\u00f8nnene trekker mange til milit\u00e6ret.<\/p>\n<p class=\"_paragraph_o9xde_4 _paragraph_xtcu6_10 layout-component text-serif-m layout-normal text-serif-m layout-padded\">Enkelte blir rett og slett sendt til fronten uten v\u00e5pen og n\u00f8dvendig utstyr, og blir lett bytte for fienden. Det er en l\u00f8sning om de ikke skal drepe dem selv. Men Vjorstka har ogs\u00e5 snakket med \u00f8yenvitner til rene henrettelser og utspekulert tortur.<\/p>\n<p><img alt=\"Ungdommer gjennomg\u00e5r v\u00e5pentrening p\u00e5 en russisk-patriotisk leir i den russiskokkuperte delen av Ukraina.  Foto: Alexander Ermochenko \/ Reuters \/ NTB\" class=\"_image_qp4xg_65 layout-component layout-normal\" data-fullscreen- data-track-element-type=\"Article image fullscreen\" data-track-name=\"ImageFullscreen\" decoding=\"async\" loading=\"lazy\" height=\"3029\" itemprop=\"image\"  src=\"https:\/\/www.europesays.com\/no\/wp-content\/uploads\/2025\/11\/53e6098a-4b60-4a3f-9058-9f96a28910f2\"  style=\"object-position:0% 0%\" width=\"4543\"\/>Ungdommer gjennomg\u00e5r v\u00e5pentrening p\u00e5 en russisk-patriotisk leir i den russiskokkuperte delen av Ukraina.  Foto: Alexander Ermochenko \/ Reuters \/ NTB<\/p>\n<p class=\"_paragraph_o9xde_4 _paragraph_xtcu6_10 layout-component text-serif-m layout-normal text-serif-m layout-padded\">De fleste av dem som st\u00e5r for dette er offiserer p\u00e5 lavere niv\u00e5, men det finnes ogs\u00e5 eksempler p\u00e5 vanlige soldater og offiserer av h\u00f8yere rang.<\/p>\n<p class=\"_paragraph_o9xde_4 _paragraph_xtcu6_10 layout-component text-serif-m layout-normal text-serif-m layout-padded\">Hvorfor de gj\u00f8r det? Ofte er det et fors\u00f8k p\u00e5 \u00e5 presse penger ut av soldatene, if\u00f8lge Vjorstka.<\/p>\n<p class=\"_paragraph_o9xde_4 _paragraph_xtcu6_10 layout-component text-serif-m layout-normal text-serif-m layout-padded\">Siden starten av den fullskala <a href=\"https:\/\/www.vg.no\/tag\/invasjonen-av-ukraina?utm_source=vg-article&amp;utm_medium=auto-tagger&amp;utm_campaign=93j20W\" class=\"_link_o9xde_39\" rel=\"nofollow noopener\" target=\"_blank\">krigen i Ukraina<\/a> har over 12.000 klager knyttet til overgrep mot soldater blitt sendt til den milit\u00e6re p\u00e5talemyndigheten, skriver Vjorstka. Likevel er det bare kjent ti straffesaker og fem dommer mot \u00abannulat\u00f8rene\u00bb. Nettstedet skriver at det finnes et uoffisielt forbud i den milit\u00e6re p\u00e5talemyndigheten mot \u00e5 behandle klager mot offiserer.<\/p>\n<p class=\"_paragraph_o9xde_4 _paragraph_xtcu6_10 layout-component text-serif-m layout-normal text-serif-m layout-padded\">Mens det, i hvert fall i starten, var et bredt spekter av ukrainere som vervet seg til krigen, handler det i Russland i stor grad om menn med lav utdanning, ofte minoriteter, fra fattigslige k\u00e5r og ofte ogs\u00e5 alkoholiserte som ser livet som soldat som en vei ut av fattigdommen.<\/p>\n<p class=\"_paragraph_o9xde_4 _paragraph_xtcu6_10 layout-component text-serif-m layout-normal text-serif-m layout-padded\"><strong class=\"_strong_o9xde_25\">Kan bli Putins mareritt \u2013 se video: <\/strong><\/p>\n<p class=\"_paragraph_o9xde_4 _paragraph_xtcu6_10 layout-component text-serif-m layout-normal text-serif-m layout-padded\">P\u00e5 den m\u00e5ten har Vladimir Putin klart \u00e5 holde krigen borte fra de store byene, der eventuelle protester mot myndighetene ville v\u00e6re st\u00f8rre og mer synlige enn p\u00e5 landet. <\/p>\n<p class=\"_paragraph_o9xde_4 _paragraph_xtcu6_10 layout-component text-serif-m layout-normal text-serif-m layout-padded\">B\u00e5de Kyiv og Moskva sliter med \u00e5 f\u00e5 nok soldater. N\u00e5 har Putin, if\u00f8lge det uavhengige nettstedet <a href=\"https:\/\/meduza.io\/cards\/vlasti-reshili-otpravlyat-rezervistov-minoborony-na-spetsialnye-sbory-oni-sluchayno-ne-gotovyat-novuyu-mobilizatsiyu\" class=\"_link_o9xde_39\" rel=\"nofollow noopener\" target=\"_blank\">Meduza<\/a>, innf\u00f8rt det de kaller \u00abstille mobilisering\u00bb, ved at parlamentet har vedtatt en lov som gir staten rett til \u00e5 kalle inn reservisterreservisterReservister er personer som har fullf\u00f8rt sin milit\u00e6rtjeneste, men som kan bli kalt tilbake til tjeneste i tilfelle krig eller nasjonal krise.<br \/>\n for \u00e5 beskytte \u00abkritisk infrastruktur\u00bb\u00abkritisk infrastruktur\u00bbKritisk infrastruktur refererer til viktige anlegg og systemer som er essensielle for et lands sikkerhet og velferd, som energiforsyning, transport og kommunikasjon.. I praksis vil dette trolig inneb\u00e6re \u00e5 forsvare energi-, transport- og industrifasiliteter mot ukrainske droneangrep.<\/p>\n<p class=\"_paragraph_o9xde_4 _paragraph_xtcu6_10 layout-component text-serif-m layout-normal text-serif-m layout-padded\">\u00abSelv om en ny runde med mobilisering ikke kan utelukkes, ser Russlands nye reservistlov mer ut som en mekanisme for \u00e5 trekke folk inn i milit\u00e6rtjeneste uten \u00e5 ty til en direkte masseinnkalling\u00bb, skriver Meduza.<\/p>\n<p class=\"_paragraph_o9xde_4 _paragraph_xtcu6_10 layout-component text-serif-m layout-normal text-serif-m layout-padded\">Vladimir Putin skj\u00f8nner at en st\u00f8rre mobilisering vil v\u00e6re upopul\u00e6r \u2013 n\u00e5r vi n\u00e5 n\u00e6rmer oss fire \u00e5r siden han skulle innta Kyiv i l\u00f8pet av f\u00e5 dager. Putins skrekk er uro blant folk flest i Moskva og St. Petersburg. Derfor pr\u00f8ver han \u00e5 holde misn\u00f8yen nede.<\/p>\n<p class=\"_paragraph_o9xde_4 _paragraph_xtcu6_10 layout-component text-serif-m layout-normal text-serif-m layout-padded\">PS: En russisk soldat ble torsdag d\u00f8mt til livsvarig fengsel av en ukrainsk rett. Han ble funnet skyldig i \u00e5 ha drept en ukrainsk krigsfange. Det er f\u00f8rste gang at Ukraina har kunnet fengsle en russisk soldat for en slik forbrytelse.<\/p>\n<p>   Dette er en kommentar. Kommentaren gir uttrykk for skribentens holdning. <\/p>\n","protected":false},"excerpt":{"rendered":"MeningerKommentar Vladimir Putin sliter kraftig med disiplinen blant sine krigsmenn. Skriver om krigen i Ukraina, sjakk, Formel 1,&hellip;\n","protected":false},"author":2,"featured_media":82224,"comment_status":"","ping_status":"","sticky":false,"template":"","format":"standard","meta":{"footnotes":""},"categories":[12],"tags":[20,21,24,25,15,179,22,23,13,30,28,29,14,16,188,26,27,42,43,44,45],"class_list":{"0":"post-82223","1":"post","2":"type-post","3":"status-publish","4":"format-standard","5":"has-post-thumbnail","7":"category-verden","8":"tag-breaking-news","9":"tag-breakingnews","10":"tag-featured-news","11":"tag-featurednews","12":"tag-headlines","13":"tag-krigen-i-ukraina","14":"tag-latest-news","15":"tag-latestnews","16":"tag-news","17":"tag-no","18":"tag-norge","19":"tag-norway","20":"tag-nyheter","21":"tag-overskrifter","22":"tag-russland","23":"tag-top-stories","24":"tag-topstories","25":"tag-verden","26":"tag-world","27":"tag-world-news","28":"tag-worldnews"},"share_on_mastodon":{"url":"https:\/\/pubeurope.com\/@no\/115517191948240979","error":""},"_links":{"self":[{"href":"https:\/\/www.europesays.com\/no\/wp-json\/wp\/v2\/posts\/82223","targetHints":{"allow":["GET"]}}],"collection":[{"href":"https:\/\/www.europesays.com\/no\/wp-json\/wp\/v2\/posts"}],"about":[{"href":"https:\/\/www.europesays.com\/no\/wp-json\/wp\/v2\/types\/post"}],"author":[{"embeddable":true,"href":"https:\/\/www.europesays.com\/no\/wp-json\/wp\/v2\/users\/2"}],"replies":[{"embeddable":true,"href":"https:\/\/www.europesays.com\/no\/wp-json\/wp\/v2\/comments?post=82223"}],"version-history":[{"count":0,"href":"https:\/\/www.europesays.com\/no\/wp-json\/wp\/v2\/posts\/82223\/revisions"}],"wp:featuredmedia":[{"embeddable":true,"href":"https:\/\/www.europesays.com\/no\/wp-json\/wp\/v2\/media\/82224"}],"wp:attachment":[{"href":"https:\/\/www.europesays.com\/no\/wp-json\/wp\/v2\/media?parent=82223"}],"wp:term":[{"taxonomy":"category","embeddable":true,"href":"https:\/\/www.europesays.com\/no\/wp-json\/wp\/v2\/categories?post=82223"},{"taxonomy":"post_tag","embeddable":true,"href":"https:\/\/www.europesays.com\/no\/wp-json\/wp\/v2\/tags?post=82223"}],"curies":[{"name":"wp","href":"https:\/\/api.w.org\/{rel}","templated":true}]}}